{"id":9998,"date":"2025-07-04T21:24:56","date_gmt":"2025-07-04T21:24:56","guid":{"rendered":"https:\/\/verdadincomodadiario.ar\/?p=9998"},"modified":"2025-07-04T21:24:56","modified_gmt":"2025-07-04T21:24:56","slug":"pemex-en-la-mira-de-ee-uu-por-suministrar-petroleo-a-la-dictadura-cubana","status":"publish","type":"post","link":"https:\/\/verdadincomodadiario.ar\/?p=9998","title":{"rendered":"Pemex en la mira de EE.UU. por suministrar petr\u00f3leo a la dictadura cubana."},"content":{"rendered":"<p><strong>Pemex<\/strong> vuelve a colocarse en el centro de una <strong>tormenta diplom\u00e1tica y econ\u00f3mica.<\/strong> Diversos medios internacionales y analistas energ\u00e9ticos han advertido que <strong>el gobierno de Estados Unidos podr\u00eda ejercer presi\u00f3n o imponer sanciones<\/strong> contra la petrolera mexicana por los <strong>env\u00edos de petr\u00f3leo al <a href=\"https:\/\/derechadiario.com.ar\/mexico\/politica\/fuera-mascaras-morena-evidencia-su-admiracion-por-dictadura-cubana\" title=\"Del populismo al totalitarismo: Morena dice que Cuba no es una dictadura\">r\u00e9gimen comunista de Cuba.<\/a><\/strong><\/p>\n<p>Los se\u00f1alamientos se originan a ra\u00edz de investigaciones que revelan c\u00f3mo <strong>Pemex ha realizado m\u00faltiples embarques de crudo hacia la isla caribe\u00f1a.<\/strong> Todo bajo el amparo del gobierno de Morena.<\/p>\n<p>Esta acci\u00f3n contradice por completo la pol\u00edtica de sanciones establecida por <strong>Washington<\/strong> contra el r\u00e9gimen de <strong>Miguel D\u00edaz-Canel.<\/strong> Adem\u00e1s, coloca a <strong>M\u00e9xico<\/strong> en una posici\u00f3n ambigua frente a la <strong>defensa de los derechos humanos y la democracia en la regi\u00f3n.<\/strong><\/p>\n<p><img decoding=\"async\" class=\"img-responsive previewImg\" src=\"https:\/\/filesedc.com\/uploads\/image\/post\/2025\/07\/marco4_1200_800.webp\"><\/p>\n<h2><strong>Regalos a una dictadura en crisis<\/strong><\/h2>\n<p>El gobierno de <a href=\"https:\/\/derechadiario.com.ar\/mexico\/economia\/amlo-sabia-del-rebrote-del-gusano-barrenador-lo-ignoro-por-completo\" title=\"Gobierno de AMLO ignor\u00f3 las advertencias del rebrote del gusano barrenador\"><strong>L\u00f3pez Obrador<\/strong><\/a> ha sido reiteradamente criticado por su tibia postura frente a <strong>gobiernos autoritarios<\/strong>. <strong>Cuba<\/strong>, <strong>Nicaragua<\/strong> y <strong>Venezuela<\/strong> han sido constantemente <strong>defendidos por el presidente mexicano<\/strong> como v\u00edctimas de campa\u00f1as medi\u00e1ticas. Sin embargo, el gobierno ignora sistem\u00e1ticamente las <strong>graves violaciones a los derechos humanos<\/strong> que en esos pa\u00edses se documentan a\u00f1o tras a\u00f1o.<\/p>\n<p>En el caso cubano, <strong>la situaci\u00f3n se ha tornado insostenible<\/strong>. La isla vive una <strong>crisis energ\u00e9tica severa<\/strong>, y el <strong>petr\u00f3leo mexicano ha servido como salvavidas para sostener al r\u00e9gimen, al menos parcialmente<\/strong>. Seg\u00fan expertos, estos env\u00edos constituyen una especie de \u201cayuda encubierta\u201d disfrazada de cooperaci\u00f3n bilateral.<\/p>\n<p>Pero afirman que suministrar con recursos a la isla puede interpretarse como <strong>una forma de respaldo pol\u00edtico al comunismo cubano.<\/strong><\/p>\n<p><strong>Estados Unidos<\/strong> mantiene un <strong>embargo econ\u00f3mico<\/strong> contra la isla y observa con especial atenci\u00f3n cualquier maniobra que fortalezca su capacidad operativa. Por ello, <strong>Pemex podr\u00eda estar violando indirectamente disposiciones estadounidenses<\/strong>, lo que traer\u00eda consecuencias serias en las relaciones bilaterales.<\/p>\n<p><img decoding=\"async\" class=\"img-responsive previewImg\" src=\"https:\/\/filesedc.com\/uploads\/image\/post\/2025\/07\/marco2_1200_800.webp\"><\/p>\n<h2><strong>Morena: de la soberan\u00eda energ\u00e9tica al servilismo ideol\u00f3gico<\/strong><\/h2>\n<p>El discurso del <strong>gobierno de Morena<\/strong> ha insistido en una supuesta defensa de la <strong>soberan\u00eda energ\u00e9tica<\/strong>, enarbolando a <a href=\"https:\/\/derechadiario.com.ar\/mexico\/politica\/senado-aprobo-reforma-para-armar-funcionarios-empresas-paraestatales\" title=\"Senado aprob\u00f3 reforma para que funcionarios del SAT, Pemex y CFE puedan portar armas\"><strong>Pemex<\/strong><\/a> como estandarte del nacionalismo. Sin embargo, las acciones dicen otra cosa.<\/p>\n<p>Lejos de fortalecer a la empresa para el beneficio de los mexicanos, <strong>se est\u00e1 utilizando como herramienta ideol\u00f3gica para apoyar reg\u00edmenes<\/strong> afines a la visi\u00f3n pol\u00edtica del oficialismo.<\/p>\n<p><img decoding=\"async\" class=\"img-responsive previewImg\" src=\"https:\/\/filesedc.com\/uploads\/image\/post\/2025\/07\/marco3_1200_800.webp\"><\/p>\n<p>Mientras tanto, <strong>la situaci\u00f3n financiera de Pemex es alarmante<\/strong>. La empresa tiene <strong>la deuda m\u00e1s alta de cualquier petrolera estatal en el mundo<\/strong> y enfrenta una ca\u00edda en la producci\u00f3n y problemas de liquidez. A pesar de esto, <strong>el gobierno prefiere destinar recursos a sostener una dictadura<\/strong> en lugar de invertir en modernizar infraestructura o sanear sus finanzas.<\/p>\n<p>De aplicarse sanciones, el golpe no ser\u00eda menor. <strong>M\u00e9xico<\/strong> tiene fuertes v\u00ednculos comerciales con <strong>Estados Unidos<\/strong>, y una fricci\u00f3n en este sector energ\u00e9tico podr\u00eda traducirse en mayores costos para <a href=\"https:\/\/derechadiario.com.ar\/mexico\/politica\/senado-aprobo-reforma-para-armar-funcionarios-empresas-paraestatales\" title=\"Senado aprob\u00f3 reforma para que funcionarios del SAT, Pemex y CFE puedan portar armas\"><strong>Pemex<\/strong><\/a>. Menores exportaciones, restricciones en operaciones bancarias o incluso la congelaci\u00f3n de activos en el extranjero, que no <strong>da\u00f1ar\u00eda solo a la paraestatal, sino tambi\u00e9n a la econom\u00eda nacional.<\/strong><\/p>\n<p><img decoding=\"async\" class=\"img-responsive previewImg\" src=\"https:\/\/filesedc.com\/uploads\/image\/post\/2025\/07\/marco1_1200_800.webp\"><\/p>\n<h2><strong>Un error que puede costar caro<\/strong><\/h2>\n<p>La <strong>diplomacia energ\u00e9tica<\/strong> mal entendida puede salir muy cara. <strong>M\u00e9xico<\/strong> se arriesga a tensar sus relaciones con su principal socio comercial por beneficiar a una <a href=\"https:\/\/derechadiario.com.ar\/mexico\/politica\/fuera-mascaras-morena-evidencia-su-admiracion-por-dictadura-cubana\" title=\"Del populismo al totalitarismo: Morena dice que Cuba no es una dictadura\"><strong>dictadura fracasada<\/strong><\/a>. Todo mientras abandona sus propias promesas de <strong>fortalecer al sector energ\u00e9tico con visi\u00f3n t\u00e9cnica y profesional.<\/strong><\/p>\n<p>En lugar de actuar con prudencia y responsabilidad, el <strong>gobierno de Morena utiliza Pemex como si fuera un instrumento pol\u00edtico<\/strong> al servicio de causas ideol\u00f3gicas. Lo hace en detrimento de los mexicanos, que <strong>cada vez pagan m\u00e1s caro el combustible<\/strong>, mientras su empresa estatal regala recursos a gobiernos represores.<\/p>\n","protected":false},"excerpt":{"rendered":"<p>Pemex vuelve a colocarse en el centro de una tormenta diplom\u00e1tica y econ\u00f3mica. Diversos medios internacionales y analistas energ\u00e9ticos han advertido que el gobierno de Estados Unidos podr\u00eda ejercer presi\u00f3n o imponer sanciones contra la petrolera mexicana por los env\u00edos de petr\u00f3leo al r\u00e9gimen comunista de Cuba. Los se\u00f1alamientos se originan a ra\u00edz de investigaciones [&hellip;]<\/p>\n","protected":false},"author":2,"featured_media":9999,"comment_status":"open","ping_status":"open","sticky":false,"template":"","format":"standard","meta":{"_et_pb_use_builder":"","_et_pb_old_content":"","_et_gb_content_width":"","footnotes":""},"categories":[84],"tags":[],"class_list":["post-9998","post","type-post","status-publish","format-standard","has-post-thumbnail","hentry","category-ultimomomento"],"_links":{"self":[{"href":"https:\/\/verdadincomodadiario.ar\/index.php?rest_route=\/wp\/v2\/posts\/9998","targetHints":{"allow":["GET"]}}],"collection":[{"href":"https:\/\/verdadincomodadiario.ar\/index.php?rest_route=\/wp\/v2\/posts"}],"about":[{"href":"https:\/\/verdadincomodadiario.ar\/index.php?rest_route=\/wp\/v2\/types\/post"}],"author":[{"embeddable":true,"href":"https:\/\/verdadincomodadiario.ar\/index.php?rest_route=\/wp\/v2\/users\/2"}],"replies":[{"embeddable":true,"href":"https:\/\/verdadincomodadiario.ar\/index.php?rest_route=%2Fwp%2Fv2%2Fcomments&post=9998"}],"version-history":[{"count":0,"href":"https:\/\/verdadincomodadiario.ar\/index.php?rest_route=\/wp\/v2\/posts\/9998\/revisions"}],"wp:featuredmedia":[{"embeddable":true,"href":"https:\/\/verdadincomodadiario.ar\/index.php?rest_route=\/wp\/v2\/media\/9999"}],"wp:attachment":[{"href":"https:\/\/verdadincomodadiario.ar\/index.php?rest_route=%2Fwp%2Fv2%2Fmedia&parent=9998"}],"wp:term":[{"taxonomy":"category","embeddable":true,"href":"https:\/\/verdadincomodadiario.ar\/index.php?rest_route=%2Fwp%2Fv2%2Fcategories&post=9998"},{"taxonomy":"post_tag","embeddable":true,"href":"https:\/\/verdadincomodadiario.ar\/index.php?rest_route=%2Fwp%2Fv2%2Ftags&post=9998"}],"curies":[{"name":"wp","href":"https:\/\/api.w.org\/{rel}","templated":true}]}}