{"id":9992,"date":"2025-07-04T21:24:59","date_gmt":"2025-07-04T21:24:59","guid":{"rendered":"https:\/\/verdadincomodadiario.ar\/?p=9992"},"modified":"2025-07-04T21:24:59","modified_gmt":"2025-07-04T21:24:59","slug":"ovidio-guzman-habria-revelado-vinculos-entre-vector-y-el-cartel-de-sinaloa","status":"publish","type":"post","link":"https:\/\/verdadincomodadiario.ar\/?p=9992","title":{"rendered":"Ovidio Guzm\u00e1n habr\u00eda revelado v\u00ednculos entre Vector  y el C\u00e1rtel de Sinaloa"},"content":{"rendered":"<p>El caso contra <strong>Vector Casa de Bolsa<\/strong>, propiedad de <strong>Alfonso Romo<\/strong>, exjefe de la <strong>Oficina de la Presidencia<\/strong> de <a href=\"https:\/\/derechadiario.com.ar\/mexico\/politica\/trump-tenia-razoneeuu-exige-tratar-carteles-mexicanos-como-terroristas\" title=\"Trump ten\u00eda raz\u00f3n: EE.UU. exige tratar a c\u00e1rteles mexicanos como terroristas\"><strong>AMLO<\/strong><\/a>, podr\u00eda dar un <strong>giro dram\u00e1tico<\/strong>. Fuentes cercanas a la investigaci\u00f3n revelaron que <strong>Ovidio Guzm\u00e1n<\/strong>, alias \u201cEl Rat\u00f3n\u201d, <strong>habr\u00eda ofrecido a las autoridades estadounidenses informaci\u00f3n clave sobre las operaciones financieras del <a href=\"https:\/\/derechadiario.com.ar\/mexico\/politica\/trump-tenia-razoneeuu-exige-tratar-carteles-mexicanos-como-terroristas\" title=\"Trump ten\u00eda raz\u00f3n: EE.UU. exige tratar a c\u00e1rteles mexicanos como terroristas\">C\u00e1rtel de Sinaloa<\/a><\/strong>.<\/p>\n<p>Esto incluye presuntos <strong>v\u00ednculos con figuras cercanas al gobierno de Morena<\/strong>, como parte de su estrategia para negociar <strong>una reducci\u00f3n de pena o beneficios procesales<\/strong>.<\/p>\n<p>De acuerdo con el periodista <strong>Jos\u00e9 Luis Montenegro<\/strong>, la declaraci\u00f3n de <strong>Ovidio<\/strong> ante la justicia estadounidense <strong>involucrar\u00eda directamente a la <a href=\"https:\/\/derechadiario.com.ar\/mexico\/politica\/fgr-investiga-vector-por-recibir-dinero-del-cartel-sinaloa\" title=\"FGR investiga a Vector por recibir dinero del Cartel de Sinaloa.\">casa de bolsa Vector<\/a><\/strong>. La firma fue recientemente investigada <strong>por recibir una transferencia de 100 millones de pesos de una empresa fachada ligada al narcotr\u00e1fico<\/strong>.<\/p>\n<p>Este movimiento podr\u00eda ser solo la punta del iceberg de una <strong>red financiera utilizada para lavar dinero<\/strong> a trav\u00e9s de instituciones que aparentan legalidad.<\/p>\n<h2>\n<img decoding=\"async\" class=\"img-responsive previewImg\" src=\"https:\/\/filesedc.com\/uploads\/image\/post\/2025\/07\/romo2_1200_800.webp\">Narco, finanzas y pol\u00edtica: el tri\u00e1ngulo de la impunidad<\/h2>\n<p><strong>El presunto v\u00ednculo entre Vector y el C\u00e1rtel de Sinaloa ha sido objeto de escrutinio<\/strong> desde que se revel\u00f3 que <strong>la empresa recibi\u00f3 fondos de una fachada del grupo criminal<\/strong>.<\/p>\n<p>La posibilidad de que <strong>el testimonio de Ovidio Guzm\u00e1n<\/strong> haya encendido alertas en <strong>Washington<\/strong> plantea un nuevo escenario. Se sugiere que <strong>el narcotr\u00e1fico mexicano logr\u00f3 comprar silencio dentro del sistema financiero<\/strong>, con protecci\u00f3n pol\u00edtica incluida.<\/p>\n<p><img decoding=\"async\" class=\"img-responsive previewImg\" src=\"https:\/\/filesedc.com\/uploads\/image\/post\/2025\/07\/romo4_1200_800.webp\"><\/p>\n<p><strong>Alfonso Romo<\/strong>, due\u00f1o de <strong>Vector<\/strong>, fue uno de los operadores empresariales m\u00e1s cercanos a <strong>Andr\u00e9s Manuel L\u00f3pez Obrador<\/strong>. Su influencia durante el sexenio fue clave en la pol\u00edtica econ\u00f3mica del oficialismo.<\/p>\n<p>Que ahora su firma est\u00e9 <strong>bajo investigaci\u00f3n por <a href=\"https:\/\/derechadiario.com.ar\/mexico\/politica\/fgr-investiga-vector-por-recibir-dinero-del-cartel-sinaloa\" title=\"FGR investiga a Vector por recibir dinero del Cartel de Sinaloa.\">lavado de dinero del narco<\/a><\/strong> representa un golpe directo al discurso de \u201chonestidad valiente\u201d con el que <strong>Morena<\/strong> se ha escudado por a\u00f1os.<\/p>\n<p>Peor a\u00fan, <strong>Ovidio Guzm\u00e1n<\/strong> habr\u00eda delatado estas conexiones como <strong>moneda de cambio ante Estados Unidos<\/strong>. Esto sugiere que el <strong>narcotr\u00e1fico penetr\u00f3 m\u00e1s profundamente de lo que la 4T admite<\/strong>.<\/p>\n<p><img decoding=\"async\" class=\"img-responsive previewImg\" src=\"https:\/\/filesedc.com\/uploads\/image\/post\/2025\/07\/romo3_1200_800.webp\"><\/p>\n<h2><strong>Morena, atrapada entre su ret\u00f3rica y la realidad<\/strong><\/h2>\n<p>Este esc\u00e1ndalo se suma a una <strong>larga lista de contradicciones del oficialismo<\/strong>. Mientras desde <strong><a href=\"https:\/\/derechadiario.com.ar\/mexico\/politica\/huachicol-sedena-compro-combustible-robado-que-uso-para-construir-aifa\" title=\"Huachicol: SEDENA compr\u00f3 combustible robado que us\u00f3 para construir el AIFA\">Palacio Nacional<\/a><\/strong> se insiste en que el crimen se combate \u201ccomo nunca antes\u201d, la evidencia apunta a complicidad, omisiones y falta de castigo.<\/p>\n<p>Si se confirma lo declarado por <strong>Ovidio Guzm\u00e1n<\/strong>, estar\u00edamos frente a una <strong>red de colusi\u00f3n entre empresarios afines a AMLO y el crimen organizado<\/strong>.<\/p>\n<p>Hasta el momento, ni la <strong>Fiscal\u00eda General de la Rep\u00fablica<\/strong> ni el gobierno federal han emitido postura sobre este <strong>\u00e1ngulo de la investigaci\u00f3n<\/strong>. Como ya es costumbre, la opacidad reina.<\/p>\n<p><img decoding=\"async\" class=\"img-responsive previewImg\" src=\"https:\/\/filesedc.com\/uploads\/image\/post\/2025\/07\/romo1_1200_800.webp\"><\/p>\n<p><strong>El gobierno de Claudia Sheinbaum<\/strong> tampoco ha mostrado inter\u00e9s alguno en esclarecer los <strong>v\u00ednculos entre sus aliados pol\u00edticos y los esc\u00e1ndalos financieros<\/strong> que los rodean.<\/p>\n<p><strong>El riesgo para M\u00e9xico es enorme<\/strong>. Si se confirma que <strong>la administraci\u00f3n anterior permiti\u00f3 el lavado de dinero del <a href=\"https:\/\/derechadiario.com.ar\/mexico\/politica\/fgr-investiga-vector-por-recibir-dinero-del-cartel-sinaloa\" title=\"FGR investiga a Vector por recibir dinero del Cartel de Sinaloa.\">C\u00e1rtel de Sinaloa<\/a><\/strong>, y que lo hizo mediante <strong>una instituci\u00f3n financiera vinculada al poder<\/strong>, el caso no se limitar\u00eda a un esc\u00e1ndalo de <strong>corrupci\u00f3n<\/strong>. Estar\u00edamos ante una <strong>crisis institucional profunda<\/strong>, con la <strong>complicidad del Estado con el crimen organizado<\/strong> en el coraz\u00f3n del sistema.<\/p>\n","protected":false},"excerpt":{"rendered":"<p>El caso contra Vector Casa de Bolsa, propiedad de Alfonso Romo, exjefe de la Oficina de la Presidencia de AMLO, podr\u00eda dar un giro dram\u00e1tico. Fuentes cercanas a la investigaci\u00f3n revelaron que Ovidio Guzm\u00e1n, alias \u201cEl Rat\u00f3n\u201d, habr\u00eda ofrecido a las autoridades estadounidenses informaci\u00f3n clave sobre las operaciones financieras del C\u00e1rtel de Sinaloa. Esto incluye [&hellip;]<\/p>\n","protected":false},"author":2,"featured_media":9993,"comment_status":"open","ping_status":"open","sticky":false,"template":"","format":"standard","meta":{"_et_pb_use_builder":"","_et_pb_old_content":"","_et_gb_content_width":"","footnotes":""},"categories":[84],"tags":[],"class_list":["post-9992","post","type-post","status-publish","format-standard","has-post-thumbnail","hentry","category-ultimomomento"],"_links":{"self":[{"href":"https:\/\/verdadincomodadiario.ar\/index.php?rest_route=\/wp\/v2\/posts\/9992","targetHints":{"allow":["GET"]}}],"collection":[{"href":"https:\/\/verdadincomodadiario.ar\/index.php?rest_route=\/wp\/v2\/posts"}],"about":[{"href":"https:\/\/verdadincomodadiario.ar\/index.php?rest_route=\/wp\/v2\/types\/post"}],"author":[{"embeddable":true,"href":"https:\/\/verdadincomodadiario.ar\/index.php?rest_route=\/wp\/v2\/users\/2"}],"replies":[{"embeddable":true,"href":"https:\/\/verdadincomodadiario.ar\/index.php?rest_route=%2Fwp%2Fv2%2Fcomments&post=9992"}],"version-history":[{"count":0,"href":"https:\/\/verdadincomodadiario.ar\/index.php?rest_route=\/wp\/v2\/posts\/9992\/revisions"}],"wp:featuredmedia":[{"embeddable":true,"href":"https:\/\/verdadincomodadiario.ar\/index.php?rest_route=\/wp\/v2\/media\/9993"}],"wp:attachment":[{"href":"https:\/\/verdadincomodadiario.ar\/index.php?rest_route=%2Fwp%2Fv2%2Fmedia&parent=9992"}],"wp:term":[{"taxonomy":"category","embeddable":true,"href":"https:\/\/verdadincomodadiario.ar\/index.php?rest_route=%2Fwp%2Fv2%2Fcategories&post=9992"},{"taxonomy":"post_tag","embeddable":true,"href":"https:\/\/verdadincomodadiario.ar\/index.php?rest_route=%2Fwp%2Fv2%2Ftags&post=9992"}],"curies":[{"name":"wp","href":"https:\/\/api.w.org\/{rel}","templated":true}]}}