{"id":9978,"date":"2025-07-04T19:24:25","date_gmt":"2025-07-04T19:24:25","guid":{"rendered":"https:\/\/verdadincomodadiario.ar\/?p=9978"},"modified":"2025-07-04T19:24:25","modified_gmt":"2025-07-04T19:24:25","slug":"unc-docentes-suspenden-examenes-y-amenazan-con-dejar-a-miles-de-alumnos-sin-clases","status":"publish","type":"post","link":"https:\/\/verdadincomodadiario.ar\/?p=9978","title":{"rendered":"UNC: docentes suspenden ex\u00e1menes y amenazan con dejar a miles de alumnos sin clases"},"content":{"rendered":"<p>La <a href=\"https:\/\/derechadiario.com.ar\/sociedad\/unc-permite-ingreso-universitario-sin-secundario-completo-inclusion-desatino\" title=\"La UNC permite ingreso universitario sin secundario completo: \u00bfinclusi\u00f3n o desatino?\">Universidad Nacional de C\u00f3rdoba<\/a> atraviesa un conflicto que vuelve a poner en jaque el normal desarrollo del calendario acad\u00e9mico. Esta vez, la Asociaci\u00f3n de Docentes e Investigadores Universitarios de C\u00f3rdoba resolvi\u00f3 <strong>suspender los ex\u00e1menes y no comenzar el segundo cuatrimestre<\/strong>. Las medidas llegan en medio de reclamos salariales y presupuestarios, pero afectan directamente a los estudiantes.<\/p>\n<p>La decisi\u00f3n fue adoptada por <a href=\"https:\/\/derechadiario.com.ar\/sociedad\/adiuc-paraliza-unc-los-alumnos-rehenes-del-conflicto-gremial-cordoba\" title=\"ADIUC paraliza la UNC: los alumnos, rehenes del conflicto gremial en C\u00f3rdoba\">ADIUC<\/a> tras una consulta interna en la que participaron m\u00e1s de 1.600 docentes. Seg\u00fan informaron, <strong>el 99,2\u202f% vot\u00f3 a favor de profundizar las medidas de fuerza<\/strong>. La votaci\u00f3n refleja el consenso gremial, aunque <strong>deja sin respuestas a miles de alumnos que esperan rendir o cursar<\/strong>.<\/p>\n<p>El gremio justific\u00f3 la suspensi\u00f3n se\u00f1alando que \u201cno est\u00e1n dadas las condiciones para el normal desarrollo de las actividades acad\u00e9micas\u201d. Denuncian ca\u00edda salarial, falta de presupuesto y ausencia de respuestas por parte del Gobierno. Sin embargo, <strong>la decisi\u00f3n vuelve a ubicar a los estudiantes como rehenes de una disputa gremial.<\/strong><\/p>\n<div class=\"inter_image image_horizontal\">\n<picture><source class=\"img-responsive\" type=\"image\/webp\" data-srcset=\"https:\/\/filesedc.com\/uploads\/image\/post\/2025\/07\/captura-de-pantalla-2025-07-04-145152_300_200.webp 300w, https:\/\/filesedc.com\/uploads\/image\/post\/2025\/07\/captura-de-pantalla-2025-07-04-145152_630_420.webp 630w, https:\/\/filesedc.com\/uploads\/image\/post\/2025\/07\/captura-de-pantalla-2025-07-04-145152_760_507.webp 760w, https:\/\/filesedc.com\/uploads\/image\/post\/2025\/07\/captura-de-pantalla-2025-07-04-145152_1200_800.webp 1200w, https:\/\/filesedc.com\/uploads\/image\/post\/2025\/07\/captura-de-pantalla-2025-07-04-145152_1600_1067.webp 1600w, \"><img decoding=\"async\" src=\"https:\/\/derechadiario.com.ar\/filesedc\/uploads\/image\/post\/2025\/07\/captura-de-pantalla-2025-07-04-145152_1200_800.webp\" class=\"img-responsive lazyload\" alt=\"Personas marchando por la calle con pancartas y tambores en una manifestaci\u00f3n a favor de la educaci\u00f3n p\u00fablica\" title=\"Personas marchando por la calle con pancartas y tambores en una manifestaci\u00f3n a favor de la educaci\u00f3n p\u00fablica\"><\/picture>\n<div>\n<span class=\"img_footer\">El gremio universitario ya anunci\u00f3 nuevas jornadas de protesta para los pr\u00f3ximos d\u00edas <\/span>| <span class=\"img_author\">La Derecha Diario<\/span>\n<\/div>\n<\/div>\n<h2>Sin ex\u00e1menes ni clases<\/h2>\n<p>A partir de lo resuelto, <strong>todas las mesas de julio y agosto quedaron suspendidas por tiempo indefinido.<\/strong> La medida fue acompa\u00f1ada por paros progresivos y una convocatoria a acciones federales con otros sindicatos. <strong>Tambi\u00e9n se anunci\u00f3 que no iniciar\u00e1n las clases del segundo cuatrimestre hasta nuevo aviso.<\/strong><\/p>\n<aside class=\"are-you-interested-container-photo\"><\/aside>\n<p>El conflicto impacta de lleno en quienes necesitan regularizar materias, avanzar en sus carreras o recibirse. Algunas facultades, como Filosof\u00eda, Psicolog\u00eda y Sociales, ya comunicaron que <strong>el calendario est\u00e1 paralizado<\/strong>. Mientras tanto, los estudiantes enfrentan incertidumbre y demoras por causas ajenas a su voluntad.<\/p>\n<aside class=\"whatsappChannelText\"><a href=\"https:\/\/whatsapp.com\/channel\/0029VagEjILGE56eKjedWF2U\" rel=\"nofollow\" title=\"WhatsApp Link\"><img alt=\"Logo de WhatsApp\" class=\"lazyload\" data-src=\"https:\/\/derechadiario.com.ar\/filesedc\/uploads\/other\/whatsapp_icon_mid_article.png\" width=\"32\" height=\"32\"><\/a> <a href=\"https:\/\/whatsapp.com\/channel\/0029VagEjILGE56eKjedWF2U\" rel=\"nofollow\" title=\"WhatsApp Link\"><strong>NO SE PIERDAN NINGUNA NOTICIA<\/strong>: Click aqu\u00ed para sumarte <strong>GRATIS<\/strong> al canal de noticias de <strong>La Derecha Diario en WhatsApp.<\/strong><\/a><\/aside>\n<p><strong>La protesta incluye el reclamo por la Ley de Financiamiento Universitario<\/strong>, impulsada por el Frente Sindical Universitario. El proyecto propone elevar el presupuesto al 1,5\u202f% del PBI y actualizar salarios seg\u00fan inflaci\u00f3n. Aunque a\u00fan no se debati\u00f3 en el Congreso, <strong>ADIUC condiciona la continuidad acad\u00e9mica a la aprobaci\u00f3n de dicho proyecto.<\/strong><\/p>\n<p>Asimismo, <strong>el gremio universitario ya anunci\u00f3 nuevas jornadas de protesta para los pr\u00f3ximos d\u00edas<\/strong>. Mientras tanto, el Ministerio de Capital Humano mantiene su postura de negociar universidad por universidad. La situaci\u00f3n deja en evidencia un dato: <strong>otra vez los alumnos pagan el costo de un conflicto que los docentes eligen trasladar al aula.<\/strong><\/p>\n","protected":false},"excerpt":{"rendered":"<p>La Universidad Nacional de C\u00f3rdoba atraviesa un conflicto que vuelve a poner en jaque el normal desarrollo del calendario acad\u00e9mico. Esta vez, la Asociaci\u00f3n de Docentes e Investigadores Universitarios de C\u00f3rdoba resolvi\u00f3 suspender los ex\u00e1menes y no comenzar el segundo cuatrimestre. Las medidas llegan en medio de reclamos salariales y presupuestarios, pero afectan directamente a [&hellip;]<\/p>\n","protected":false},"author":2,"featured_media":9979,"comment_status":"open","ping_status":"open","sticky":false,"template":"","format":"standard","meta":{"_et_pb_use_builder":"","_et_pb_old_content":"","_et_gb_content_width":"","footnotes":""},"categories":[84],"tags":[],"class_list":["post-9978","post","type-post","status-publish","format-standard","has-post-thumbnail","hentry","category-ultimomomento"],"_links":{"self":[{"href":"https:\/\/verdadincomodadiario.ar\/index.php?rest_route=\/wp\/v2\/posts\/9978","targetHints":{"allow":["GET"]}}],"collection":[{"href":"https:\/\/verdadincomodadiario.ar\/index.php?rest_route=\/wp\/v2\/posts"}],"about":[{"href":"https:\/\/verdadincomodadiario.ar\/index.php?rest_route=\/wp\/v2\/types\/post"}],"author":[{"embeddable":true,"href":"https:\/\/verdadincomodadiario.ar\/index.php?rest_route=\/wp\/v2\/users\/2"}],"replies":[{"embeddable":true,"href":"https:\/\/verdadincomodadiario.ar\/index.php?rest_route=%2Fwp%2Fv2%2Fcomments&post=9978"}],"version-history":[{"count":0,"href":"https:\/\/verdadincomodadiario.ar\/index.php?rest_route=\/wp\/v2\/posts\/9978\/revisions"}],"wp:featuredmedia":[{"embeddable":true,"href":"https:\/\/verdadincomodadiario.ar\/index.php?rest_route=\/wp\/v2\/media\/9979"}],"wp:attachment":[{"href":"https:\/\/verdadincomodadiario.ar\/index.php?rest_route=%2Fwp%2Fv2%2Fmedia&parent=9978"}],"wp:term":[{"taxonomy":"category","embeddable":true,"href":"https:\/\/verdadincomodadiario.ar\/index.php?rest_route=%2Fwp%2Fv2%2Fcategories&post=9978"},{"taxonomy":"post_tag","embeddable":true,"href":"https:\/\/verdadincomodadiario.ar\/index.php?rest_route=%2Fwp%2Fv2%2Ftags&post=9978"}],"curies":[{"name":"wp","href":"https:\/\/api.w.org\/{rel}","templated":true}]}}