{"id":9966,"date":"2025-07-04T18:25:13","date_gmt":"2025-07-04T18:25:13","guid":{"rendered":"https:\/\/verdadincomodadiario.ar\/?p=9966"},"modified":"2025-07-04T18:25:13","modified_gmt":"2025-07-04T18:25:13","slug":"la-calera-ex-sargento-se-atrinchero-y-disparo-contra-policias-tras-una-denuncia","status":"publish","type":"post","link":"https:\/\/verdadincomodadiario.ar\/?p=9966","title":{"rendered":"La Calera: ex sargento se atrincher\u00f3 y dispar\u00f3 contra polic\u00edas tras una denuncia"},"content":{"rendered":"<p>Un episodio de alta tensi\u00f3n se registr\u00f3 este viernes en La Calera, <a href=\"https:\/\/derechadiario.com.ar\/sociedad\/imputaron-cordoba-al-titular-del-grupo-fam-por-presunto-vaciamiento-fono-bus\" title=\"Imputaron en C\u00f3rdoba al titular del Grupo Fam por presunto vaciamiento de Fono Bus\">C\u00f3rdoba<\/a>, cuando <strong>un ex sargento de la Polic\u00eda se encerr\u00f3 en su casa tras ser denunciado<\/strong>. La intervenci\u00f3n policial fue motivada por una acusaci\u00f3n de violencia familiar. <strong>El hombre dispar\u00f3 contra los efectivos que intentaban detenerlo.<\/strong><\/p>\n<p>Todo ocurri\u00f3 en una vivienda ubicada sobre calle R\u00edo Reconquista al 1300, cerca de las 10 de la ma\u00f1ana. <strong>Al llegar, los uniformados intentaron detenerlo, pero el hombre reaccion\u00f3 de forma violenta. El ex sargento tom\u00f3 del cuello a su pareja, quien luego fue liberada.<\/strong><\/p>\n<div class=\"inter_image image_horizontal\">\n<picture><source class=\"img-responsive\" type=\"image\/webp\" data-srcset=\"https:\/\/filesedc.com\/uploads\/image\/post\/2025\/07\/captura-de-pantalla-2025-07-04-142023_300_200.webp 300w, https:\/\/filesedc.com\/uploads\/image\/post\/2025\/07\/captura-de-pantalla-2025-07-04-142023_630_420.webp 630w, https:\/\/filesedc.com\/uploads\/image\/post\/2025\/07\/captura-de-pantalla-2025-07-04-142023_760_507.webp 760w, https:\/\/filesedc.com\/uploads\/image\/post\/2025\/07\/captura-de-pantalla-2025-07-04-142023_1200_800.webp 1200w, https:\/\/filesedc.com\/uploads\/image\/post\/2025\/07\/captura-de-pantalla-2025-07-04-142023_1600_1067.webp 1600w, \"><img decoding=\"async\" src=\"https:\/\/derechadiario.com.ar\/filesedc\/uploads\/image\/post\/2025\/07\/captura-de-pantalla-2025-07-04-142023_1200_800.webp\" class=\"img-responsive lazyload\" alt=\"Cinta de precauci\u00f3n con la palabra peligro acordona una entrada donde hay varias prendas de ropa tiradas en el suelo\" title=\"Cinta de precauci\u00f3n con la palabra peligro acordona una entrada donde hay varias prendas de ropa tiradas en el suelo\"><\/picture>\n<div>\n<span class=\"img_footer\">Vivienda del ex sargento, donde se produjo el hecho <\/span>| <span class=\"img_author\">La Derecha Diario<\/span>\n<\/div>\n<\/div>\n<p>Acto seguido, el acusado se atrincher\u00f3 dentro del domicilio y extrajo un arma calibre 9 mil\u00edmetros. Desde all\u00ed <strong>efectu\u00f3 varios disparos hacia los efectivos que se encontraban afuera<\/strong>. Afortunadamente no se registraron heridos.<\/p>\n<h2>Intervenci\u00f3n especial y arresto<\/h2>\n<p>Ante la gravedad del hecho, fue convocado el grupo t\u00e1ctico ETER para intervenir en el operativo. <strong>Durante tres horas se desarroll\u00f3 un cerco en el lugar mientras se intentaba persuadir al hombre<\/strong>. La <a href=\"https:\/\/derechadiario.com.ar\/sociedad\/tras-escandalo-designaron-nuevo-jefe-policia-caminera-cordoba\" title=\"Tras el esc\u00e1ndalo, designaron a un nuevo jefe de la Polic\u00eda Caminera de C\u00f3rdoba\">polic\u00eda<\/a> recomend\u00f3 evitar la zona por razones de seguridad.<\/p>\n<aside class=\"are-you-interested-container-photo\"><\/aside>\n<p><strong>Finalmente, el ex sargento fue reducido sin que se produjeran m\u00e1s disparos ni lesionados.<\/strong> Luego fue trasladado detenido por los agentes especiales. \u201cSe solicit\u00f3 el apoyo de efectivos del ETER\u201d, confirmaron desde la fuerza.<\/p>\n<figure><img decoding=\"async\" src=\"https:\/\/derechadiario.com.ar\/filesedc\/uploads\/image\/post\/2025\/07\/captura-de-pantalla-2025-07-04-142135_1200_800.webp\" class=\"img-responsive lazyload\" alt=\"Dos personas con uniforme militar y casco observan el entorno mientras una de ellas apunta con un arma desde una posici\u00f3n elevada.\" title=\"Dos personas con uniforme militar y casco observan el entorno mientras una de ellas apunta con un arma desde una posici\u00f3n elevada.\"><\/figure>\n<p>La Justicia inici\u00f3 una investigaci\u00f3n para esclarecer las circunstancias del episodio. Se evaluar\u00e1 el uso del arma y el contexto de la denuncia que origin\u00f3 el operativo. <strong>El acusado permanece a disposici\u00f3n de las autoridades judiciales.<\/strong><\/p>\n<aside class=\"whatsappChannelText\"><a href=\"https:\/\/whatsapp.com\/channel\/0029VagEjILGE56eKjedWF2U\" rel=\"nofollow\" title=\"WhatsApp Link\"><img alt=\"Logo de WhatsApp\" class=\"lazyload\" data-src=\"https:\/\/derechadiario.com.ar\/filesedc\/uploads\/other\/whatsapp_icon_mid_article.png\" width=\"32\" height=\"32\"><\/a> <a href=\"https:\/\/whatsapp.com\/channel\/0029VagEjILGE56eKjedWF2U\" rel=\"nofollow\" title=\"WhatsApp Link\"><strong>NO SE PIERDAN NINGUNA NOTICIA<\/strong>: Click aqu\u00ed para sumarte <strong>GRATIS<\/strong> al canal de noticias de <strong>La Derecha Diario en WhatsApp.<\/strong><\/a><\/aside>\n<figure><img decoding=\"async\" src=\"https:\/\/derechadiario.com.ar\/filesedc\/uploads\/image\/post\/2025\/07\/captura-de-pantalla-2025-07-04-141958_1200_800.webp\" class=\"img-responsive lazyload\" alt=\"Un agente t\u00e1ctico con uniforme de camuflaje y casco se encuentra junto a una camioneta negra con insignias policiales en una zona urbana donde tambi\u00e9n hay patrullas y personas al fondo.\" title=\"Un agente t\u00e1ctico con uniforme de camuflaje y casco se encuentra junto a una camioneta negra con insignias policiales en una zona urbana donde tambi\u00e9n hay patrullas y personas al fondo.\"><\/figure>\n","protected":false},"excerpt":{"rendered":"<p>Un episodio de alta tensi\u00f3n se registr\u00f3 este viernes en La Calera, C\u00f3rdoba, cuando un ex sargento de la Polic\u00eda se encerr\u00f3 en su casa tras ser denunciado. La intervenci\u00f3n policial fue motivada por una acusaci\u00f3n de violencia familiar. El hombre dispar\u00f3 contra los efectivos que intentaban detenerlo. Todo ocurri\u00f3 en una vivienda ubicada sobre [&hellip;]<\/p>\n","protected":false},"author":2,"featured_media":9967,"comment_status":"open","ping_status":"open","sticky":false,"template":"","format":"standard","meta":{"_et_pb_use_builder":"","_et_pb_old_content":"","_et_gb_content_width":"","footnotes":""},"categories":[84],"tags":[],"class_list":["post-9966","post","type-post","status-publish","format-standard","has-post-thumbnail","hentry","category-ultimomomento"],"_links":{"self":[{"href":"https:\/\/verdadincomodadiario.ar\/index.php?rest_route=\/wp\/v2\/posts\/9966","targetHints":{"allow":["GET"]}}],"collection":[{"href":"https:\/\/verdadincomodadiario.ar\/index.php?rest_route=\/wp\/v2\/posts"}],"about":[{"href":"https:\/\/verdadincomodadiario.ar\/index.php?rest_route=\/wp\/v2\/types\/post"}],"author":[{"embeddable":true,"href":"https:\/\/verdadincomodadiario.ar\/index.php?rest_route=\/wp\/v2\/users\/2"}],"replies":[{"embeddable":true,"href":"https:\/\/verdadincomodadiario.ar\/index.php?rest_route=%2Fwp%2Fv2%2Fcomments&post=9966"}],"version-history":[{"count":0,"href":"https:\/\/verdadincomodadiario.ar\/index.php?rest_route=\/wp\/v2\/posts\/9966\/revisions"}],"wp:featuredmedia":[{"embeddable":true,"href":"https:\/\/verdadincomodadiario.ar\/index.php?rest_route=\/wp\/v2\/media\/9967"}],"wp:attachment":[{"href":"https:\/\/verdadincomodadiario.ar\/index.php?rest_route=%2Fwp%2Fv2%2Fmedia&parent=9966"}],"wp:term":[{"taxonomy":"category","embeddable":true,"href":"https:\/\/verdadincomodadiario.ar\/index.php?rest_route=%2Fwp%2Fv2%2Fcategories&post=9966"},{"taxonomy":"post_tag","embeddable":true,"href":"https:\/\/verdadincomodadiario.ar\/index.php?rest_route=%2Fwp%2Fv2%2Ftags&post=9966"}],"curies":[{"name":"wp","href":"https:\/\/api.w.org\/{rel}","templated":true}]}}