{"id":9948,"date":"2025-07-04T17:24:33","date_gmt":"2025-07-04T17:24:33","guid":{"rendered":"https:\/\/verdadincomodadiario.ar\/?p=9948"},"modified":"2025-07-04T17:24:33","modified_gmt":"2025-07-04T17:24:33","slug":"bukele-califica-a-haiti-como-el-peor-pais-de-america-latina","status":"publish","type":"post","link":"https:\/\/verdadincomodadiario.ar\/?p=9948","title":{"rendered":"Bukele califica a Hait\u00ed como el peor pa\u00eds de Am\u00e9rica Latina"},"content":{"rendered":"<p>El presidente Nayib Bukele se\u00f1al\u00f3 que, aunque Rep\u00fablica Dominicana y Hait\u00ed comparten isla y recursos naturales para su crecimiento econ\u00f3mico, resalt\u00f3 que <a href=\"https:\/\/www.instagram.com\/p\/DLmslhfx0Yp\/\" title='La Derecha Diario Rep\u00fablica Dominicana on Instagram: \"\ud83c\uddf8\ud83c\uddfb\ud83c\udde9\ud83c\uddf4\ud83c\udded\ud83c\uddf9 | El presidente Nayib Bukele se\u00f1al\u00f3 que, aunque Rep\u00fablica Dominicana y Hait\u00ed comparten isla y recursos naturales para su crecimiento econ\u00f3mico, resalt\u00f3 que Hait\u00ed es el peor pa\u00eds de Am\u00e9rica Latina, debido al fracaso en su gesti\u00f3n pol\u00edtica.\"'><strong>Hait\u00ed es el peor pa\u00eds de Am\u00e9rica Latina<\/strong><\/a>, debido al fracaso en su gesti\u00f3n.<\/p>\n<p>Bukele indic\u00f3 que, pese a que el pa\u00eds caribe\u00f1o, al igual que la naci\u00f3n dominicana, cuenta con los recursos para expandirse, su <strong>mala administraci\u00f3n de gobierno<\/strong> no le permite avanzar y crecer como deber\u00eda.<\/p>\n<p>En un discurso reciente, el mandatario salvadore\u00f1o compar\u00f3 la situaci\u00f3n de Hait\u00ed con la de\u00a0<strong>Rep\u00fablica Dominicana<\/strong>, destacando que ambos pa\u00edses tienen\u00a0ubicaci\u00f3n geogr\u00e1fica estrat\u00e9gica, pero que\u00a0la diferencia est\u00e1 en la gesti\u00f3n pol\u00edtica.<\/p>\n<p>Actualmente, Hait\u00ed est\u00e1 atravesando una crisis sanitaria de emergencia debido a la violencia generada por las pandillas haitianas que dominan gran mayor\u00eda de la regi\u00f3n.<\/p>\n<p>&#8220;<strong>Hait\u00ed<\/strong>\u00a0 podr\u00eda ser una potencia en el Caribe, pero su clase pol\u00edtica lo ha llevado al fracaso&#8221;, afirm\u00f3.<\/p>\n<p>Critic\u00f3 la corrupci\u00f3n y la falta de estrategias a largo plazo, sugiriendo que, con un\u00a0manejo eficiente, el pa\u00eds podr\u00eda salir de la crisis.<\/p>\n<p>No mencion\u00f3 una posible intervenci\u00f3n salvadore\u00f1a, pero su postura refuerza su imagen de l\u00edder fuerte en temas de seguridad y gobernanza.<\/p>\n","protected":false},"excerpt":{"rendered":"<p>El presidente Nayib Bukele se\u00f1al\u00f3 que, aunque Rep\u00fablica Dominicana y Hait\u00ed comparten isla y recursos naturales para su crecimiento econ\u00f3mico, resalt\u00f3 que Hait\u00ed es el peor pa\u00eds de Am\u00e9rica Latina, debido al fracaso en su gesti\u00f3n. Bukele indic\u00f3 que, pese a que el pa\u00eds caribe\u00f1o, al igual que la naci\u00f3n dominicana, cuenta con los recursos [&hellip;]<\/p>\n","protected":false},"author":2,"featured_media":9949,"comment_status":"open","ping_status":"open","sticky":false,"template":"","format":"standard","meta":{"_et_pb_use_builder":"","_et_pb_old_content":"","_et_gb_content_width":"","footnotes":""},"categories":[84],"tags":[],"class_list":["post-9948","post","type-post","status-publish","format-standard","has-post-thumbnail","hentry","category-ultimomomento"],"_links":{"self":[{"href":"https:\/\/verdadincomodadiario.ar\/index.php?rest_route=\/wp\/v2\/posts\/9948","targetHints":{"allow":["GET"]}}],"collection":[{"href":"https:\/\/verdadincomodadiario.ar\/index.php?rest_route=\/wp\/v2\/posts"}],"about":[{"href":"https:\/\/verdadincomodadiario.ar\/index.php?rest_route=\/wp\/v2\/types\/post"}],"author":[{"embeddable":true,"href":"https:\/\/verdadincomodadiario.ar\/index.php?rest_route=\/wp\/v2\/users\/2"}],"replies":[{"embeddable":true,"href":"https:\/\/verdadincomodadiario.ar\/index.php?rest_route=%2Fwp%2Fv2%2Fcomments&post=9948"}],"version-history":[{"count":0,"href":"https:\/\/verdadincomodadiario.ar\/index.php?rest_route=\/wp\/v2\/posts\/9948\/revisions"}],"wp:featuredmedia":[{"embeddable":true,"href":"https:\/\/verdadincomodadiario.ar\/index.php?rest_route=\/wp\/v2\/media\/9949"}],"wp:attachment":[{"href":"https:\/\/verdadincomodadiario.ar\/index.php?rest_route=%2Fwp%2Fv2%2Fmedia&parent=9948"}],"wp:term":[{"taxonomy":"category","embeddable":true,"href":"https:\/\/verdadincomodadiario.ar\/index.php?rest_route=%2Fwp%2Fv2%2Fcategories&post=9948"},{"taxonomy":"post_tag","embeddable":true,"href":"https:\/\/verdadincomodadiario.ar\/index.php?rest_route=%2Fwp%2Fv2%2Ftags&post=9948"}],"curies":[{"name":"wp","href":"https:\/\/api.w.org\/{rel}","templated":true}]}}