{"id":9940,"date":"2025-07-04T16:25:23","date_gmt":"2025-07-04T16:25:23","guid":{"rendered":"https:\/\/verdadincomodadiario.ar\/?p=9940"},"modified":"2025-07-04T16:25:23","modified_gmt":"2025-07-04T16:25:23","slug":"vendia-droga-desde-su-casa-en-cordoba-con-prision-domiciliaria-y-cayo-junto-a-su-hijo","status":"publish","type":"post","link":"https:\/\/verdadincomodadiario.ar\/?p=9940","title":{"rendered":"Vend\u00eda droga desde su casa en C\u00f3rdoba con prisi\u00f3n domiciliaria y cay\u00f3 junto a su hijo"},"content":{"rendered":"<p>Una mujer de 46 a\u00f1os y su hijo de 29 fueron detenidos por <strong>comercializar estupefacientes en C\u00f3rdoba y Santa Fe<\/strong>. La investigaci\u00f3n dur\u00f3 m\u00e1s de cuatro meses. El caso se centr\u00f3 en San Francisco y Frontera, dos ciudades lim\u00edtrofes ubicadas en el este provincial.<\/p>\n<p><a href=\"https:\/\/derechadiario.com.ar\/sociedad\/cordoba-desbaratan-banda-narco-familiar-con-madre-hija-y-yerno-detenidos\" title=\"C\u00f3rdoba: desbaratan banda narco familiar con madre, hija y yerno detenidos\">Ambos fueron atrapados tras un operativo dirigido por la Fuerza Policial Antinarcotr\u00e1fico.<\/a> <strong>La mujer ya cumpl\u00eda prisi\u00f3n domiciliaria por otra causa similar.<\/strong> A pesar de esa condena, continuaba vinculada al tr\u00e1fico de drogas junto a su hijo.<\/p>\n<p>La causa est\u00e1 a cargo de la Fiscal\u00eda de Lucha contra el Narcotr\u00e1fico de San Francisco. Las pruebas recolectadas permitieron avanzar con los allanamientos. Se sospecha que <strong>ambos lideraban un punto de venta activo y sostenido.<\/strong><\/p>\n<div class=\"inter_image image_horizontal\">\n<picture><source class=\"img-responsive\" type=\"image\/webp\" data-srcset=\"https:\/\/filesedc.com\/uploads\/image\/post\/2025\/07\/348_300_200.webp 300w, https:\/\/filesedc.com\/uploads\/image\/post\/2025\/07\/348_630_420.webp 630w, https:\/\/filesedc.com\/uploads\/image\/post\/2025\/07\/348_760_507.webp 760w, https:\/\/filesedc.com\/uploads\/image\/post\/2025\/07\/348_1200_800.webp 1200w, https:\/\/filesedc.com\/uploads\/image\/post\/2025\/07\/348_1600_1067.webp 1600w, \"><img decoding=\"async\" src=\"https:\/\/derechadiario.com.ar\/filesedc\/uploads\/image\/post\/2025\/07\/348_1200_800.webp\" class=\"img-responsive lazyload\" alt=\"Un agente de la fuerza policial arresta a una persona con un uniforme que tiene la palabra Belgrano en la espalda dentro de un edificio.\" title=\"Un agente de la fuerza policial arresta a una persona con un uniforme que tiene la palabra Belgrano en la espalda dentro de un edificio.\"><\/picture>\n<div>\n<span class=\"img_footer\">Se sospecha que ambos lideraban un punto de venta activo y sostenido. <\/span>| <span class=\"img_author\">La Derecha Diario<\/span>\n<\/div>\n<\/div>\n<h2>Operativos simult\u00e1neos y despliegue t\u00e1ctico<\/h2>\n<p>Los allanamientos se realizaron en viviendas de ambas ciudades de forma simult\u00e1nea. U<strong>no de los domicilios estaba adaptado para el fraccionamiento de la droga.<\/strong> El Equipo de Acci\u00f3n T\u00e1ctica de la FPA intervino con apoyo log\u00edstico especializado.<\/p>\n<aside class=\"are-you-interested-container-photo\"><\/aside>\n<p>En los procedimientos <a href=\"https:\/\/derechadiario.com.ar\/sociedad\/peaje-narco-san-francisco-madre-e-hija-atrapadas-con-dos-ladrillos-cocaina\" title=\"Peaje narco en San Francisco: madre e hija atrapadas con 10 mil dosis de coca\u00edna\"><strong>se incautaron dosis de coca\u00edna y marihuana listas para la venta.<\/strong><\/a> Tambi\u00e9n <strong>se secuestr\u00f3 dinero en efectivo y elementos de corte y pesaje.<\/strong> Parte del material estaba oculto en compartimientos dise\u00f1ados para eludir inspecciones.<\/p>\n<p><strong>La mujer hab\u00eda sido beneficiada con prisi\u00f3n domiciliaria<\/strong> por una condena anterior. A pesar de eso, <strong>viol\u00f3 las condiciones impuestas por la Justicia.<\/strong> La reincidencia en la actividad narco vuelve a poner en discusi\u00f3n la eficacia de este tipo de medidas.<\/p>\n<figure><img decoding=\"async\" src=\"https:\/\/derechadiario.com.ar\/filesedc\/uploads\/image\/post\/2025\/07\/349_1200_800.webp\" class=\"img-responsive lazyload\" alt=\"Polic\u00eda fuertemente armado con uniforme t\u00e1ctico y casco de protecci\u00f3n parado junto a una puerta de madera abierta en una casa de paredes moradas y piso de mosaico\" title=\"Polic\u00eda fuertemente armado con uniforme t\u00e1ctico y casco de protecci\u00f3n parado junto a una puerta de madera abierta en una casa de paredes moradas y piso de mosaico\"><\/figure>\n<aside class=\"whatsappChannelText\"><a href=\"https:\/\/whatsapp.com\/channel\/0029VagEjILGE56eKjedWF2U\" rel=\"nofollow\" title=\"WhatsApp Link\"><img alt=\"Logo de WhatsApp\" class=\"lazyload\" data-src=\"https:\/\/derechadiario.com.ar\/filesedc\/uploads\/other\/whatsapp_icon_mid_article.png\" width=\"32\" height=\"32\"><\/a> <a href=\"https:\/\/whatsapp.com\/channel\/0029VagEjILGE56eKjedWF2U\" rel=\"nofollow\" title=\"WhatsApp Link\"><strong>NO SE PIERDAN NINGUNA NOTICIA<\/strong>: Click aqu\u00ed para sumarte <strong>GRATIS<\/strong> al canal de noticias de <strong>La Derecha Diario en WhatsApp.<\/strong><\/a><\/aside>\n<h2>Justicia federal y legislaci\u00f3n vigente<\/h2>\n<p>Ambos detenidos quedaron imputados por infracci\u00f3n a la Ley Nacional de Estupefacientes N\u00b0 23.737. La causa seguir\u00e1 su curso en el fuero federal con base en San Francisco. La fiscal\u00eda solicit\u00f3 <strong>prisi\u00f3n preventiva para evitar entorpecimiento de la investigaci\u00f3n.<\/strong><\/p>\n<p>Desde \u00e1mbitos judiciales se alert\u00f3 sobre el uso del beneficio domiciliario por parte de delincuentes reincidentes. El caso refuerza el reclamo por controles m\u00e1s estrictos. Se vuelve indispensable evitar que estas redes sigan operando desde el encierro.<\/p>\n","protected":false},"excerpt":{"rendered":"<p>Una mujer de 46 a\u00f1os y su hijo de 29 fueron detenidos por comercializar estupefacientes en C\u00f3rdoba y Santa Fe. La investigaci\u00f3n dur\u00f3 m\u00e1s de cuatro meses. El caso se centr\u00f3 en San Francisco y Frontera, dos ciudades lim\u00edtrofes ubicadas en el este provincial. Ambos fueron atrapados tras un operativo dirigido por la Fuerza Policial [&hellip;]<\/p>\n","protected":false},"author":2,"featured_media":9941,"comment_status":"open","ping_status":"open","sticky":false,"template":"","format":"standard","meta":{"_et_pb_use_builder":"","_et_pb_old_content":"","_et_gb_content_width":"","footnotes":""},"categories":[84],"tags":[],"class_list":["post-9940","post","type-post","status-publish","format-standard","has-post-thumbnail","hentry","category-ultimomomento"],"_links":{"self":[{"href":"https:\/\/verdadincomodadiario.ar\/index.php?rest_route=\/wp\/v2\/posts\/9940","targetHints":{"allow":["GET"]}}],"collection":[{"href":"https:\/\/verdadincomodadiario.ar\/index.php?rest_route=\/wp\/v2\/posts"}],"about":[{"href":"https:\/\/verdadincomodadiario.ar\/index.php?rest_route=\/wp\/v2\/types\/post"}],"author":[{"embeddable":true,"href":"https:\/\/verdadincomodadiario.ar\/index.php?rest_route=\/wp\/v2\/users\/2"}],"replies":[{"embeddable":true,"href":"https:\/\/verdadincomodadiario.ar\/index.php?rest_route=%2Fwp%2Fv2%2Fcomments&post=9940"}],"version-history":[{"count":0,"href":"https:\/\/verdadincomodadiario.ar\/index.php?rest_route=\/wp\/v2\/posts\/9940\/revisions"}],"wp:featuredmedia":[{"embeddable":true,"href":"https:\/\/verdadincomodadiario.ar\/index.php?rest_route=\/wp\/v2\/media\/9941"}],"wp:attachment":[{"href":"https:\/\/verdadincomodadiario.ar\/index.php?rest_route=%2Fwp%2Fv2%2Fmedia&parent=9940"}],"wp:term":[{"taxonomy":"category","embeddable":true,"href":"https:\/\/verdadincomodadiario.ar\/index.php?rest_route=%2Fwp%2Fv2%2Fcategories&post=9940"},{"taxonomy":"post_tag","embeddable":true,"href":"https:\/\/verdadincomodadiario.ar\/index.php?rest_route=%2Fwp%2Fv2%2Ftags&post=9940"}],"curies":[{"name":"wp","href":"https:\/\/api.w.org\/{rel}","templated":true}]}}