{"id":9928,"date":"2025-07-04T15:24:18","date_gmt":"2025-07-04T15:24:18","guid":{"rendered":"https:\/\/verdadincomodadiario.ar\/?p=9928"},"modified":"2025-07-04T15:24:18","modified_gmt":"2025-07-04T15:24:18","slug":"prime-video-la-ultima-de-sylvester-stallone-es-un-exito-a-pesar-de-las-malas-criticas","status":"publish","type":"post","link":"https:\/\/verdadincomodadiario.ar\/?p=9928","title":{"rendered":"Prime Video: la \u00faltima de Sylvester Stallone es un \u00e9xito a pesar de las malas cr\u00edticas"},"content":{"rendered":"<p><strong>Sylvester Stallone<\/strong> vuelve al ruedo con una <a href=\"https:\/\/derechadiario.com.ar\/entretenimiento\/odisea-teaser-filtrado-adelanta-pelicula-mas-epica-christopher-nolan\" title=\"La Odisea: el teaser filtrado adelanta la pel\u00edcula m\u00e1s \u00e9pica de Christopher Nolan\">pel\u00edcula<\/a> que fue destrozada por la cr\u00edtica, pero lidera en reproducciones en <a href=\"https:\/\/derechadiario.com.ar\/entretenimiento\/jason-statham-domina-prime-video-con-su-nuevo-exito-accion-fulminante\" title=\"Jason Statham domina Prime Video con su nuevo \u00e9xito de acci\u00f3n fulminante\"><strong>Prime Video<\/strong><\/a>. Sin promoci\u00f3n y con producci\u00f3n discreta, logr\u00f3 meterse entre lo m\u00e1s visto de la plataforma.<\/p>\n<p>El film se titula <strong>\u201cAlarum\u201d<\/strong> y est\u00e1 dirigido por <strong>Michael Polish<\/strong>. La acompa\u00f1a <strong>Scott Eastwood<\/strong>, hijo del legendario Clint. Y aunque nadie parece salvarla en los portales especializados, el p\u00fablico igual la est\u00e1 eligiendo.<\/p>\n<div class=\"inter_image image_horizontal\">\n<picture><source class=\"img-responsive\" type=\"image\/webp\" data-srcset=\"https:\/\/filesedc.com\/uploads\/image\/post\/2025\/07\/alarum-codigo-letal-stallone_300_200.webp 300w, https:\/\/filesedc.com\/uploads\/image\/post\/2025\/07\/alarum-codigo-letal-stallone_630_420.webp 630w, https:\/\/filesedc.com\/uploads\/image\/post\/2025\/07\/alarum-codigo-letal-stallone_760_507.webp 760w, https:\/\/filesedc.com\/uploads\/image\/post\/2025\/07\/alarum-codigo-letal-stallone_1200_800.webp 1200w, https:\/\/filesedc.com\/uploads\/image\/post\/2025\/07\/alarum-codigo-letal-stallone_1600_1067.webp 1600w, \"><img decoding=\"async\" src=\"https:\/\/derechadiario.com.ar\/filesedc\/uploads\/image\/post\/2025\/07\/alarum-codigo-letal-stallone_1200_800.webp\" class=\"img-responsive lazyload\" alt=\"Dos hombres armados con expresi\u00f3n seria aparecen en un p\u00f3ster de pel\u00edcula de acci\u00f3n con un avi\u00f3n volando en el fondo y el t\u00edtulo Alarum C\u00f3digo Letal junto a sus nombres.\" title=\"Dos hombres armados con expresi\u00f3n seria aparecen en un p\u00f3ster de pel\u00edcula de acci\u00f3n con un avi\u00f3n volando en el fondo y el t\u00edtulo Alarum C\u00f3digo Letal junto a sus nombres.\"><\/picture>\n<div>\n<span class=\"img_footer\">El film se titula \u201cAlarum\u201d y est\u00e1 dirigido por Michael Polish <\/span>| <span class=\"img_author\">La Derecha Diario<\/span>\n<\/div>\n<\/div>\n<h2><strong>Stallone, cuestionado por la cr\u00edtica<\/strong><\/h2>\n<p>Con estrenos poco memorables como <strong>\u201cLos Mercenarios 4\u201d<\/strong>, la carrera del actor viene en baja. Sin embargo, sigue atrayendo miradas, incluso en proyectos sin demasiado brillo.<\/p>\n<p><strong>\u201cAlarum\u201d<\/strong> no recibi\u00f3 casi ni una rese\u00f1a positiva. En sitios como Filmaffinity, la califican de pobre y sin alma, aunque destacan la presencia de Stallone como su \u00fanico punto a favor.<\/p>\n<aside class=\"are-you-interested-container-photo\"><\/aside>\n<h3><strong>Las cr\u00edticas no se guardaron nada<\/strong><\/h3>\n<p>Desde <strong>Variety<\/strong> apuntaron que la pel\u00edcula \u201ctrata de compensar la falta de recursos con acci\u00f3n, pero resulta vulgar\u201d. Y <strong>ScreenRant<\/strong> fue m\u00e1s directo: \u201cNo hay diversi\u00f3n en este thriller mediocre que desaprovecha todo su potencial\u201d.<\/p>\n<figure><img decoding=\"async\" src=\"https:\/\/derechadiario.com.ar\/filesedc\/uploads\/image\/post\/2025\/07\/alarum_1200_800.webp\" class=\"img-responsive lazyload\" alt=\"Hombre con chaqueta verde sosteniendo un rifle junto a un veh\u00edculo en un bosque\" title=\"Hombre con chaqueta verde sosteniendo un rifle junto a un veh\u00edculo en un bosque\"><\/figure>\n<p>Aun as\u00ed, el t\u00edtulo se col\u00f3 entre lo m\u00e1s visto de Amazon Prime Video y lleg\u00f3 al cuarto puesto en el ranking global.<\/p>\n<h2><strong>De qu\u00e9 trata\u00a0<em>Alarum<\/em><\/strong><\/h2>\n<p>La historia gira en torno a <strong>Joe y Lara<\/strong>, dos esp\u00edas casados que intentan mantenerse en el anonimato. Pero su retiro en una estaci\u00f3n de invierno se ve amenazado por una red de inteligencia que va tras un valioso secreto.<\/p>\n<aside class=\"whatsappChannelText\"><a href=\"https:\/\/whatsapp.com\/channel\/0029VagEjILGE56eKjedWF2U\" rel=\"nofollow\" title=\"WhatsApp Link\"><img alt=\"Logo de WhatsApp\" class=\"lazyload\" data-src=\"https:\/\/derechadiario.com.ar\/filesedc\/uploads\/other\/whatsapp_icon_mid_article.png\" width=\"32\" height=\"32\"><\/a> <a href=\"https:\/\/whatsapp.com\/channel\/0029VagEjILGE56eKjedWF2U\" rel=\"nofollow\" title=\"WhatsApp Link\"><strong>NO SE PIERDAN NINGUNA NOTICIA<\/strong>: Click aqu\u00ed para sumarte <strong>GRATIS<\/strong> al canal de noticias de <strong>La Derecha Diario en WhatsApp.<\/strong><\/a><\/aside>\n<figure><img decoding=\"async\" src=\"https:\/\/derechadiario.com.ar\/filesedc\/uploads\/image\/post\/2025\/07\/alarum-stallone_1200_800.webp\" class=\"img-responsive lazyload\" alt=\"Dos hombres armados con metralletas entran a una habitaci\u00f3n con actitud seria y alerta\" title=\"Dos hombres armados con metralletas entran a una habitaci\u00f3n con actitud seria y alerta\"><\/figure>\n<p>Ambos son sospechados de formar parte de <strong>\u201cAlarum\u201d<\/strong>, un grupo clandestino de esp\u00edas deshonestos. A partir de ah\u00ed, el conflicto se vuelve inevitable y la acci\u00f3n se dispara.<\/p>\n<h3><strong>Una trama cl\u00e1sica, con sabor a poco<\/strong><\/h3>\n<p>La premisa parece prometer acci\u00f3n y tensi\u00f3n. Pero la ejecuci\u00f3n no convenci\u00f3 ni en ritmo ni en calidad visual.<\/p>\n<p>A pesar de esto, la sola presencia de Stallone parece bastar para despertar curiosidad y generar visualizaciones.<\/p>\n","protected":false},"excerpt":{"rendered":"<p>Sylvester Stallone vuelve al ruedo con una pel\u00edcula que fue destrozada por la cr\u00edtica, pero lidera en reproducciones en Prime Video. Sin promoci\u00f3n y con producci\u00f3n discreta, logr\u00f3 meterse entre lo m\u00e1s visto de la plataforma. El film se titula \u201cAlarum\u201d y est\u00e1 dirigido por Michael Polish. La acompa\u00f1a Scott Eastwood, hijo del legendario Clint. [&hellip;]<\/p>\n","protected":false},"author":2,"featured_media":9929,"comment_status":"open","ping_status":"open","sticky":false,"template":"","format":"standard","meta":{"_et_pb_use_builder":"","_et_pb_old_content":"","_et_gb_content_width":"","footnotes":""},"categories":[84],"tags":[],"class_list":["post-9928","post","type-post","status-publish","format-standard","has-post-thumbnail","hentry","category-ultimomomento"],"_links":{"self":[{"href":"https:\/\/verdadincomodadiario.ar\/index.php?rest_route=\/wp\/v2\/posts\/9928","targetHints":{"allow":["GET"]}}],"collection":[{"href":"https:\/\/verdadincomodadiario.ar\/index.php?rest_route=\/wp\/v2\/posts"}],"about":[{"href":"https:\/\/verdadincomodadiario.ar\/index.php?rest_route=\/wp\/v2\/types\/post"}],"author":[{"embeddable":true,"href":"https:\/\/verdadincomodadiario.ar\/index.php?rest_route=\/wp\/v2\/users\/2"}],"replies":[{"embeddable":true,"href":"https:\/\/verdadincomodadiario.ar\/index.php?rest_route=%2Fwp%2Fv2%2Fcomments&post=9928"}],"version-history":[{"count":0,"href":"https:\/\/verdadincomodadiario.ar\/index.php?rest_route=\/wp\/v2\/posts\/9928\/revisions"}],"wp:featuredmedia":[{"embeddable":true,"href":"https:\/\/verdadincomodadiario.ar\/index.php?rest_route=\/wp\/v2\/media\/9929"}],"wp:attachment":[{"href":"https:\/\/verdadincomodadiario.ar\/index.php?rest_route=%2Fwp%2Fv2%2Fmedia&parent=9928"}],"wp:term":[{"taxonomy":"category","embeddable":true,"href":"https:\/\/verdadincomodadiario.ar\/index.php?rest_route=%2Fwp%2Fv2%2Fcategories&post=9928"},{"taxonomy":"post_tag","embeddable":true,"href":"https:\/\/verdadincomodadiario.ar\/index.php?rest_route=%2Fwp%2Fv2%2Ftags&post=9928"}],"curies":[{"name":"wp","href":"https:\/\/api.w.org\/{rel}","templated":true}]}}