{"id":9924,"date":"2025-07-04T15:24:20","date_gmt":"2025-07-04T15:24:20","guid":{"rendered":"https:\/\/verdadincomodadiario.ar\/?p=9924"},"modified":"2025-07-04T15:24:20","modified_gmt":"2025-07-04T15:24:20","slug":"samsung-revela-por-error-su-primer-plegable-triple-el-galaxy-g-fold","status":"publish","type":"post","link":"https:\/\/verdadincomodadiario.ar\/?p=9924","title":{"rendered":"Samsung revela por error su primer plegable triple: el Galaxy G Fold"},"content":{"rendered":"<p>A d\u00edas del \u00a0<strong>Galaxy Unpacked<\/strong>, se filtraron im\u00e1genes del <a href=\"https:\/\/derechadiario.com.ar\/sociedad\/samsung-lanza-teaser-y-crecen-los-rumores-del-tri-fold-ultra-galaxy-unpacked\" title=\"Samsung lanza teaser y crecen los rumores del tri-fold Ultra en el 'Galaxy Unpacked'\"><strong>Galaxy G Fold<\/strong><\/a>, el primer <strong><a href=\"https:\/\/derechadiario.com.ar\/sociedad\/honor-magic-v5-plegable-mas-fino-del-mundo-por-todo-contra-galaxy-z-fold-7\" title=\"Honor Magic V5: el plegable m\u00e1s fino del mundo va por todo contra el Galaxy Z Fold 7\">plegable<\/a> triple<\/strong> de Samsung. Todo indica que ser\u00e1 uno de los lanzamientos m\u00e1s llamativos en la historia de la marca.<\/p>\n<p>El dise\u00f1o fue descubierto dentro de la \u00faltima versi\u00f3n de <strong>One UI 8<\/strong> y confirma que este modelo ser\u00e1 muy distinto al Huawei Mate XT. Su estructura tipo &#8220;G&#8221; promete una experiencia totalmente nueva.<\/p>\n<div class=\"inter_image image_horizontal\">\n<picture><source class=\"img-responsive\" type=\"image\/webp\" data-srcset=\"https:\/\/filesedc.com\/uploads\/image\/post\/2025\/07\/galaxy-unpacked-9-de-julio_300_200.webp 300w, https:\/\/filesedc.com\/uploads\/image\/post\/2025\/07\/galaxy-unpacked-9-de-julio_630_420.webp 630w, https:\/\/filesedc.com\/uploads\/image\/post\/2025\/07\/galaxy-unpacked-9-de-julio_760_507.webp 760w, https:\/\/filesedc.com\/uploads\/image\/post\/2025\/07\/galaxy-unpacked-9-de-julio_1200_800.webp 1200w, https:\/\/filesedc.com\/uploads\/image\/post\/2025\/07\/galaxy-unpacked-9-de-julio_1600_1067.webp 1600w, \"><img decoding=\"async\" src=\"https:\/\/derechadiario.com.ar\/filesedc\/uploads\/image\/post\/2025\/07\/galaxy-unpacked-9-de-julio_1200_800.webp\" class=\"img-responsive lazyload\" alt=\"Invitaci\u00f3n al evento Galaxy Unpacked del 9 de julio de 2025 mostrando un tel\u00e9fono plegable Samsung en manos de una persona\" title=\"Invitaci\u00f3n al evento Galaxy Unpacked del 9 de julio de 2025 mostrando un tel\u00e9fono plegable Samsung en manos de una persona\"><\/picture>\n<div>\n<span class=\"img_footer\">A d\u00edas del Galaxy Unpacked, se filtraron im\u00e1genes del Galaxy G Fold <\/span>| <span class=\"img_author\">La Derecha Diario<\/span>\n<\/div>\n<\/div>\n<h2><strong>Samsung se anticip\u00f3 a su propia sorpresa<\/strong><\/h2>\n<p>Las im\u00e1genes filtradas salieron de forma accidental desde la propia Samsung. Fueron encontradas en animaciones del software, que muestran c\u00f3mo se pliega y despliega el equipo.<\/p>\n<p>As\u00ed se confirm\u00f3 que el Galaxy G Fold tendr\u00e1 un <strong>formato triple plegable<\/strong>, con bisagras que se cierran en la misma direcci\u00f3n, formando una &#8220;G&#8221;.<\/p>\n<h2><strong>Un dise\u00f1o completamente nuevo para el mercado<\/strong><\/h2>\n<p>El <strong>Galaxy G Fold<\/strong> se desmarca del Huawei Mate XT, que tiene una estructura en forma de &#8220;S&#8221;. Samsung opt\u00f3 por una apertura hacia adentro, generando una experiencia m\u00e1s parecida a una <strong>tablet<\/strong>.<\/p>\n<figure><img decoding=\"async\" src=\"https:\/\/derechadiario.com.ar\/filesedc\/uploads\/image\/post\/2025\/07\/filtracion-samsung-galaxy-g-fold-android-authority_1200_800.webp\" class=\"img-responsive lazyload\" alt=\"Dise\u00f1o conceptual de un tel\u00e9fono plegable con tres m\u00f3dulos y c\u00e1maras traseras alineadas verticalmente\" title=\"Dise\u00f1o conceptual de un tel\u00e9fono plegable con tres m\u00f3dulos y c\u00e1maras traseras alineadas verticalmente\"><\/figure>\n<p>Al estar abierto, un lado muestra una pantalla grande y el otro una combinaci\u00f3n de paneles que incluyen c\u00e1mara, display secundario y una tapa protectora.<\/p>\n<h3><strong>C\u00f3mo se ve cerrado y abierto<\/strong><\/h3>\n<ul>\n<li>A la izquierda: la parte trasera con tres c\u00e1maras, similar al Galaxy Z Fold 7.<\/li>\n<li>Al centro: una segunda pantalla con proporciones de smartphone.<\/li>\n<li>A la derecha: una zona sin funci\u00f3n visible, que sirve como tapa de la pantalla grande.<\/li>\n<\/ul>\n<aside class=\"whatsappChannelText\"><a href=\"https:\/\/whatsapp.com\/channel\/0029VagEjILGE56eKjedWF2U\" rel=\"nofollow\" title=\"WhatsApp Link\"><img alt=\"Logo de WhatsApp\" class=\"lazyload\" data-src=\"https:\/\/derechadiario.com.ar\/filesedc\/uploads\/other\/whatsapp_icon_mid_article.png\" width=\"32\" height=\"32\"><\/a> <a href=\"https:\/\/whatsapp.com\/channel\/0029VagEjILGE56eKjedWF2U\" rel=\"nofollow\" title=\"WhatsApp Link\"><strong>NO SE PIERDAN NINGUNA NOTICIA<\/strong>: Click aqu\u00ed para sumarte <strong>GRATIS<\/strong> al canal de noticias de <strong>La Derecha Diario en WhatsApp.<\/strong><\/a><\/aside>\n<h2><strong>Samsung da instrucciones espec\u00edficas de uso<\/strong><\/h2>\n<p>Las animaciones de One UI advierten que el dispositivo <strong>no debe cerrarse desde la parte de las c\u00e1maras<\/strong>. Se recomienda plegar primero desde el lado opuesto.<\/p>\n<figure><img decoding=\"async\" src=\"https:\/\/derechadiario.com.ar\/filesedc\/uploads\/image\/post\/2025\/07\/samsung-galaxy-g-fold-1751627343336_1200_800.webp\" class=\"img-responsive lazyload\" alt=\"Ilustraci\u00f3n de una mano sosteniendo una tableta blanca con el logo de Android Authority en el centro\" title=\"Ilustraci\u00f3n de una mano sosteniendo una tableta blanca con el logo de Android Authority en el centro\"><\/figure>\n<p>Esto se debe a que las bisagras tienen distintos tama\u00f1os para proteger la pantalla. Incluso se espera que el Galaxy G Fold venga con una <strong>gu\u00eda interactiva<\/strong> para evitar errores de uso.<\/p>\n<h2><strong>Qu\u00e9 se sabe hasta ahora del Galaxy G Fold<\/strong><\/h2>\n<ul>\n<li>El nombre &#8220;Galaxy G Fold&#8221; a\u00fan no est\u00e1 confirmado oficialmente.<\/li>\n<li>Es un nuevo intento de Samsung por ampliar su l\u00ednea de plegables.<\/li>\n<li>Compartir\u00e1 escenario con los Galaxy Z Fold 7 y Flip 7 en el pr\u00f3ximo <strong>Unpacked<\/strong>.<\/li>\n<\/ul>\n<p>Se espera que el equipo incluya <strong>componentes premium<\/strong>, un procesador potente y soporte para stylus, aunque esto no fue confirmado.<\/p>\n<div class=\"text-center\">\n<h3 class=\"dailyMotionTitle\">Teaser &#8211; Samsung mostrar\u00eda su primer plegable tri-fold Ultra el 9 de julio<\/h3>\n<aside>\n<figure class=\"op-interactive\"><\/figure>\n<\/aside>\n<\/div>\n","protected":false},"excerpt":{"rendered":"<p>A d\u00edas del \u00a0Galaxy Unpacked, se filtraron im\u00e1genes del Galaxy G Fold, el primer plegable triple de Samsung. Todo indica que ser\u00e1 uno de los lanzamientos m\u00e1s llamativos en la historia de la marca. El dise\u00f1o fue descubierto dentro de la \u00faltima versi\u00f3n de One UI 8 y confirma que este modelo ser\u00e1 muy distinto [&hellip;]<\/p>\n","protected":false},"author":2,"featured_media":9925,"comment_status":"open","ping_status":"open","sticky":false,"template":"","format":"standard","meta":{"_et_pb_use_builder":"","_et_pb_old_content":"","_et_gb_content_width":"","footnotes":""},"categories":[84],"tags":[],"class_list":["post-9924","post","type-post","status-publish","format-standard","has-post-thumbnail","hentry","category-ultimomomento"],"_links":{"self":[{"href":"https:\/\/verdadincomodadiario.ar\/index.php?rest_route=\/wp\/v2\/posts\/9924","targetHints":{"allow":["GET"]}}],"collection":[{"href":"https:\/\/verdadincomodadiario.ar\/index.php?rest_route=\/wp\/v2\/posts"}],"about":[{"href":"https:\/\/verdadincomodadiario.ar\/index.php?rest_route=\/wp\/v2\/types\/post"}],"author":[{"embeddable":true,"href":"https:\/\/verdadincomodadiario.ar\/index.php?rest_route=\/wp\/v2\/users\/2"}],"replies":[{"embeddable":true,"href":"https:\/\/verdadincomodadiario.ar\/index.php?rest_route=%2Fwp%2Fv2%2Fcomments&post=9924"}],"version-history":[{"count":0,"href":"https:\/\/verdadincomodadiario.ar\/index.php?rest_route=\/wp\/v2\/posts\/9924\/revisions"}],"wp:featuredmedia":[{"embeddable":true,"href":"https:\/\/verdadincomodadiario.ar\/index.php?rest_route=\/wp\/v2\/media\/9925"}],"wp:attachment":[{"href":"https:\/\/verdadincomodadiario.ar\/index.php?rest_route=%2Fwp%2Fv2%2Fmedia&parent=9924"}],"wp:term":[{"taxonomy":"category","embeddable":true,"href":"https:\/\/verdadincomodadiario.ar\/index.php?rest_route=%2Fwp%2Fv2%2Fcategories&post=9924"},{"taxonomy":"post_tag","embeddable":true,"href":"https:\/\/verdadincomodadiario.ar\/index.php?rest_route=%2Fwp%2Fv2%2Ftags&post=9924"}],"curies":[{"name":"wp","href":"https:\/\/api.w.org\/{rel}","templated":true}]}}