{"id":9894,"date":"2025-07-04T01:27:39","date_gmt":"2025-07-04T01:27:39","guid":{"rendered":"https:\/\/verdadincomodadiario.ar\/?p=9894"},"modified":"2025-07-04T01:27:39","modified_gmt":"2025-07-04T01:27:39","slug":"otro-mamarracho-mas-de-orsi-en-el-exterior-pide-mas-estado-al-lado-de-milei","status":"publish","type":"post","link":"https:\/\/verdadincomodadiario.ar\/?p=9894","title":{"rendered":"Otro mamarracho m\u00e1s de Orsi en el exterior, pide m\u00e1s Estado al lado de Milei"},"content":{"rendered":"<p>Consultado sobre el brillante papel de Javier Milei en la cumbre del Mercosur \u2014<strong>el \u00fanico atisbo de sensatez que el bloque ha tenido en tres d\u00e9cadas<\/strong>\u2014, Yamand\u00fa Orsi evit\u00f3 reconocer que el mandatario argentino consigui\u00f3 en apenas seis meses lo que el Mercosur no logr\u00f3 en treinta a\u00f1os: <strong>abrir el debate, firmar acuerdos concretos y poner en el centro la libertad econ\u00f3mica como motor de integraci\u00f3n regional<\/strong>.<\/p>\n<p>Orsi insisti\u00f3 vergonzosamente en la necesidad de promover el crecimiento econ\u00f3mico y el desarrollo sostenible, pero <strong>siempre subordinados a la ret\u00f3rica progresista de la equidad y la justicia social<\/strong>, conceptos que durante d\u00e9cadas solo han servido para hundir en la miseria a Latinoam\u00e9rica.<\/p>\n<p><a href=\"https:\/\/derechadiario.com.ar\/uruguay\/politica\/mujica-delato-sus-companeros-y-colaboro-con-los-militares-1972\">Quiz\u00e1s tambi\u00e9n te interese una cr\u00f3nica de traiciones hist\u00f3ricas en Uruguay<\/a><\/p>\n<p>Desde que asumi\u00f3 la presidencia, Orsi ha intentado reunirse con Milei, pero el l\u00edder argentino no pierde el tiempo. <strong>En esta cumbre, el frenteamplista no perdi\u00f3 la oportunidad y, casi rogando por un gesto de atenci\u00f3n, volvi\u00f3 a invitar al libertario a visitar Uruguay<\/strong>.<\/p>\n<p><strong>Milei hizo en 6 meses lo que el Mercosur no pudo en 30 a\u00f1os<\/strong><\/p>\n<p>Este 3 de julio de 2025, el hist\u00f3rico Palacio San Mart\u00edn de Buenos Aires fue sede de la LXVI Reuni\u00f3n del Consejo del Mercado Com\u00fan y de la Cumbre de Presidentes del Mercosur y Estados Asociados. All\u00ed se reunieron Luiz In\u00e1cio Lula da Silva (Brasil), Santiago Pe\u00f1a (Paraguay), Yamand\u00fa Orsi (Uruguay), Luis Arce (Bolivia), Javier Milei (Argentina) y delegaciones de los Estados asociados para discutir el presente y futuro del bloque.<\/p>\n<p>La presidencia pro tempore de Argentina comenz\u00f3 el 6 de diciembre de 2024, en la 65.\u00aa Cumbre de Montevideo, cuando Luis Lacalle Pou traspas\u00f3 el mando a Javier Milei, conforme a la rotaci\u00f3n semestral prevista en los tratados fundacionales. <strong>As\u00ed arranc\u00f3 una etapa marcada por tensiones ideol\u00f3gicas<\/strong>, pues la gesti\u00f3n libertaria de Milei en Argentina tambi\u00e9n se reflej\u00f3 en su conducci\u00f3n del Mercosur.<\/p>\n<p><a href=\"https:\/\/derechadiario.com.ar\/uruguay\/opinion\/asi-luce-socialdemocracia\">Quiz\u00e1s tambi\u00e9n te interese una mirada cr\u00edtica a modelos sociales fallidos<\/a><\/p>\n<p>En esta oportunidad, Javier Milei entreg\u00f3 la presidencia pro tempore al ultraprogresista Luiz In\u00e1cio Lula da Silva, dando fin su liderazgo temporal con un discurso contundente. <strong>Critic\u00f3 con dureza la desviaci\u00f3n del Mercosur respecto a sus objetivos fundacionales<\/strong>, reafirmando las mismas preocupaciones que hab\u00eda expresado en su excepcional discurso ante las Naciones Unidas en septiembre de 2024.<\/p>\n<p><strong>El Mercosur: de mercado y de com\u00fan, cada vez menos<\/strong><\/p>\n<p>Milei sostuvo que el Mercosur, lejos de mantenerse fiel a sus principios fundacionales, <strong>se desvi\u00f3 hacia pr\u00e1cticas proteccionistas<\/strong>, beneficiando a sectores empresariales espec\u00edficos y perjudicando a los consumidores y ciudadanos comunes.<\/p>\n<p><strong>Burocracia elefanti\u00e1sica<\/strong><\/p>\n<p>Milei cuestion\u00f3 los altos costos administrativos del bloque, criticando su funcionamiento interno: <strong>\u201cEn simult\u00e1neo, la organizaci\u00f3n exigi\u00f3 que carguemos con financiar una estructura burocr\u00e1tica, hoy ya elefanti\u00e1sica, dedicada a reuniones eternas.\u201d<\/strong><\/p>\n<p>Durante su presidencia pro tempore, Milei <strong>reactiv\u00f3 el esp\u00edritu original del bloque: la apertura comercial<\/strong>. Otro logro destacado fue la firma del acuerdo comercial con la Asociaci\u00f3n Europea de Libre Comercio (EFTA), bloque conformado por Suiza, Noruega, Islandia y Liechtenstein.<\/p>\n<p><a href=\"https:\/\/derechadiario.com.ar\/uruguay\/politica\/100-dias-bitacora-del-proyecto-gobierno-honesto-yamandu-orsi\">Quiz\u00e1s tambi\u00e9n te interese un balance cr\u00edtico de un gobierno que promete honestidad<\/a><\/p>\n<p>Al concluir su mandato temporal al frente del Mercosur, <strong>Milei dej\u00f3 en claro que la agenda argentina hacia la libertad econ\u00f3mica no se detendr\u00e1<\/strong>, pese a los obst\u00e1culos del progresismo regional. <strong>La libertad econ\u00f3mica no ser\u00e1 negociada, con bloque o sin bloque<\/strong>.<\/p>\n<p><strong>El Mercosur retorna a la decadencia ultraprogresista<\/strong><\/p>\n<p>Con el dictador brasile\u00f1o al mando, el Mercosur <strong>vuelve a distanciarse de la apertura econ\u00f3mica y la integraci\u00f3n comercial propuestas por Javier Milei<\/strong>. Una vez m\u00e1s, la libertad no avanza.<\/p>\n","protected":false},"excerpt":{"rendered":"<p>Consultado sobre el brillante papel de Javier Milei en la cumbre del Mercosur \u2014el \u00fanico atisbo de sensatez que el bloque ha tenido en tres d\u00e9cadas\u2014, Yamand\u00fa Orsi evit\u00f3 reconocer que el mandatario argentino consigui\u00f3 en apenas seis meses lo que el Mercosur no logr\u00f3 en treinta a\u00f1os: abrir el debate, firmar acuerdos concretos y [&hellip;]<\/p>\n","protected":false},"author":2,"featured_media":9895,"comment_status":"open","ping_status":"open","sticky":false,"template":"","format":"standard","meta":{"_et_pb_use_builder":"","_et_pb_old_content":"","_et_gb_content_width":"","footnotes":""},"categories":[84],"tags":[],"class_list":["post-9894","post","type-post","status-publish","format-standard","has-post-thumbnail","hentry","category-ultimomomento"],"_links":{"self":[{"href":"https:\/\/verdadincomodadiario.ar\/index.php?rest_route=\/wp\/v2\/posts\/9894","targetHints":{"allow":["GET"]}}],"collection":[{"href":"https:\/\/verdadincomodadiario.ar\/index.php?rest_route=\/wp\/v2\/posts"}],"about":[{"href":"https:\/\/verdadincomodadiario.ar\/index.php?rest_route=\/wp\/v2\/types\/post"}],"author":[{"embeddable":true,"href":"https:\/\/verdadincomodadiario.ar\/index.php?rest_route=\/wp\/v2\/users\/2"}],"replies":[{"embeddable":true,"href":"https:\/\/verdadincomodadiario.ar\/index.php?rest_route=%2Fwp%2Fv2%2Fcomments&post=9894"}],"version-history":[{"count":0,"href":"https:\/\/verdadincomodadiario.ar\/index.php?rest_route=\/wp\/v2\/posts\/9894\/revisions"}],"wp:featuredmedia":[{"embeddable":true,"href":"https:\/\/verdadincomodadiario.ar\/index.php?rest_route=\/wp\/v2\/media\/9895"}],"wp:attachment":[{"href":"https:\/\/verdadincomodadiario.ar\/index.php?rest_route=%2Fwp%2Fv2%2Fmedia&parent=9894"}],"wp:term":[{"taxonomy":"category","embeddable":true,"href":"https:\/\/verdadincomodadiario.ar\/index.php?rest_route=%2Fwp%2Fv2%2Fcategories&post=9894"},{"taxonomy":"post_tag","embeddable":true,"href":"https:\/\/verdadincomodadiario.ar\/index.php?rest_route=%2Fwp%2Fv2%2Ftags&post=9894"}],"curies":[{"name":"wp","href":"https:\/\/api.w.org\/{rel}","templated":true}]}}