{"id":9880,"date":"2025-07-03T22:31:07","date_gmt":"2025-07-03T22:31:07","guid":{"rendered":"https:\/\/verdadincomodadiario.ar\/?p=9880"},"modified":"2025-07-03T22:31:07","modified_gmt":"2025-07-03T22:31:07","slug":"imputaron-en-cordoba-al-titular-del-grupo-fam-por-presunto-vaciamiento-de-fono-bus","status":"publish","type":"post","link":"https:\/\/verdadincomodadiario.ar\/?p=9880","title":{"rendered":"Imputaron en C\u00f3rdoba al titular del Grupo Fam por presunto vaciamiento de Fono Bus"},"content":{"rendered":"<p>La Fiscal\u00eda Penal Econ\u00f3mica N\u00b0 1 de <a href=\"https:\/\/derechadiario.com.ar\/sociedad\/cordoba-uber-rechaza-ordenanza-que-limita-cupos-y-advierte-por-miles-choferes\" title=\"C\u00f3rdoba: Uber rechaza la ordenanza que limita cupos y advierte por miles de choferes\">C\u00f3rdoba<\/a> imput\u00f3 a <strong>Christian Flavio D\u2019Alessandro, titular del Grupo Fam<\/strong>\u00a0 y socio del Grupo Fono Bus, por <strong>presunto vaciamiento de empresa. La medida alcanza tambi\u00e9n a su esposa Gabriela Serra y al contador Marcelo Daniel Pucheta<\/strong>, tras una denuncia presentada por Gianfranco y Fabiola D\u2019Alessandro, copropietarios de Fono Bus. Los tres fueron citados a comparecer conforme al art\u00edculo 174 inciso 6\u00b0 del C\u00f3digo Penal, que prev\u00e9 hasta seis a\u00f1os de prisi\u00f3n.<\/p>\n<p>La fiscal\u00eda reuni\u00f3 pruebas que indicar\u00edan una serie de <strong>maniobras financieras y administrativas con impacto directo en la operatividad y patrimonio de Fono Bus.<\/strong> La causa es llevada adelante por el fiscal Mat\u00edas Bornancini, quien valor\u00f3 una investigaci\u00f3n inicial con m\u00faltiples elementos aportados por los denunciantes. <strong>La figura central es el vaciamiento empresario<\/strong>, aplicado cuando se desv\u00edan fondos o se afecta la operatividad en favor de terceros.<\/p>\n<p>El exgerente y actual imputado habr\u00eda concretado \u00a0<strong>operaciones con fondos de la empresa en beneficio de una firma paralela y en competencia.<\/strong> La acusaci\u00f3n tambi\u00e9n abarca movimientos de personal, retiro de veh\u00edculos y uso de cuentas bancarias sin autorizaci\u00f3n societaria. Los denunciantes remarcan que el accionar afect\u00f3 directamente la viabilidad de Fono Bus, operadora del servicio interurbano de pasajeros.<\/p>\n<div class=\"inter_image image_horizontal\">\n<picture><source class=\"img-responsive\" type=\"image\/webp\" data-srcset=\"https:\/\/filesedc.com\/uploads\/image\/post\/2025\/07\/captura-de-pantalla-2025-07-03-170621_300_200.webp 300w, https:\/\/filesedc.com\/uploads\/image\/post\/2025\/07\/captura-de-pantalla-2025-07-03-170621_630_420.webp 630w, https:\/\/filesedc.com\/uploads\/image\/post\/2025\/07\/captura-de-pantalla-2025-07-03-170621_760_507.webp 760w, https:\/\/filesedc.com\/uploads\/image\/post\/2025\/07\/captura-de-pantalla-2025-07-03-170621_1200_800.webp 1200w, https:\/\/filesedc.com\/uploads\/image\/post\/2025\/07\/captura-de-pantalla-2025-07-03-170621_1600_1067.webp 1600w, \"><img decoding=\"async\" src=\"https:\/\/derechadiario.com.ar\/filesedc\/uploads\/image\/post\/2025\/07\/captura-de-pantalla-2025-07-03-170621_1200_800.webp\" class=\"img-responsive lazyload\" alt=\"Un colectivo blanco de la empresa Fono Bus circula por una avenida con palmeras y cielo despejado.\" title=\"Un colectivo blanco de la empresa Fono Bus circula por una avenida con palmeras y cielo despejado.\"><\/picture>\n<div>\n<span class=\"img_footer\">Los denunciantes remarcan que el accionar afect\u00f3 directamente la viabilidad de Fono Bus <\/span>| <span class=\"img_author\">La Derecha Diario<\/span>\n<\/div>\n<\/div>\n<h2>Acusan desmanejos financieros y uso indebido de fondos<\/h2>\n<p>La denuncia se present\u00f3 en febrero de 2025, tras meses de tensiones internas en la sociedad. Se enumeran <strong>conductas que habr\u00edan perjudicado a Fono Bus<\/strong>, como la omisi\u00f3n de convocar reuniones, pagos no justificados y ventas sin registrar. <strong>Uno de los hechos destacados es el retiro de USD 32.500 desde una cuenta de la empresa<\/strong> el 27 de noviembre de 2024.<\/p>\n<aside class=\"are-you-interested-container-photo\"><\/aside>\n<p>Ese mismo d\u00eda, <strong>D\u2019Alessandro y su esposa adquirieron las acciones de \u201cEl Quebrachal SRL\u201d<\/strong>, utilizada luego como base operativa del Grupo Fam. La acusaci\u00f3n plantea que <strong>esa compra se habr\u00eda realizado con fondos de Fono Bus<\/strong>, <strong>sin autorizaci\u00f3n del directorio<\/strong>. Seg\u00fan los denunciantes, se trat\u00f3 de una maniobra para consolidar una nueva empresa en competencia directa.<\/p>\n<p>Adem\u00e1s, se menciona la <strong>venta de veh\u00edculos sin rendici\u00f3n contable y la negativa a abonar compromisos b\u00e1sicos<\/strong> como insumos y pagos a proveedores. Todo esto habr\u00eda debilitado las operaciones cotidianas de Fono Bus. Desde entonces, las partes mantienen una disputa societaria que deriv\u00f3 en acciones judiciales.<\/p>\n<figure><img decoding=\"async\" src=\"https:\/\/derechadiario.com.ar\/filesedc\/uploads\/image\/post\/2025\/07\/normal-mbof1621-italbusbello-17-elquebrachal5mop2281ab168oq-1135-061121_1200_800.webp\" class=\"img-responsive lazyload\" alt=\"Un colectivo blanco y rojo de la empresa El Quebrachal detenido en una calle con \u00e1rboles de fondo\" title=\"Un colectivo blanco y rojo de la empresa El Quebrachal detenido en una calle con \u00e1rboles de fondo\"><\/figure>\n<h2>El conflicto coincide con cambios en el transporte urbano<\/h2>\n<p>El contexto tambi\u00e9n abarca el redise\u00f1o del sistema de transporte urbano impulsado por los gobiernos municipal y provincial. Seg\u00fan consta en el expediente, <strong>el Grupo Fam logr\u00f3 acceder a corredores antes operados por otras empresas, consolidando su posici\u00f3n en el servicio urbano.<\/strong> Desde marzo de este a\u00f1o, forma parte del sistema p\u00fablico de pasajeros en <a href=\"https:\/\/derechadiario.com.ar\/economia\/inflacion-junio-fue-18-segun-centro-almaceneros-cordoba\" title=\"La inflaci\u00f3n de junio fue de 1,8%, seg\u00fan el Centro de Almaceneros de C\u00f3rdoba\">C\u00f3rdoba<\/a>.<\/p>\n<p>Los denunciantes sostienen que <strong>D\u2019Alessandro busc\u00f3 debilitar a Fono Bus durante este proceso<\/strong>, transfiriendo personal clave a la nueva firma. Tambi\u00e9n indican que retuvo dos unidades vehiculares que luego fueron secuestradas por orden judicial. <strong>A finales de 2024, habr\u00eda informado al <a href=\"https:\/\/derechadiario.com.ar\/politica\/insolito-por-frio-gremio-docente-cordoba-reclama-suspender-las-clases\" title=\"Ins\u00f3lito: por el fr\u00edo, el gremio docente de C\u00f3rdoba reclama suspender las clases\">gremio<\/a> Aoita que no pagar\u00eda el aguinaldo<\/strong>, lo que gener\u00f3 tensiones internas.<\/p>\n<p>Las decisiones empresariales habr\u00edan tenido impacto directo en la operatividad del servicio interurbano. <strong>La fiscal\u00eda vincula estos hechos con un plan m\u00e1s amplio orientado a redireccionar recursos hacia la nueva estructura empresarial<\/strong>. En ese marco, se investiga si existi\u00f3 una administraci\u00f3n fraudulenta con fines competitivos.<\/p>\n<figure><img decoding=\"async\" src=\"https:\/\/derechadiario.com.ar\/filesedc\/uploads\/image\/post\/2025\/07\/captura-de-pantalla-2025-07-03-164213_1200_800.webp\" class=\"img-responsive lazyload\" alt=\"Dos autobuses blancos con la palabra GRUPO FAM estacionados junto a una estructura techada en un terreno con charcos y lodo\" title=\"Dos autobuses blancos con la palabra GRUPO FAM estacionados junto a una estructura techada en un terreno con charcos y lodo\"><\/figure>\n<h2>El contador tambi\u00e9n qued\u00f3 involucrado en la causa<\/h2>\n<p><strong>Marcelo Pucheta<\/strong>, contador de la firma hasta entonces, dej\u00f3 Fono Bus para sumarse al Grupo Fam. <strong>En su antigua oficina se hallaron documentos que respaldar\u00edan la operaci\u00f3n de traspaso de \u201cEl Quebrachal SRL\u201d<\/strong> a manos de los ahora imputados. Entre ellos, se incluyen copias de acuerdos de transferencia de cuotas sociales.<\/p>\n<p>La fiscal\u00eda considera que estos elementos fortalecen la hip\u00f3tesis de una <strong>maniobra deliberada de vaciamiento<\/strong>. Adem\u00e1s del uso de fondos, se habr\u00eda buscado consolidar un emprendimiento en competencia sin la debida autorizaci\u00f3n legal. La documentaci\u00f3n ser\u00e1 clave para definir responsabilidades y pr\u00f3ximas medidas procesales.<\/p>\n<p>Por otro lado, los denunciantes insisten en que se violaron disposiciones de la Ley de Sociedades, especialmente en lo referido a competencia desleal. La permanencia de D\u2019Alessandro como socio activa nuevas instancias legales. <strong>\u201cNo es un conflicto familiar sino estrictamente societario\u201d, expres\u00f3 el abogado Pedro Despouy.<\/strong><\/p>\n<figure><img decoding=\"async\" src=\"https:\/\/derechadiario.com.ar\/filesedc\/uploads\/image\/post\/2025\/07\/captura-de-pantalla-2025-07-03-171651_1200_800.webp\" class=\"img-responsive lazyload\" alt=\"Un numeroso grupo de personas posa al aire libre con banderas y camisetas azules frente a un edificio antiguo, mostrando pancartas sindicales y de agrupaci\u00f3n\" title=\"Un numeroso grupo de personas posa al aire libre con banderas y camisetas azules frente a un edificio antiguo, mostrando pancartas sindicales y de agrupaci\u00f3n\"><\/figure>\n<h2>Se\u00f1alan incumplimientos legales en la conducci\u00f3n societaria<\/h2>\n<p>La denuncia destaca que <strong>varias decisiones se habr\u00edan tomado sin la debida aprobaci\u00f3n del directorio.<\/strong> Entre ellas, se menciona la participaci\u00f3n en una empresa competidora y la omisi\u00f3n de informaci\u00f3n clave a los socios. Estas acciones podr\u00edan violar normas previstas en la Ley de Sociedades Comerciales,\u00a0como las contempladas en sus\u00a0art\u00edculos 157, 272, 273 y 274.<\/p>\n<p>Se cuestiona que <strong>D\u2019Alessandro habr\u00eda continuado operando en nombre del grupo pese a su remoci\u00f3n como administrador<\/strong>. Esto agrava la situaci\u00f3n jur\u00eddica, ya que seguir\u00eda siendo socio sin desvincularse formalmente. Adem\u00e1s, se le atribuyen responsabilidades que comprometer\u00edan la salud financiera de Fono Bus.<\/p>\n<aside class=\"whatsappChannelText\"><a href=\"https:\/\/whatsapp.com\/channel\/0029VagEjILGE56eKjedWF2U\" rel=\"nofollow\" title=\"WhatsApp Link\"><img alt=\"Logo de WhatsApp\" class=\"lazyload\" data-src=\"https:\/\/derechadiario.com.ar\/filesedc\/uploads\/other\/whatsapp_icon_mid_article.png\" width=\"32\" height=\"32\"><\/a> <a href=\"https:\/\/whatsapp.com\/channel\/0029VagEjILGE56eKjedWF2U\" rel=\"nofollow\" title=\"WhatsApp Link\"><strong>NO SE PIERDAN NINGUNA NOTICIA<\/strong>: Click aqu\u00ed para sumarte <strong>GRATIS<\/strong> al canal de noticias de <strong>La Derecha Diario en WhatsApp.<\/strong><\/a><\/aside>\n<p>El abogado de los denunciantes eval\u00faa ampliar la presentaci\u00f3n inicial ante nuevas pruebas que podr\u00edan surgir. <strong>Consideran que hubo una estrategia planificada para debilitar la sociedad en beneficio propio<\/strong>. La fiscal\u00eda analiza ahora si se configura una figura penal contemplada para casos de administraci\u00f3n desleal o fraudulenta.<\/p>\n<p><strong>Desde el entorno de D\u2019Alessandro sostienen que no hubo maniobras il\u00edcitas ni uso indebido de fondos de la empresa.<\/strong> Se\u00f1alan que la adquisici\u00f3n de El Quebrachal SRL fue una operaci\u00f3n privada, desvinculada de Fono Bus, y que los movimientos cuestionados responden a desacuerdos comerciales, no a delitos.<\/p>\n","protected":false},"excerpt":{"rendered":"<p>La Fiscal\u00eda Penal Econ\u00f3mica N\u00b0 1 de C\u00f3rdoba imput\u00f3 a Christian Flavio D\u2019Alessandro, titular del Grupo Fam\u00a0 y socio del Grupo Fono Bus, por presunto vaciamiento de empresa. La medida alcanza tambi\u00e9n a su esposa Gabriela Serra y al contador Marcelo Daniel Pucheta, tras una denuncia presentada por Gianfranco y Fabiola D\u2019Alessandro, copropietarios de Fono [&hellip;]<\/p>\n","protected":false},"author":2,"featured_media":9881,"comment_status":"open","ping_status":"open","sticky":false,"template":"","format":"standard","meta":{"_et_pb_use_builder":"","_et_pb_old_content":"","_et_gb_content_width":"","footnotes":""},"categories":[84],"tags":[],"class_list":["post-9880","post","type-post","status-publish","format-standard","has-post-thumbnail","hentry","category-ultimomomento"],"_links":{"self":[{"href":"https:\/\/verdadincomodadiario.ar\/index.php?rest_route=\/wp\/v2\/posts\/9880","targetHints":{"allow":["GET"]}}],"collection":[{"href":"https:\/\/verdadincomodadiario.ar\/index.php?rest_route=\/wp\/v2\/posts"}],"about":[{"href":"https:\/\/verdadincomodadiario.ar\/index.php?rest_route=\/wp\/v2\/types\/post"}],"author":[{"embeddable":true,"href":"https:\/\/verdadincomodadiario.ar\/index.php?rest_route=\/wp\/v2\/users\/2"}],"replies":[{"embeddable":true,"href":"https:\/\/verdadincomodadiario.ar\/index.php?rest_route=%2Fwp%2Fv2%2Fcomments&post=9880"}],"version-history":[{"count":0,"href":"https:\/\/verdadincomodadiario.ar\/index.php?rest_route=\/wp\/v2\/posts\/9880\/revisions"}],"wp:featuredmedia":[{"embeddable":true,"href":"https:\/\/verdadincomodadiario.ar\/index.php?rest_route=\/wp\/v2\/media\/9881"}],"wp:attachment":[{"href":"https:\/\/verdadincomodadiario.ar\/index.php?rest_route=%2Fwp%2Fv2%2Fmedia&parent=9880"}],"wp:term":[{"taxonomy":"category","embeddable":true,"href":"https:\/\/verdadincomodadiario.ar\/index.php?rest_route=%2Fwp%2Fv2%2Fcategories&post=9880"},{"taxonomy":"post_tag","embeddable":true,"href":"https:\/\/verdadincomodadiario.ar\/index.php?rest_route=%2Fwp%2Fv2%2Ftags&post=9880"}],"curies":[{"name":"wp","href":"https:\/\/api.w.org\/{rel}","templated":true}]}}