{"id":9872,"date":"2025-07-03T21:25:00","date_gmt":"2025-07-03T21:25:00","guid":{"rendered":"https:\/\/verdadincomodadiario.ar\/?p=9872"},"modified":"2025-07-03T21:25:00","modified_gmt":"2025-07-03T21:25:00","slug":"conductores-se-quejan-de-las-nuevas-medidas-implementadas-por-el-intrant","status":"publish","type":"post","link":"https:\/\/verdadincomodadiario.ar\/?p=9872","title":{"rendered":"Conductores se quejan de las nuevas medidas implementadas por el Intrant"},"content":{"rendered":"<p>La reciente modificaci\u00f3n vial implementada por el\u00a0<strong>Instituto Nacional de Tr\u00e1nsito y Transporte Terrestre<\/strong>\u00a0 (Intrant), ha desatado una oleada de quejas entre ciudadanos y transportistas.<\/p>\n<p>Denuncian mayor <strong>congesti\u00f3n y p\u00e9rdida de tiempo en una de las zonas m\u00e1s transitadas de la capital<\/strong>, la medida que obliga a los conductores a realizar\u00a0tres giros\u00a0para acceder a la\u00a0avenida Abraham Lincoln (Sur)\u00a0desde la\u00a0John F. Kennedy.<\/p>\n<p>Aunque se cubrieron los letreros antiguos y se colocaron nuevos, muchos conductores aseguran que no fueron informados con anticipaci\u00f3n y que los agentes de la\u00a0Digesett\u00a0tampoco dominan los detalles.<\/p>\n<p>El director del Intrant,\u00a0<strong>Milton Morrison<\/strong>, defiende la medida como parte de un plan para\u00a0descongestionar intersecciones cr\u00edticas\u00a0y reducir accidentes.<\/p>\n<p>Morrison dijo\u00a0 que las medidas evitarian embotellamientos\u00a0por cruces mal sincronizados y choques frecuentes\u00a0por maniobras abruptas.<\/p>\n<p>Adem\u00e1s, insiste en que estas acciones est\u00e1n alineadas con la\u00a0Ley 63-17\u00a0y que se evaluar\u00e1n ajustes tras un per\u00edodo de prueba.<\/p>\n<p>Mientras el Intrant insiste en que estos cambios son &#8220;dolorosos pero, necesarios&#8221;, los conductores piden\u00a0soluciones pr\u00e1cticas\u00a0que no transfieran el caos a otras v\u00edas.<\/p>\n<p>El debate refleja un problema mayor:\u00a0la falta de planificaci\u00f3n urbana integral\u00a0en R.D.<\/p>\n","protected":false},"excerpt":{"rendered":"<p>La reciente modificaci\u00f3n vial implementada por el\u00a0Instituto Nacional de Tr\u00e1nsito y Transporte Terrestre\u00a0 (Intrant), ha desatado una oleada de quejas entre ciudadanos y transportistas. Denuncian mayor congesti\u00f3n y p\u00e9rdida de tiempo en una de las zonas m\u00e1s transitadas de la capital, la medida que obliga a los conductores a realizar\u00a0tres giros\u00a0para acceder a la\u00a0avenida Abraham [&hellip;]<\/p>\n","protected":false},"author":2,"featured_media":9873,"comment_status":"open","ping_status":"open","sticky":false,"template":"","format":"standard","meta":{"_et_pb_use_builder":"","_et_pb_old_content":"","_et_gb_content_width":"","footnotes":""},"categories":[84],"tags":[],"class_list":["post-9872","post","type-post","status-publish","format-standard","has-post-thumbnail","hentry","category-ultimomomento"],"_links":{"self":[{"href":"https:\/\/verdadincomodadiario.ar\/index.php?rest_route=\/wp\/v2\/posts\/9872","targetHints":{"allow":["GET"]}}],"collection":[{"href":"https:\/\/verdadincomodadiario.ar\/index.php?rest_route=\/wp\/v2\/posts"}],"about":[{"href":"https:\/\/verdadincomodadiario.ar\/index.php?rest_route=\/wp\/v2\/types\/post"}],"author":[{"embeddable":true,"href":"https:\/\/verdadincomodadiario.ar\/index.php?rest_route=\/wp\/v2\/users\/2"}],"replies":[{"embeddable":true,"href":"https:\/\/verdadincomodadiario.ar\/index.php?rest_route=%2Fwp%2Fv2%2Fcomments&post=9872"}],"version-history":[{"count":0,"href":"https:\/\/verdadincomodadiario.ar\/index.php?rest_route=\/wp\/v2\/posts\/9872\/revisions"}],"wp:featuredmedia":[{"embeddable":true,"href":"https:\/\/verdadincomodadiario.ar\/index.php?rest_route=\/wp\/v2\/media\/9873"}],"wp:attachment":[{"href":"https:\/\/verdadincomodadiario.ar\/index.php?rest_route=%2Fwp%2Fv2%2Fmedia&parent=9872"}],"wp:term":[{"taxonomy":"category","embeddable":true,"href":"https:\/\/verdadincomodadiario.ar\/index.php?rest_route=%2Fwp%2Fv2%2Fcategories&post=9872"},{"taxonomy":"post_tag","embeddable":true,"href":"https:\/\/verdadincomodadiario.ar\/index.php?rest_route=%2Fwp%2Fv2%2Ftags&post=9872"}],"curies":[{"name":"wp","href":"https:\/\/api.w.org\/{rel}","templated":true}]}}