{"id":9868,"date":"2025-07-03T20:25:15","date_gmt":"2025-07-03T20:25:15","guid":{"rendered":"https:\/\/verdadincomodadiario.ar\/?p=9868"},"modified":"2025-07-03T20:25:15","modified_gmt":"2025-07-03T20:25:15","slug":"tragedia-en-cordoba-camionero-murio-tras-volcar-con-una-carga-de-mani-en-ruta-11","status":"publish","type":"post","link":"https:\/\/verdadincomodadiario.ar\/?p=9868","title":{"rendered":"Tragedia en C\u00f3rdoba: camionero muri\u00f3 tras volcar con una carga de man\u00ed en ruta 11"},"content":{"rendered":"<p>Un <strong>camionero de 37 a\u00f1os falleci\u00f3 este jueves luego de un <a href=\"https:\/\/derechadiario.com.ar\/sociedad\/impactante-video-del-auto-diogo-jota-llamas-tras-accidente-fatal\" title=\"El impactante video del auto de Diogo Jota en llamas tras el accidente fatal\">violento vuelco<\/a> en la ruta provincial 11<\/strong>, a la altura del kil\u00f3metro 223. El <strong>veh\u00edculo transportaba man\u00ed y termin\u00f3 volcado sobre la banquina<\/strong>, con la cabina completamente destrozada. El accidente ocurri\u00f3 <strong>entre las localidades de Isla Verde y Monte Ma\u00edz<\/strong>, en el departamento Uni\u00f3n.<\/p>\n<p>El hombre fue identificado como <strong>oriundo de Corral de Bustos, y viajaba solo en el momento del siniestro<\/strong>. Se presume que la escarcha acumulada en la calzada por las heladas pudo haber influido en la p\u00e9rdida de control. A pesar del r\u00e1pido accionar del servicio de emergencias, <strong>el conductor muri\u00f3 en el hospital de <a href=\"https:\/\/derechadiario.com.ar\/politica\/monte-maiz-declaran-emergencia-economica-tras-caos-sindical-y-deficit-cronico\" title=\"Monte Ma\u00edz: declaran emergencia econ\u00f3mica tras caos sindical y d\u00e9ficit cr\u00f3nico\">Monte Ma\u00edz.<\/a><\/strong><\/p>\n<div class=\"inter_image image_horizontal\">\n<picture><source class=\"img-responsive\" type=\"image\/webp\" data-srcset=\"https:\/\/filesedc.com\/uploads\/image\/post\/2025\/07\/335_300_200.webp 300w, https:\/\/filesedc.com\/uploads\/image\/post\/2025\/07\/335_630_420.webp 630w, https:\/\/filesedc.com\/uploads\/image\/post\/2025\/07\/335_760_507.webp 760w, https:\/\/filesedc.com\/uploads\/image\/post\/2025\/07\/335_1200_800.webp 1200w, https:\/\/filesedc.com\/uploads\/image\/post\/2025\/07\/335_1600_1067.webp 1600w, \"><img decoding=\"async\" src=\"https:\/\/derechadiario.com.ar\/filesedc\/uploads\/image\/post\/2025\/07\/335_1200_800.webp\" class=\"img-responsive lazyload\" alt=\"Cami\u00f3n volcado en la carretera con la cabina da\u00f1ada y la carga derramada sobre el suelo\" title=\"Cami\u00f3n volcado en la carretera con la cabina da\u00f1ada y la carga derramada sobre el suelo\"><\/picture>\n<div>\n<span class=\"img_footer\">La cabina qued\u00f3 completamente destrozada luego del accidente. <\/span>| <span class=\"img_author\">La Derecha Diario<\/span>\n<\/div>\n<\/div>\n<p>El hecho tuvo lugar minutos antes de las 9 de la ma\u00f1ana y no involucr\u00f3 a otros veh\u00edculos. Seg\u00fan fuentes policiales, <strong>el cami\u00f3n perdi\u00f3 estabilidad en una curva leve y volc\u00f3 completamente.<\/strong> El acoplado qued\u00f3 a un costado del asfalto, mientras que la cabina se recost\u00f3 sobre la banquina.<\/p>\n<figure><img decoding=\"async\" src=\"https:\/\/derechadiario.com.ar\/filesedc\/uploads\/image\/post\/2025\/07\/336_1200_800.webp\" class=\"img-responsive lazyload\" alt=\"Patrulla de polic\u00eda y cami\u00f3n de bomberos atendiendo un accidente de un cami\u00f3n volcado al costado de una carretera al atardecer\" title=\"Patrulla de polic\u00eda y cami\u00f3n de bomberos atendiendo un accidente de un cami\u00f3n volcado al costado de una carretera al atardecer\"><\/figure>\n<h2>Fue asistido, pero termin\u00f3 muriendo en el hospital<\/h2>\n<p>Personal de Bomberos Voluntarios y efectivos de la Polic\u00eda de C\u00f3rdoba llegaron r\u00e1pidamente al lugar. <strong>El chofer fue rescatado con vida y <a href=\"https:\/\/derechadiario.com.ar\/sociedad\/cordoba-joven-motociclista-murio-tras-choque-barrio-general-paz\" title=\"C\u00f3rdoba: joven motociclista muri\u00f3 tras un choque en barrio General Paz\">trasladado de urgencia con traumatismos graves.<\/a><\/strong> En el hospital local, los m\u00e9dicos constataron un traumatismo de cr\u00e1neo severo.<\/p>\n<aside class=\"are-you-interested-container-photo\"><\/aside>\n<p>Pese a los esfuerzos realizados en el centro de salud, <strong>el camionero muri\u00f3 a los pocos minutos de ser ingresado.<\/strong> La noticia sacudi\u00f3 a los vecinos de Corral de Bustos, de donde era oriundo. Desde el centro de salud confirmaron que <strong>lleg\u00f3 con signos vitales muy comprometidos.<\/strong><\/p>\n<aside class=\"whatsappChannelText\"><a href=\"https:\/\/whatsapp.com\/channel\/0029VagEjILGE56eKjedWF2U\" rel=\"nofollow\" title=\"WhatsApp Link\"><img alt=\"Logo de WhatsApp\" class=\"lazyload\" data-src=\"https:\/\/derechadiario.com.ar\/filesedc\/uploads\/other\/whatsapp_icon_mid_article.png\" width=\"32\" height=\"32\"><\/a> <a href=\"https:\/\/whatsapp.com\/channel\/0029VagEjILGE56eKjedWF2U\" rel=\"nofollow\" title=\"WhatsApp Link\"><strong>NO SE PIERDAN NINGUNA NOTICIA<\/strong>: Click aqu\u00ed para sumarte <strong>GRATIS<\/strong> al canal de noticias de <strong>La Derecha Diario en WhatsApp.<\/strong><\/a><\/aside>\n<figure><img decoding=\"async\" src=\"https:\/\/derechadiario.com.ar\/filesedc\/uploads\/image\/post\/2025\/07\/334_1200_800.webp\" class=\"img-responsive lazyload\" alt=\"Cami\u00f3n de carga volcado sobre su costado en un camino de tierra al atardecer con una escalera apoyada en la caja del veh\u00edculo\" title=\"Cami\u00f3n de carga volcado sobre su costado en un camino de tierra al atardecer con una escalera apoyada en la caja del veh\u00edculo\"><\/figure>\n<p>El tr\u00e1nsito en la ruta provincial 11 estuvo cortado durante varias horas. Se despleg\u00f3 un operativo especial para remover el cami\u00f3n siniestro y garantizar el paso vehicular. Las autoridades de la regi\u00f3n piden precauci\u00f3n por el hielo acumulado en las rutas.<\/p>\n","protected":false},"excerpt":{"rendered":"<p>Un camionero de 37 a\u00f1os falleci\u00f3 este jueves luego de un violento vuelco en la ruta provincial 11, a la altura del kil\u00f3metro 223. El veh\u00edculo transportaba man\u00ed y termin\u00f3 volcado sobre la banquina, con la cabina completamente destrozada. El accidente ocurri\u00f3 entre las localidades de Isla Verde y Monte Ma\u00edz, en el departamento Uni\u00f3n. [&hellip;]<\/p>\n","protected":false},"author":2,"featured_media":9869,"comment_status":"open","ping_status":"open","sticky":false,"template":"","format":"standard","meta":{"_et_pb_use_builder":"","_et_pb_old_content":"","_et_gb_content_width":"","footnotes":""},"categories":[84],"tags":[],"class_list":["post-9868","post","type-post","status-publish","format-standard","has-post-thumbnail","hentry","category-ultimomomento"],"_links":{"self":[{"href":"https:\/\/verdadincomodadiario.ar\/index.php?rest_route=\/wp\/v2\/posts\/9868","targetHints":{"allow":["GET"]}}],"collection":[{"href":"https:\/\/verdadincomodadiario.ar\/index.php?rest_route=\/wp\/v2\/posts"}],"about":[{"href":"https:\/\/verdadincomodadiario.ar\/index.php?rest_route=\/wp\/v2\/types\/post"}],"author":[{"embeddable":true,"href":"https:\/\/verdadincomodadiario.ar\/index.php?rest_route=\/wp\/v2\/users\/2"}],"replies":[{"embeddable":true,"href":"https:\/\/verdadincomodadiario.ar\/index.php?rest_route=%2Fwp%2Fv2%2Fcomments&post=9868"}],"version-history":[{"count":0,"href":"https:\/\/verdadincomodadiario.ar\/index.php?rest_route=\/wp\/v2\/posts\/9868\/revisions"}],"wp:featuredmedia":[{"embeddable":true,"href":"https:\/\/verdadincomodadiario.ar\/index.php?rest_route=\/wp\/v2\/media\/9869"}],"wp:attachment":[{"href":"https:\/\/verdadincomodadiario.ar\/index.php?rest_route=%2Fwp%2Fv2%2Fmedia&parent=9868"}],"wp:term":[{"taxonomy":"category","embeddable":true,"href":"https:\/\/verdadincomodadiario.ar\/index.php?rest_route=%2Fwp%2Fv2%2Fcategories&post=9868"},{"taxonomy":"post_tag","embeddable":true,"href":"https:\/\/verdadincomodadiario.ar\/index.php?rest_route=%2Fwp%2Fv2%2Ftags&post=9868"}],"curies":[{"name":"wp","href":"https:\/\/api.w.org\/{rel}","templated":true}]}}