{"id":9844,"date":"2025-07-03T19:23:38","date_gmt":"2025-07-03T19:23:38","guid":{"rendered":"https:\/\/verdadincomodadiario.ar\/?p=9844"},"modified":"2025-07-03T19:23:38","modified_gmt":"2025-07-03T19:23:38","slug":"river-acelera-por-lucas-cepeda-y-cierra-su-llegada-desde-colo-colo","status":"publish","type":"post","link":"https:\/\/verdadincomodadiario.ar\/?p=9844","title":{"rendered":"River acelera por Lucas Cepeda y cierra su llegada desde Colo-Colo"},"content":{"rendered":"<p>Tras la frustrada llegada de <strong>Rom\u00e1n Vega<\/strong>, quien finalmente se sum\u00f3 al <strong>Zenit de Rusia<\/strong>, <a href=\"https:\/\/derechadiario.com.ar\/deportes\/mercados-pases-altas-bajas-y-rumores-river-y-boca\" title=\"Mercados de Pases: altas, bajas y rumores de River y Boca\"><u><strong>River<\/strong><\/u><\/a> no quiere m\u00e1s sorpresas en el mercado y avanza firme para sumar a <strong>Lucas Cepeda<\/strong>, zurdo polifuncional que se destac\u00f3 esta temporada en <strong>Colo-Colo<\/strong>.<\/p>\n<p>Con la <strong>reciente venta de Adam Bareiro al Fortaleza por unos 3,2 millones de d\u00f3lares<\/strong>, el Millonario liber\u00f3 un cupo de extranjero que planea ocupar con el chileno, figura del Cacique en <strong>2025<\/strong>: <strong>22 partidos, 5 goles y 2 asistencias<\/strong>. Marcelo Gallardo, quien ya ten\u00eda inter\u00e9s en el jugador desde\u00a0<strong>cuartos de final de la Copa Libertadores 2024<\/strong>,\u00a0lo imagina tanto como <strong>extremo<\/strong>\u00a0 como tambi\u00e9n como <strong>lateral<\/strong>\u00a0 por la <strong>izquierda<\/strong>.<\/p>\n<aside class=\"whatsappChannelText\"><a href=\"https:\/\/whatsapp.com\/channel\/0029VagEjILGE56eKjedWF2U\" rel=\"nofollow\" title=\"WhatsApp Link\"><img alt=\"Logo de WhatsApp\" class=\"lazyload\" data-src=\"https:\/\/derechadiario.com.ar\/filesedc\/uploads\/other\/whatsapp_icon_mid_article.png\" width=\"32\" height=\"32\"><\/a> <a href=\"https:\/\/whatsapp.com\/channel\/0029VagEjILGE56eKjedWF2U\" rel=\"nofollow\" title=\"WhatsApp Link\"><strong>NO SE PIERDAN NINGUNA NOTICIA<\/strong>: Click aqu\u00ed para sumarte <strong>GRATIS<\/strong> al canal de noticias de <strong>La Derecha Diario en WhatsApp.<\/strong><\/a><\/aside>\n<p>La dirigencia de River, encabezada por Jorge Brito, present\u00f3 una \u00a0<strong>oferta formal por 4.5 millones de d\u00f3lares\u00a0 para quedarse con el 70\u202f% del pase<\/strong>, logrando satisfacer las pretensiones del club chileno. Ahora, tras varias negociaciones, las partes llegaron a un <strong>acuerdo verbal<\/strong> y se espera que en los pr\u00f3ximos d\u00edas se terminen de cerrar los detalles.<\/p>\n<div class=\"inter_image image_horizontal\">\n<picture><source class=\"img-responsive\" type=\"image\/webp\" data-srcset=\"https:\/\/filesedc.com\/uploads\/image\/post\/2025\/07\/image-1751565767871_300_200.webp 300w, https:\/\/filesedc.com\/uploads\/image\/post\/2025\/07\/image-1751565767871_630_420.webp 630w, https:\/\/filesedc.com\/uploads\/image\/post\/2025\/07\/image-1751565767871_760_507.webp 760w, https:\/\/filesedc.com\/uploads\/image\/post\/2025\/07\/image-1751565767871_1200_800.webp 1200w, https:\/\/filesedc.com\/uploads\/image\/post\/2025\/07\/image-1751565767871_1600_1067.webp 1600w, \"><img decoding=\"async\" src=\"https:\/\/derechadiario.com.ar\/filesedc\/uploads\/image\/post\/2025\/07\/image-1751565767871_1200_800.webp\" class=\"img-responsive lazyload\" alt=\"Futbolista con camiseta blanca de Colo Colo observa atentamente un bal\u00f3n en pleno partido\" title=\"Futbolista con camiseta blanca de Colo Colo observa atentamente un bal\u00f3n en pleno partido\"><\/picture>\n<div>\n<span class=\"img_footer\">River se quedar\u00eda con el 70% de Cepeda a cambio de 4.5 millones <\/span>| <span class=\"img_author\">La Derecha Diario<\/span>\n<\/div>\n<\/div>\n<p>Por otra parte, \u00a0<strong>desde Chile reconocen que la prioridad del jugador era dar el salto a Europa<\/strong> (Bologna y Torino lo segu\u00edan de cerca), pero <strong>el Millonario sedujo a Colo-Colo<\/strong> con una propuesta que permitir\u00eda al club trasandino mantener un porcentaje para una futura venta, evitando que se marche directamente por la cl\u00e1usula de rescisi\u00f3n de <strong>5 millones de d\u00f3lares<\/strong>.<\/p>\n<p>Si no surgen contratiempos, <strong>Cepeda se convertir\u00e1 en el segundo refuerzo de River junto a Maximiliano Salas<\/strong>, quien activ\u00f3 su cl\u00e1usula de salida de Racing para sumarse al plantel dirigido por Gallardo.<\/p>\n","protected":false},"excerpt":{"rendered":"<p>Tras la frustrada llegada de Rom\u00e1n Vega, quien finalmente se sum\u00f3 al Zenit de Rusia, River no quiere m\u00e1s sorpresas en el mercado y avanza firme para sumar a Lucas Cepeda, zurdo polifuncional que se destac\u00f3 esta temporada en Colo-Colo. Con la reciente venta de Adam Bareiro al Fortaleza por unos 3,2 millones de d\u00f3lares, [&hellip;]<\/p>\n","protected":false},"author":2,"featured_media":9845,"comment_status":"open","ping_status":"open","sticky":false,"template":"","format":"standard","meta":{"_et_pb_use_builder":"","_et_pb_old_content":"","_et_gb_content_width":"","footnotes":""},"categories":[84],"tags":[],"class_list":["post-9844","post","type-post","status-publish","format-standard","has-post-thumbnail","hentry","category-ultimomomento"],"_links":{"self":[{"href":"https:\/\/verdadincomodadiario.ar\/index.php?rest_route=\/wp\/v2\/posts\/9844","targetHints":{"allow":["GET"]}}],"collection":[{"href":"https:\/\/verdadincomodadiario.ar\/index.php?rest_route=\/wp\/v2\/posts"}],"about":[{"href":"https:\/\/verdadincomodadiario.ar\/index.php?rest_route=\/wp\/v2\/types\/post"}],"author":[{"embeddable":true,"href":"https:\/\/verdadincomodadiario.ar\/index.php?rest_route=\/wp\/v2\/users\/2"}],"replies":[{"embeddable":true,"href":"https:\/\/verdadincomodadiario.ar\/index.php?rest_route=%2Fwp%2Fv2%2Fcomments&post=9844"}],"version-history":[{"count":0,"href":"https:\/\/verdadincomodadiario.ar\/index.php?rest_route=\/wp\/v2\/posts\/9844\/revisions"}],"wp:featuredmedia":[{"embeddable":true,"href":"https:\/\/verdadincomodadiario.ar\/index.php?rest_route=\/wp\/v2\/media\/9845"}],"wp:attachment":[{"href":"https:\/\/verdadincomodadiario.ar\/index.php?rest_route=%2Fwp%2Fv2%2Fmedia&parent=9844"}],"wp:term":[{"taxonomy":"category","embeddable":true,"href":"https:\/\/verdadincomodadiario.ar\/index.php?rest_route=%2Fwp%2Fv2%2Fcategories&post=9844"},{"taxonomy":"post_tag","embeddable":true,"href":"https:\/\/verdadincomodadiario.ar\/index.php?rest_route=%2Fwp%2Fv2%2Ftags&post=9844"}],"curies":[{"name":"wp","href":"https:\/\/api.w.org\/{rel}","templated":true}]}}