{"id":9842,"date":"2025-07-03T19:23:39","date_gmt":"2025-07-03T19:23:39","guid":{"rendered":"https:\/\/verdadincomodadiario.ar\/?p=9842"},"modified":"2025-07-03T19:23:39","modified_gmt":"2025-07-03T19:23:39","slug":"me-uso-es-gay-y-me-golpeaba-el-relato-mas-crudo-de-mariana-nannis-sobre-caniggia","status":"publish","type":"post","link":"https:\/\/verdadincomodadiario.ar\/?p=9842","title":{"rendered":"\u201cMe us\u00f3, es gay y me golpeaba\u201d: el relato m\u00e1s crudo de Mariana Nannis sobre Caniggia"},"content":{"rendered":"<p>En una entrevista con <strong>\u00c1ngel de Brito<\/strong>\u00a0 en <em>Bondi Live<\/em>, Mariana Nannis lanz\u00f3 dur\u00edsimas acusaciones contra su exmarido, Claudio Paul Caniggia. Lo llam\u00f3 directamente <strong>&#8220;el golpeador&#8221;<\/strong> y revel\u00f3 que vivi\u00f3 a\u00f1os de violencia f\u00edsica, psicol\u00f3gica y sexual mientras estuvieron juntos.<\/p>\n<p>Nannis asegur\u00f3 que el exjugador est\u00e1 siendo investigado en una causa por violencia de g\u00e9nero, aunque, seg\u00fan dijo, el caso no avanz\u00f3 porque <strong>Caniggia \u201ccompr\u00f3 al juez\u201d.<\/strong> Tambi\u00e9n afirm\u00f3 que los episodios violentos ocurrieron en distintos pa\u00edses, no solo en Argentina.<\/p>\n<h2><strong>\u201cHay mujeres que se suicidan, pero yo dije basta\u201d<\/strong><\/h2>\n<p>Record\u00f3 que la violencia comenz\u00f3 desde el inicio de la convivencia, cuando reci\u00e9n se hab\u00edan mudado juntos. <strong>\u201cLlamaba a mi mam\u00e1 porque extra\u00f1aba, y \u00e9l me amenaz\u00f3 con matarme cuando vio lo que hab\u00eda llegado en la cuenta del tel\u00e9fono\u201d,<\/strong> relat\u00f3 con crudeza. Asegur\u00f3 que muchas veces qued\u00f3 sola, mientras Caniggia se dedicaba a viajar con mujeres.<\/p>\n<aside class=\"whatsappChannelText\"><a href=\"https:\/\/whatsapp.com\/channel\/0029VagEjILGE56eKjedWF2U\" rel=\"nofollow\" title=\"WhatsApp Link\"><img alt=\"Logo de WhatsApp\" class=\"lazyload\" data-src=\"https:\/\/derechadiario.com.ar\/filesedc\/uploads\/other\/whatsapp_icon_mid_article.png\" width=\"32\" height=\"32\"><\/a> <a href=\"https:\/\/whatsapp.com\/channel\/0029VagEjILGE56eKjedWF2U\" rel=\"nofollow\" title=\"WhatsApp Link\"><strong>NO SE PIERDAN NINGUNA NOTICIA<\/strong>: Click aqu\u00ed para sumarte <strong>GRATIS<\/strong> al canal de noticias de <strong>La Derecha Diario en WhatsApp.<\/strong><\/a><\/aside>\n<p>Uno de los momentos m\u00e1s impactantes fue cuando <strong>una escort llam\u00f3 a su casa en Portugal.<\/strong> Mariana fingi\u00f3 ser la hermana del futbolista y descubri\u00f3 que la mujer viajaba con \u00e9l mientras ella cuidaba de sus tres hijos.<\/p>\n<aside class=\"are-you-interested-container-photo\"><\/aside>\n<div class=\"inter_image image_horizontal\">\n<picture><source class=\"img-responsive\" type=\"image\/webp\" data-srcset=\"https:\/\/filesedc.com\/uploads\/image\/post\/2025\/07\/diseno-sin-titulo-1-1751563917354_300_200.webp 300w, https:\/\/filesedc.com\/uploads\/image\/post\/2025\/07\/diseno-sin-titulo-1-1751563917354_630_420.webp 630w, https:\/\/filesedc.com\/uploads\/image\/post\/2025\/07\/diseno-sin-titulo-1-1751563917354_760_507.webp 760w, https:\/\/filesedc.com\/uploads\/image\/post\/2025\/07\/diseno-sin-titulo-1-1751563917354_1200_800.webp 1200w, https:\/\/filesedc.com\/uploads\/image\/post\/2025\/07\/diseno-sin-titulo-1-1751563917354_1600_1067.webp 1600w, \"><img decoding=\"async\" src=\"https:\/\/derechadiario.com.ar\/filesedc\/uploads\/image\/post\/2025\/07\/diseno-sin-titulo-1-1751563917354_1200_800.webp\" class=\"img-responsive lazyload\" alt=\"Una pareja de cabello rubio posa junta al aire libre, ambos miran a la c\u00e1mara y parecen estar en un ambiente veraniego.\" title=\"Una pareja de cabello rubio posa junta al aire libre, ambos miran a la c\u00e1mara y parecen estar en un ambiente veraniego.\"><\/picture>\n<div>\n<span class=\"img_footer\">Mariana Nannis y Claudio Paul Caniggia. <\/span>| <span class=\"img_author\">Redacci\u00f3n<\/span>\n<\/div>\n<\/div>\n<h2><strong>\u201cClaudio es homosexual, me us\u00f3 como pantalla\u201d<\/strong><\/h2>\n<p>Nannis lanz\u00f3 una afirmaci\u00f3n que dej\u00f3 a todos at\u00f3nitos: \u201cClaudio es homosexual, es re puto. Me us\u00f3. Yo fui su pantalla\u201d. La frase reson\u00f3 con fuerza y gener\u00f3 un amplio debate.<\/p>\n<p><em>Noticia en desarrollo&#8230;<\/em><\/p>\n","protected":false},"excerpt":{"rendered":"<p>En una entrevista con \u00c1ngel de Brito\u00a0 en Bondi Live, Mariana Nannis lanz\u00f3 dur\u00edsimas acusaciones contra su exmarido, Claudio Paul Caniggia. Lo llam\u00f3 directamente &#8220;el golpeador&#8221; y revel\u00f3 que vivi\u00f3 a\u00f1os de violencia f\u00edsica, psicol\u00f3gica y sexual mientras estuvieron juntos. Nannis asegur\u00f3 que el exjugador est\u00e1 siendo investigado en una causa por violencia de g\u00e9nero, [&hellip;]<\/p>\n","protected":false},"author":2,"featured_media":9843,"comment_status":"open","ping_status":"open","sticky":false,"template":"","format":"standard","meta":{"_et_pb_use_builder":"","_et_pb_old_content":"","_et_gb_content_width":"","footnotes":""},"categories":[84],"tags":[],"class_list":["post-9842","post","type-post","status-publish","format-standard","has-post-thumbnail","hentry","category-ultimomomento"],"_links":{"self":[{"href":"https:\/\/verdadincomodadiario.ar\/index.php?rest_route=\/wp\/v2\/posts\/9842","targetHints":{"allow":["GET"]}}],"collection":[{"href":"https:\/\/verdadincomodadiario.ar\/index.php?rest_route=\/wp\/v2\/posts"}],"about":[{"href":"https:\/\/verdadincomodadiario.ar\/index.php?rest_route=\/wp\/v2\/types\/post"}],"author":[{"embeddable":true,"href":"https:\/\/verdadincomodadiario.ar\/index.php?rest_route=\/wp\/v2\/users\/2"}],"replies":[{"embeddable":true,"href":"https:\/\/verdadincomodadiario.ar\/index.php?rest_route=%2Fwp%2Fv2%2Fcomments&post=9842"}],"version-history":[{"count":0,"href":"https:\/\/verdadincomodadiario.ar\/index.php?rest_route=\/wp\/v2\/posts\/9842\/revisions"}],"wp:featuredmedia":[{"embeddable":true,"href":"https:\/\/verdadincomodadiario.ar\/index.php?rest_route=\/wp\/v2\/media\/9843"}],"wp:attachment":[{"href":"https:\/\/verdadincomodadiario.ar\/index.php?rest_route=%2Fwp%2Fv2%2Fmedia&parent=9842"}],"wp:term":[{"taxonomy":"category","embeddable":true,"href":"https:\/\/verdadincomodadiario.ar\/index.php?rest_route=%2Fwp%2Fv2%2Fcategories&post=9842"},{"taxonomy":"post_tag","embeddable":true,"href":"https:\/\/verdadincomodadiario.ar\/index.php?rest_route=%2Fwp%2Fv2%2Ftags&post=9842"}],"curies":[{"name":"wp","href":"https:\/\/api.w.org\/{rel}","templated":true}]}}