{"id":9840,"date":"2025-07-03T19:23:40","date_gmt":"2025-07-03T19:23:40","guid":{"rendered":"https:\/\/verdadincomodadiario.ar\/?p=9840"},"modified":"2025-07-03T19:23:40","modified_gmt":"2025-07-03T19:23:40","slug":"solidaridad-cordobesa-confeccionaron-140-frazadas-para-personas-en-situacion-de-calle","status":"publish","type":"post","link":"https:\/\/verdadincomodadiario.ar\/?p=9840","title":{"rendered":"Solidaridad cordobesa: confeccionaron 140 frazadas para personas en situaci\u00f3n de calle"},"content":{"rendered":"<p>Este martes finaliz\u00f3 en <a href=\"https:\/\/derechadiario.com.ar\/sociedad\/cordoba-reabrieron-completamente-bv-san-juan-tras-derrumbe-barrio-guemes\" title=\"C\u00f3rdoba: reabrieron completamente el Bv.\u202fSan\u202fJuan tras el derrumbe en barrio G\u00fcemes\">C\u00f3rdoba<\/a> una nueva edici\u00f3n de una <strong>campa\u00f1a solidaria destinada a ayudar a personas en situaci\u00f3n de vulnerabilidad<\/strong>. La actividad tuvo lugar en la sinagoga de la ciudad, donde <strong>se confeccionaron 140 frazadas.<\/strong> Participaron 74 mujeres y una ni\u00f1a de 11 a\u00f1os que unieron cerca de 10 mil cuadrados tejidos.<\/p>\n<p>El rabino Marcelo Polakoff, referente de la comunidad, precis\u00f3 que <strong>el a\u00f1o pasado se hab\u00edan logrado 120 mantas<\/strong>. Este a\u00f1o, la cifra super\u00f3 esa marca con una participaci\u00f3n mayor de voluntarias. La jornada fue organizada con actividades recreativas que acompa\u00f1aron el trabajo de costura.<\/p>\n<p><strong>Las frazadas fueron entregadas este mi\u00e9rcoles a la Fundaci\u00f3n C\u00f3rdoba Voluntaria.<\/strong>\u00a0Desde all\u00ed se encargaron de repartir todo el material confeccionado a personas en situaci\u00f3n de calle.<\/p>\n<div class=\"inter_image image_horizontal\">\n<picture><source class=\"img-responsive\" type=\"image\/webp\" data-srcset=\"https:\/\/filesedc.com\/uploads\/image\/post\/2025\/07\/captura-de-pantalla-2025-07-03-142834_300_200.webp 300w, https:\/\/filesedc.com\/uploads\/image\/post\/2025\/07\/captura-de-pantalla-2025-07-03-142834_630_420.webp 630w, https:\/\/filesedc.com\/uploads\/image\/post\/2025\/07\/captura-de-pantalla-2025-07-03-142834_760_507.webp 760w, https:\/\/filesedc.com\/uploads\/image\/post\/2025\/07\/captura-de-pantalla-2025-07-03-142834_1200_800.webp 1200w, https:\/\/filesedc.com\/uploads\/image\/post\/2025\/07\/captura-de-pantalla-2025-07-03-142834_1600_1067.webp 1600w, \"><img decoding=\"async\" src=\"https:\/\/derechadiario.com.ar\/filesedc\/uploads\/image\/post\/2025\/07\/captura-de-pantalla-2025-07-03-142834_1200_800.webp\" class=\"img-responsive lazyload\" alt=\"Cinco mujeres sonr\u00eden mientras sostienen una manta tejida de colores y un cartel que dice Tejido Solidario C\u00f3rdoba en un evento con fondo naranja.\" title=\"Cinco mujeres sonr\u00eden mientras sostienen una manta tejida de colores y un cartel que dice Tejido Solidario C\u00f3rdoba en un evento con fondo naranja.\"><\/picture>\n<div>\n<span class=\"img_footer\">Las frazadas fueron entregadas este mi\u00e9rcoles a la Fundaci\u00f3n C\u00f3rdoba Voluntaria <\/span>| <span class=\"img_author\">La Derecha Diario<\/span>\n<\/div>\n<\/div>\n<h2>Entrega solidaria y trabajo comunitario<\/h2>\n<p>Esta actividad se dio en el marco de la iniciativa <strong>&#8220;Un Abrigo al Coraz\u00f3n&#8221;<\/strong>, una <strong>campa\u00f1a solidaria que se realiza en <a href=\"https:\/\/derechadiario.com.ar\/sociedad\/cordoba-uber-rechaza-ordenanza-que-limita-cupos-y-advierte-por-miles-choferes\" title=\"C\u00f3rdoba: Uber rechaza la ordenanza que limita cupos y advierte por miles de choferes\">C\u00f3rdoba<\/a><\/strong>. Aqu\u00ed,\u00a0la comunidad se re\u00fane para <strong>tejer frazadas que luego se donan a personas que necesitan abrigo<\/strong>. Es una iniciativa que combina la acci\u00f3n solidaria con actividades recreativas como m\u00fasica, humor y sorteos<\/p>\n<aside class=\"are-you-interested-container-photo\"><\/aside>\n<p>Las colchas se distribuir\u00e1n a personas que atraviesan el invierno en situaci\u00f3n de calle, seg\u00fan informaron los organizadores. <strong>La Fundaci\u00f3n C\u00f3rdoba Voluntaria colabora de forma constante con quienes no tienen un techo donde resguardarse.<\/strong> Su trabajo incluye recorridas nocturnas y recepci\u00f3n de donaciones durante todo el a\u00f1o.<\/p>\n<aside class=\"whatsappChannelText\"><a href=\"https:\/\/whatsapp.com\/channel\/0029VagEjILGE56eKjedWF2U\" rel=\"nofollow\" title=\"WhatsApp Link\"><img alt=\"Logo de WhatsApp\" class=\"lazyload\" data-src=\"https:\/\/derechadiario.com.ar\/filesedc\/uploads\/other\/whatsapp_icon_mid_article.png\" width=\"32\" height=\"32\"><\/a> <a href=\"https:\/\/whatsapp.com\/channel\/0029VagEjILGE56eKjedWF2U\" rel=\"nofollow\" title=\"WhatsApp Link\"><strong>NO SE PIERDAN NINGUNA NOTICIA<\/strong>: Click aqu\u00ed para sumarte <strong>GRATIS<\/strong> al canal de noticias de <strong>La Derecha Diario en WhatsApp.<\/strong><\/a><\/aside>\n<p>La iniciativa de confeccionar frazadas surgi\u00f3 como una forma concreta de ayudar a quienes m\u00e1s lo necesitan en esta \u00e9poca del a\u00f1o. <strong>La campa\u00f1a se convirti\u00f3 tambi\u00e9n en un punto de encuentro entre vecinos, familiares y amigos<\/strong>. Este tipo de actividades reflejan el compromiso solidario de la comunidad cordobesa para con los m\u00e1s desfavorecidos.<\/p>\n","protected":false},"excerpt":{"rendered":"<p>Este martes finaliz\u00f3 en C\u00f3rdoba una nueva edici\u00f3n de una campa\u00f1a solidaria destinada a ayudar a personas en situaci\u00f3n de vulnerabilidad. La actividad tuvo lugar en la sinagoga de la ciudad, donde se confeccionaron 140 frazadas. Participaron 74 mujeres y una ni\u00f1a de 11 a\u00f1os que unieron cerca de 10 mil cuadrados tejidos. El rabino [&hellip;]<\/p>\n","protected":false},"author":2,"featured_media":9841,"comment_status":"open","ping_status":"open","sticky":false,"template":"","format":"standard","meta":{"_et_pb_use_builder":"","_et_pb_old_content":"","_et_gb_content_width":"","footnotes":""},"categories":[84],"tags":[],"class_list":["post-9840","post","type-post","status-publish","format-standard","has-post-thumbnail","hentry","category-ultimomomento"],"_links":{"self":[{"href":"https:\/\/verdadincomodadiario.ar\/index.php?rest_route=\/wp\/v2\/posts\/9840","targetHints":{"allow":["GET"]}}],"collection":[{"href":"https:\/\/verdadincomodadiario.ar\/index.php?rest_route=\/wp\/v2\/posts"}],"about":[{"href":"https:\/\/verdadincomodadiario.ar\/index.php?rest_route=\/wp\/v2\/types\/post"}],"author":[{"embeddable":true,"href":"https:\/\/verdadincomodadiario.ar\/index.php?rest_route=\/wp\/v2\/users\/2"}],"replies":[{"embeddable":true,"href":"https:\/\/verdadincomodadiario.ar\/index.php?rest_route=%2Fwp%2Fv2%2Fcomments&post=9840"}],"version-history":[{"count":0,"href":"https:\/\/verdadincomodadiario.ar\/index.php?rest_route=\/wp\/v2\/posts\/9840\/revisions"}],"wp:featuredmedia":[{"embeddable":true,"href":"https:\/\/verdadincomodadiario.ar\/index.php?rest_route=\/wp\/v2\/media\/9841"}],"wp:attachment":[{"href":"https:\/\/verdadincomodadiario.ar\/index.php?rest_route=%2Fwp%2Fv2%2Fmedia&parent=9840"}],"wp:term":[{"taxonomy":"category","embeddable":true,"href":"https:\/\/verdadincomodadiario.ar\/index.php?rest_route=%2Fwp%2Fv2%2Fcategories&post=9840"},{"taxonomy":"post_tag","embeddable":true,"href":"https:\/\/verdadincomodadiario.ar\/index.php?rest_route=%2Fwp%2Fv2%2Ftags&post=9840"}],"curies":[{"name":"wp","href":"https:\/\/api.w.org\/{rel}","templated":true}]}}