{"id":9836,"date":"2025-07-03T19:23:42","date_gmt":"2025-07-03T19:23:42","guid":{"rendered":"https:\/\/verdadincomodadiario.ar\/?p=9836"},"modified":"2025-07-03T19:23:42","modified_gmt":"2025-07-03T19:23:42","slug":"el-bid-financia-a-la-intersocial-feminista-con-millones-de-dolares","status":"publish","type":"post","link":"https:\/\/verdadincomodadiario.ar\/?p=9836","title":{"rendered":"El BID financia a la Intersocial Feminista con millones de d\u00f3lares"},"content":{"rendered":"<p>La Intersocial Feminista es una plataforma de varios grupos formales e informales de feministas fundada en 2017, para <strong>apoyar<\/strong> al gobierno del entonces presidente Tabar\u00e9 <strong>V\u00e1zquez<\/strong>.<\/p>\n<p>Dentro de la Intersocial se agrupan desde organizaciones con personer\u00eda jur\u00eddica formales, hasta <strong>grupos<\/strong>\u00a0<strong>de<\/strong>\u00a0<strong>choque<\/strong> que protagonizan marchas ultra violentas el 8 de marzo, D\u00eda de la Mujer.<\/p>\n<p>La Intersocial Feminista est\u00e1 completamente alineada a la <strong>izquierda<\/strong> radical. De hecho sus <strong>cabecillas<\/strong> son integrantes de sectores del Frente Amplio, del PIT-CNT o de la FEUU (estudiantes universitarias).<\/p>\n<p>La hoy vicepresidente Carolina <strong>Cosse<\/strong> suele encabezar las <strong>marchas<\/strong> del 8 de marzo por la avenida 18 de julio en Montevideo.<\/p>\n<div class=\"inter_image image_horizontal\">\n<picture><source class=\"img-responsive\" type=\"image\/webp\" data-srcset=\"https:\/\/filesedc.com\/uploads\/image\/post\/2025\/07\/multimedianormal9eac0ec5323a926e696e746572736f6369616c2d66656d696e697374615f6e6f726d616c2e6a7067_300_200.webp 300w, https:\/\/filesedc.com\/uploads\/image\/post\/2025\/07\/multimedianormal9eac0ec5323a926e696e746572736f6369616c2d66656d696e697374615f6e6f726d616c2e6a7067_630_420.webp 630w, https:\/\/filesedc.com\/uploads\/image\/post\/2025\/07\/multimedianormal9eac0ec5323a926e696e746572736f6369616c2d66656d696e697374615f6e6f726d616c2e6a7067_760_507.webp 760w, https:\/\/filesedc.com\/uploads\/image\/post\/2025\/07\/multimedianormal9eac0ec5323a926e696e746572736f6369616c2d66656d696e697374615f6e6f726d616c2e6a7067_1200_800.webp 1200w, https:\/\/filesedc.com\/uploads\/image\/post\/2025\/07\/multimedianormal9eac0ec5323a926e696e746572736f6369616c2d66656d696e697374615f6e6f726d616c2e6a7067_1600_1067.webp 1600w, \"><img decoding=\"async\" src=\"https:\/\/derechadiario.com.ar\/filesedc\/uploads\/image\/post\/2025\/07\/multimedianormal9eac0ec5323a926e696e746572736f6369616c2d66656d696e697374615f6e6f726d616c2e6a7067_1200_800.webp\" class=\"img-responsive lazyload\" alt=\"Mujeres en una manifestaci\u00f3n sosteniendo una bandera morada con el texto Intersocial Feminista y otra pancarta que dice El racismo y el patriarcado matan\" title=\"Mujeres en una manifestaci\u00f3n sosteniendo una bandera morada con el texto Intersocial Feminista y otra pancarta que dice El racismo y el patriarcado matan\"><\/picture>\n<div>\n<span class=\"img_footer\">Marcha feminista  <\/span>| <span class=\"img_author\">La Derecha Diario<\/span>\n<\/div>\n<\/div>\n<h2>Financiamiento con dinero p\u00fablico<\/h2>\n<p>Las organizaciones feministas que tienen personer\u00eda jur\u00eddica pueden celebrar <strong>convenios<\/strong> con organismos estatales y de esta forma financiarse.<\/p>\n<p>Este es un esquema <strong>corrupto<\/strong>, que se basa en que la ONG se presenta ante un organismo <strong>estatal<\/strong> asegurando que va a desarrollar un &#8220;programa&#8221;, &#8220;taller&#8221; o &#8220;seminario&#8221;, contra la denominada &#8220;violencia de g\u00e9nero&#8221; o &#8220;contra el acoso callejero&#8221;.<\/p>\n<p>Celebrado el <strong>convenio<\/strong> la organizaci\u00f3n feminista empieza a recibir dinero p\u00fablico.\u00a0 La vigencia de estos convenios pueden durar meses o a\u00f1os.<\/p>\n<p>Los organismos estatales que m\u00e1s dinero han inyectado a las ONGs han sido el <strong>MIDES<\/strong> y la intendencia de Montevideo, pero no son los \u00fanicos.\u00a0<\/p>\n<p>Las intendencias del Interior tambi\u00e9n suelen inyectarle <strong>dinero<\/strong> de los <strong>contribuyentes<\/strong> a estas ONGs.<\/p>\n<p>El feminismo en Uruguay, como todo negocio, necesita dinero, y ese dinero se extrae de los contribuyentes.<\/p>\n<p>Se utiliza la caja del Estado para financiarse. Es decir que el <strong>dinero<\/strong> de los contribuyentes en lugar de invertirse en seguridad o en educaci\u00f3n, se <strong>malgasta<\/strong> en ideolog\u00eda de g\u00e9nero, que es la ideolog\u00eda que mueve a estos grupos subvencionados.<\/p>\n<h2>Financiamiento del BlD<\/h2>\n<p>En noviembre de 2021 el Banco Interamericano de Desarrollo (BID) aprob\u00f3 un <strong>cr\u00e9dito<\/strong> de 4.100.000 millones de d\u00f3lares, y adem\u00e1s un <strong>financiamiento<\/strong> no reembolsable de 1.000.000 de d\u00f3lares para &#8220;promover de una vida libre de violencia basada en g\u00e9nero y al logro de la igualdad de g\u00e9nero en Uruguay&#8221;.\u00a0<\/p>\n<figure><img decoding=\"async\" src=\"https:\/\/derechadiario.com.ar\/filesedc\/uploads\/image\/post\/2025\/07\/screenshot-20250703-035553_1200_800.webp\" class=\"img-responsive lazyload\" alt=\"Uruguay impulsar\u00e1 una vida sin violencia de g\u00e9nero con el respaldo del BID en noviembre de 2021\" title=\"Uruguay impulsar\u00e1 una vida sin violencia de g\u00e9nero con el respaldo del BID en noviembre de 2021\"><\/figure>\n<p>Esta operaci\u00f3n es el primer &#8220;<strong>pr\u00e9stamo<\/strong> de inversi\u00f3n&#8221; del BID enfocado exclusivamente en &#8220;luchar contra la violencia basada en g\u00e9nero&#8221;.<\/p>\n<p>Esta operaci\u00f3n millonaria se encuentra alineada con la &#8220;Visi\u00f3n 2025 \u2013 Reinvertir en las Am\u00e9ricas: Una D\u00e9cada de Oportunidades&#8221;.<\/p>\n<p>Es un plan de acci\u00f3n creado por el BID &#8220;para lograr la recuperaci\u00f3n y el crecimiento inclusivo de Am\u00e9rica Latina y el Caribe&#8221;.<\/p>\n<p>Los datos los proporcion\u00f3 el propio BID en su p\u00e1gina web el 23 de noviembre de 2021.<\/p>\n<p>C\u00f3mo se advierte f\u00e1cilmente, un organismo de cr\u00e9dito internacional le inyecta <strong>dinero<\/strong> a la Intersocial Feminista, y \u00e9sta luego lo reparte entre sus diversas organizaciones.<\/p>\n<p>A algunas les toca m\u00e1s y a otras menos, pero casi todas <strong>cobran<\/strong> algo.<\/p>\n<p>\u00a0La &#8220;lucha feminista&#8221; se reduce a un negocio donde los contribuyentes que pagan impuestos las subvencionan, y tambi\u00e9n los organismos de cr\u00e9dito internacionales aportan millones de d\u00f3lares.<\/p>\n<h2>Negocio inmoral<\/h2>\n<p>El <strong>dinero<\/strong> para la &#8220;lucha contra la violencia de g\u00e9nero&#8221; en realidad termina el bolsillo de las que dirigen estas organizaciones.<\/p>\n<p>Las mujeres uruguayas honestas que trabajan todos los d\u00edas no reciben un solo peso.<\/p>\n<p>El financiamiento, tanto nacional como internacional, es para engordar los <strong>bolsillos<\/strong> de las mujeres que encabezan estas ONGs, que usan al resto de la f\u00e9minas uruguayas para su prop\u00f3sito desleal.<\/p>\n<figure><img decoding=\"async\" src=\"https:\/\/derechadiario.com.ar\/filesedc\/uploads\/image\/post\/2025\/07\/ran20180308-152_1200_800.webp\" class=\"img-responsive lazyload\" alt=\"Grupo de mujeres reunidas en un escenario, algunas usando prendas moradas y pa\u00f1uelos, mientras una de ellas lee un documento frente a un micr\u00f3fono\" title=\"Grupo de mujeres reunidas en un escenario, algunas usando prendas moradas y pa\u00f1uelos, mientras una de ellas lee un documento frente a un micr\u00f3fono\"><\/figure>\n<p>Es un negocio inmoral y oscuro basado en la mentira de la &#8220;lucha por la igualdad&#8221;.<\/p>\n<p>Las principales dirigentes del feminismo uruguayo no pueden explicar como aumentaron su patrimonio en pocos a\u00f1os.<\/p>\n<p>Hay casos de algunas que en poco tiempo <strong>compraron<\/strong> coches\u00a0 cero kil\u00f3metro y chalets en balnearios, al poco tiempo de integrar la directiva de una ONG.<\/p>\n<p>Todo es muy opaco, <strong>oscuro<\/strong>, y sumamente turbio.<\/p>\n","protected":false},"excerpt":{"rendered":"<p>La Intersocial Feminista es una plataforma de varios grupos formales e informales de feministas fundada en 2017, para apoyar al gobierno del entonces presidente Tabar\u00e9 V\u00e1zquez. Dentro de la Intersocial se agrupan desde organizaciones con personer\u00eda jur\u00eddica formales, hasta grupos\u00a0de\u00a0choque que protagonizan marchas ultra violentas el 8 de marzo, D\u00eda de la Mujer. La Intersocial [&hellip;]<\/p>\n","protected":false},"author":2,"featured_media":9837,"comment_status":"open","ping_status":"open","sticky":false,"template":"","format":"standard","meta":{"_et_pb_use_builder":"","_et_pb_old_content":"","_et_gb_content_width":"","footnotes":""},"categories":[84],"tags":[],"class_list":["post-9836","post","type-post","status-publish","format-standard","has-post-thumbnail","hentry","category-ultimomomento"],"_links":{"self":[{"href":"https:\/\/verdadincomodadiario.ar\/index.php?rest_route=\/wp\/v2\/posts\/9836","targetHints":{"allow":["GET"]}}],"collection":[{"href":"https:\/\/verdadincomodadiario.ar\/index.php?rest_route=\/wp\/v2\/posts"}],"about":[{"href":"https:\/\/verdadincomodadiario.ar\/index.php?rest_route=\/wp\/v2\/types\/post"}],"author":[{"embeddable":true,"href":"https:\/\/verdadincomodadiario.ar\/index.php?rest_route=\/wp\/v2\/users\/2"}],"replies":[{"embeddable":true,"href":"https:\/\/verdadincomodadiario.ar\/index.php?rest_route=%2Fwp%2Fv2%2Fcomments&post=9836"}],"version-history":[{"count":0,"href":"https:\/\/verdadincomodadiario.ar\/index.php?rest_route=\/wp\/v2\/posts\/9836\/revisions"}],"wp:featuredmedia":[{"embeddable":true,"href":"https:\/\/verdadincomodadiario.ar\/index.php?rest_route=\/wp\/v2\/media\/9837"}],"wp:attachment":[{"href":"https:\/\/verdadincomodadiario.ar\/index.php?rest_route=%2Fwp%2Fv2%2Fmedia&parent=9836"}],"wp:term":[{"taxonomy":"category","embeddable":true,"href":"https:\/\/verdadincomodadiario.ar\/index.php?rest_route=%2Fwp%2Fv2%2Fcategories&post=9836"},{"taxonomy":"post_tag","embeddable":true,"href":"https:\/\/verdadincomodadiario.ar\/index.php?rest_route=%2Fwp%2Fv2%2Ftags&post=9836"}],"curies":[{"name":"wp","href":"https:\/\/api.w.org\/{rel}","templated":true}]}}