{"id":9834,"date":"2025-07-03T19:23:43","date_gmt":"2025-07-03T19:23:43","guid":{"rendered":"https:\/\/verdadincomodadiario.ar\/?p=9834"},"modified":"2025-07-03T19:23:43","modified_gmt":"2025-07-03T19:23:43","slug":"cordoba-ridiculos-ambientalistas-boicotearon-su-circo-verde-a-los-gritos-por-un-arbol","status":"publish","type":"post","link":"https:\/\/verdadincomodadiario.ar\/?p=9834","title":{"rendered":"C\u00f3rdoba: rid\u00edculos ambientalistas boicotearon su circo verde a los gritos por un \u00e1rbol"},"content":{"rendered":"<p>Mientras C\u00f3rdoba se hunde entre baches, basura e inseguridad, el oficialismo organiz\u00f3 una cumbre clim\u00e1tica sin impacto real. En pleno show ambientalista financiado con recursos p\u00fablicos, <strong>un grupo de ecologistas estall\u00f3 con un reclamo inesperado. \u201c\u00a1Salven al <a href=\"https:\/\/derechadiario.com.ar\/sociedad\/cordoba-con-amparo-ambientalistas-carga-nuevo-por-quebracho\" title=\"C\u00f3rdoba: con un amparo, ambientalistas van a la carga de nuevo por el quebracho\">quebracho blanco<\/a>!\u201d<\/strong>, gritaban, tapando el discurso que pretend\u00eda salvar al planeta entero.<\/p>\n<p>La escena tuvo lugar en el Centro de Convenciones, donde se realiza la <a href=\"https:\/\/derechadiario.com.ar\/politica\/cordoba-gasta-millones-su-circo-climatico-shows-globalistas-y-agenda-2030\" title=\"C\u00f3rdoba gasta millones en su circo  clim\u00e1tico: shows globalistas y agenda 2030\">1\u00b0 Conferencia Clim\u00e1tica Internacional<\/a>. All\u00ed, m\u00e1s de 5.000 acreditados escuchaban discursos vac\u00edos sobre econom\u00eda circular y resiliencia territorial. Pero <strong>un pu\u00f1ado de manifestantes interrumpi\u00f3 el evento exigiendo que no talen un \u00e1rbol en Villa Allende.<\/strong><\/p>\n<p>El reclamo apunta contra las obras en avenida Padre Luchesse, que afectar\u00edan a un quebracho blanco de m\u00e1s de 200 a\u00f1os. Los manifestantes <strong>acampan a metros de Villa Allende para frenar la remoci\u00f3n.<\/strong> Exigieron que el gobierno \u201csea coherente\u201d con su discurso ecol\u00f3gico.<\/p>\n<div class=\"inter_image image_horizontal\">\n<picture><source class=\"img-responsive\" type=\"image\/webp\" data-srcset=\"https:\/\/filesedc.com\/uploads\/image\/post\/2025\/07\/327_300_200.webp 300w, https:\/\/filesedc.com\/uploads\/image\/post\/2025\/07\/327_630_420.webp 630w, https:\/\/filesedc.com\/uploads\/image\/post\/2025\/07\/327_760_507.webp 760w, https:\/\/filesedc.com\/uploads\/image\/post\/2025\/07\/327_1200_800.webp 1200w, https:\/\/filesedc.com\/uploads\/image\/post\/2025\/07\/327_1600_1067.webp 1600w, \"><img decoding=\"async\" src=\"https:\/\/derechadiario.com.ar\/filesedc\/uploads\/image\/post\/2025\/07\/327_1200_800.webp\" class=\"img-responsive lazyload\" alt=\"Personas protestan levantando carteles frente al escenario durante una conferencia sobre econom\u00eda circular con p\u00fablico y ponentes al fondo\" title=\"Personas protestan levantando carteles frente al escenario durante una conferencia sobre econom\u00eda circular con p\u00fablico y ponentes al fondo\"><\/picture>\n<div>\n<span class=\"img_footer\">El gobierno provincial organiz\u00f3 este circo financiado con fondos p\u00fablicos para contentar a  progresistas como estos. <\/span>| <span class=\"img_author\">La Derecha Diario<\/span>\n<\/div>\n<\/div>\n<h2>La incoherencia verde que dej\u00f3 en evidencia la farsa oficial<\/h2>\n<p>El episodio fue bautizado por los propios manifestantes como una \u00a0<strong>\u201ccontracumbre del clima\u201d<\/strong>. La consigna fue clara: \u201cNo se puede hablar de ambiente mientras destruyen \u00e1rboles nativos\u201d. <strong><a href=\"https:\/\/derechadiario.com.ar\/sociedad\/ambientalismo-extremo-villa-allende-vecinos-se-encadenaron-arbol\" title=\"Ambientalismo extremo en Villa Allende: vecinos se encadenaron a un \u00e1rbol\">Un solo \u00e1rbol<\/a> bast\u00f3 para hacer colapsar la ret\u00f3rica hueca del evento oficialista.<\/strong><\/p>\n<aside class=\"are-you-interested-container-photo\"><\/aside>\n<p>Mientras el gobierno provincial\u00a0firmaba\u00a0compromisos para \u201csalvar el planeta\u201d, los suyos exig\u00edan frenar una obra vial. <strong>La escena dej\u00f3 expuesto el doble discurso que caracteriza a estas iniciativas.<\/strong> La misma pol\u00edtica que imprime folletos reciclables talar\u00eda un \u00e1rbol para asfaltar.<\/p>\n<aside class=\"whatsappChannelText\"><a href=\"https:\/\/whatsapp.com\/channel\/0029VagEjILGE56eKjedWF2U\" rel=\"nofollow\" title=\"WhatsApp Link\"><img alt=\"Logo de WhatsApp\" class=\"lazyload\" data-src=\"https:\/\/derechadiario.com.ar\/filesedc\/uploads\/other\/whatsapp_icon_mid_article.png\" width=\"32\" height=\"32\"><\/a> <a href=\"https:\/\/whatsapp.com\/channel\/0029VagEjILGE56eKjedWF2U\" rel=\"nofollow\" title=\"WhatsApp Link\"><strong>NO SE PIERDAN NINGUNA NOTICIA<\/strong>: Click aqu\u00ed para sumarte <strong>GRATIS<\/strong> al canal de noticias de <strong>La Derecha Diario en WhatsApp.<\/strong><\/a><\/aside>\n<figure><img decoding=\"async\" src=\"https:\/\/derechadiario.com.ar\/filesedc\/uploads\/image\/post\/2025\/07\/329_1200_800.webp\" class=\"img-responsive lazyload\" alt=\"Persona sosteniendo un cartel verde que dice \" salven al quebracho en medio de un evento con varias personas sentadas observando title=\"Persona sosteniendo un cartel verde que dice \"><\/figure>\n<h2>El invento revienta al inventor<\/h2>\n<p>Lo cierto es que mientras se organizan foros internacionales con catering, pantallas y marketing verde, <a href=\"https:\/\/derechadiario.com.ar\/politica\/cordoba-capital-colapsa-passerini-organiza-cumbres-verdes-sin-sentido\" title=\"Rid\u00edculo: C\u00f3rdoba capital colapsa, pero Passerini organiza cumbres verdes sin sentido\">C\u00f3rdoba capital colapsa<\/a>. Barrios enteros viven con calles rotas, basura acumulada, luminarias apagadas y nula presencia policial. Sin embargo, <strong>se destinan millones a un evento que termin\u00f3 interrumpido por su propia tropa.<\/strong><\/p>\n<p>La gesti\u00f3n del peronismo cordob\u00e9s queda otra vez al desnudo: discursos para afuera y abandono hacia adentro. El episodio del quebracho blanco no es un detalle menor: muestra el abismo entre lo que dicen y lo que hacen. <strong>La incoherencia ecol\u00f3gica, esta vez, les estall\u00f3 en la cara.<\/strong><\/p>\n<p>En redes sociales, los usuarios no tardaron en burlarse de la escena. \u201cInventaron una cumbre para aplaudirse entre ellos y terminaron grit\u00e1ndose en vivo\u201d, resumi\u00f3 un vecino. <strong>La iron\u00eda se volvi\u00f3 viral: ni siquiera los rid\u00edculos\u00a0ambientalistas les creen.<\/strong><\/p>\n","protected":false},"excerpt":{"rendered":"<p>Mientras C\u00f3rdoba se hunde entre baches, basura e inseguridad, el oficialismo organiz\u00f3 una cumbre clim\u00e1tica sin impacto real. En pleno show ambientalista financiado con recursos p\u00fablicos, un grupo de ecologistas estall\u00f3 con un reclamo inesperado. \u201c\u00a1Salven al quebracho blanco!\u201d, gritaban, tapando el discurso que pretend\u00eda salvar al planeta entero. La escena tuvo lugar en el [&hellip;]<\/p>\n","protected":false},"author":2,"featured_media":9835,"comment_status":"open","ping_status":"open","sticky":false,"template":"","format":"standard","meta":{"_et_pb_use_builder":"","_et_pb_old_content":"","_et_gb_content_width":"","footnotes":""},"categories":[84],"tags":[],"class_list":["post-9834","post","type-post","status-publish","format-standard","has-post-thumbnail","hentry","category-ultimomomento"],"_links":{"self":[{"href":"https:\/\/verdadincomodadiario.ar\/index.php?rest_route=\/wp\/v2\/posts\/9834","targetHints":{"allow":["GET"]}}],"collection":[{"href":"https:\/\/verdadincomodadiario.ar\/index.php?rest_route=\/wp\/v2\/posts"}],"about":[{"href":"https:\/\/verdadincomodadiario.ar\/index.php?rest_route=\/wp\/v2\/types\/post"}],"author":[{"embeddable":true,"href":"https:\/\/verdadincomodadiario.ar\/index.php?rest_route=\/wp\/v2\/users\/2"}],"replies":[{"embeddable":true,"href":"https:\/\/verdadincomodadiario.ar\/index.php?rest_route=%2Fwp%2Fv2%2Fcomments&post=9834"}],"version-history":[{"count":0,"href":"https:\/\/verdadincomodadiario.ar\/index.php?rest_route=\/wp\/v2\/posts\/9834\/revisions"}],"wp:featuredmedia":[{"embeddable":true,"href":"https:\/\/verdadincomodadiario.ar\/index.php?rest_route=\/wp\/v2\/media\/9835"}],"wp:attachment":[{"href":"https:\/\/verdadincomodadiario.ar\/index.php?rest_route=%2Fwp%2Fv2%2Fmedia&parent=9834"}],"wp:term":[{"taxonomy":"category","embeddable":true,"href":"https:\/\/verdadincomodadiario.ar\/index.php?rest_route=%2Fwp%2Fv2%2Fcategories&post=9834"},{"taxonomy":"post_tag","embeddable":true,"href":"https:\/\/verdadincomodadiario.ar\/index.php?rest_route=%2Fwp%2Fv2%2Ftags&post=9834"}],"curies":[{"name":"wp","href":"https:\/\/api.w.org\/{rel}","templated":true}]}}