{"id":9832,"date":"2025-07-03T19:23:44","date_gmt":"2025-07-03T19:23:44","guid":{"rendered":"https:\/\/verdadincomodadiario.ar\/?p=9832"},"modified":"2025-07-03T19:23:44","modified_gmt":"2025-07-03T19:23:44","slug":"santiago-del-azar-se-defendio-de-las-acusaciones-de-violencia-de-melody-luz","status":"publish","type":"post","link":"https:\/\/verdadincomodadiario.ar\/?p=9832","title":{"rendered":"Santiago del Azar se defendi\u00f3 de las acusaciones de violencia de Melody Luz"},"content":{"rendered":"<p><a href=\"https:\/\/derechadiario.com.ar\/sociedad\/gesto-santiago-del-azar-tras-reconciliacion-alex-caniggia-y-melody-luz\" title=\"El gesto de Santiago del Azar tras la reconciliaci\u00f3n de Alex Caniggia y Melody Luz\"><strong>Santiago del Azar<\/strong> <\/a>eligi\u00f3 el programa <em>Mujeres argentinas<\/em> para contar <strong>su versi\u00f3n sobre la conflictiva relaci\u00f3n que mantuvo con la bailarina Melody Luz<\/strong>, quien en los \u00faltimos d\u00edas lo calific\u00f3 como un <strong>\u201cchef violento\u201d.<\/strong> Durante una extensa entrevista, Del Azar se mostr\u00f3 visiblemente afectado y decidi\u00f3 aclarar cada uno de los se\u00f1alamientos que recibi\u00f3.<\/p>\n<p><strong>\u201cMe siento triste y decepcionado. Vengo a defender mi nombre y a defenderme como hombre\u201d,<\/strong> expres\u00f3 apenas comenz\u00f3 la conversaci\u00f3n con la conductora <strong>Bel\u00e9n Ludue\u00f1a<\/strong>. Seg\u00fan explic\u00f3, su objetivo no es atacar a Melody, sino poner en palabras<a href=\"https:\/\/derechadiario.com.ar\/sociedad\/santiago-del-azar-rompio-silencio-y-confirmo-su-ruptura-con-melody-luz\" title=\"Santiago del Azar rompi\u00f3 el silencio y confirm\u00f3 su ruptura con Melody Luz\"> todo lo que vivi\u00f3 en los \u00faltimos meses.<\/a> <strong>\u201cCreo que las mujeres tienen todos los derechos y est\u00e1 muy bien, pero los hombres tambi\u00e9n los tenemos. Y yo vengo a defender eso\u201d<\/strong>, afirm\u00f3.<\/p>\n<div class=\"inter_image image_horizontal\">\n<picture><source class=\"img-responsive\" type=\"image\/webp\" data-srcset=\"https:\/\/filesedc.com\/uploads\/image\/post\/2025\/07\/captura-de-pantalla-2025-07-03-a-las-152540_300_200.webp 300w, https:\/\/filesedc.com\/uploads\/image\/post\/2025\/07\/captura-de-pantalla-2025-07-03-a-las-152540_630_420.webp 630w, https:\/\/filesedc.com\/uploads\/image\/post\/2025\/07\/captura-de-pantalla-2025-07-03-a-las-152540_760_507.webp 760w, https:\/\/filesedc.com\/uploads\/image\/post\/2025\/07\/captura-de-pantalla-2025-07-03-a-las-152540_1200_800.webp 1200w, https:\/\/filesedc.com\/uploads\/image\/post\/2025\/07\/captura-de-pantalla-2025-07-03-a-las-152540_1600_1067.webp 1600w, \"><img decoding=\"async\" src=\"https:\/\/derechadiario.com.ar\/filesedc\/uploads\/image\/post\/2025\/07\/captura-de-pantalla-2025-07-03-a-las-152540_1200_800.webp\" class=\"img-responsive lazyload\" alt=\"Hombre con barba corta y cabello corto viste camisa clara y delantal oscuro frente a una pared gris\" title=\"Hombre con barba corta y cabello corto viste camisa clara y delantal oscuro frente a una pared gris\"><\/picture>\n<div>\n<span class=\"img_footer\"> Del Azar se mostr\u00f3 visiblemente afectado <\/span>| <span class=\"img_author\">La Derecha Diario<\/span>\n<\/div>\n<\/div>\n<p>Uno de los puntos que m\u00e1s le dolieron al cocinero fue que la bailarina diera detalles de supuestos episodios de agresividad. \u00a0<strong>\u201cEscuch\u00e9 toda la nota donde ella dice que no fui violento, pero que le pate\u00e9 la puerta. Entonces, \u00bfen qu\u00e9 quedamos? \u00bfSoy violento o no? \u00bfSoy agresivo o no?\u201d<\/strong>, se pregunt\u00f3, visiblemente molesto por las contradicciones que, seg\u00fan \u00e9l, empa\u00f1aron su imagen.<\/p>\n<p>El momento que m\u00e1s lo marc\u00f3 fue cuando descubri\u00f3 que Melody ten\u00eda sentimientos por Alex Caniggia. <strong>\u201cDesde el d\u00eda uno la cuid\u00e9, la acompa\u00f1\u00e9. Me bancaba noches de l\u00e1grimas porque \u00e9l se hab\u00eda ido con una mujer a un campo. Yo le dec\u00eda \u2018vos no est\u00e1s llorando por tu hija, est\u00e1s llorando por \u00e9l\u2019. Y ella insist\u00eda en que no, pero para m\u00ed estaba claro\u201d<\/strong>, revel\u00f3 sobre el episodio que, seg\u00fan cont\u00f3, le abri\u00f3 los ojos.<\/p>\n<aside class=\"whatsappChannelText\"><a href=\"https:\/\/whatsapp.com\/channel\/0029VagEjILGE56eKjedWF2U\" rel=\"nofollow\" title=\"WhatsApp Link\"><img alt=\"Logo de WhatsApp\" class=\"lazyload\" data-src=\"https:\/\/derechadiario.com.ar\/filesedc\/uploads\/other\/whatsapp_icon_mid_article.png\" width=\"32\" height=\"32\"><\/a> <a href=\"https:\/\/whatsapp.com\/channel\/0029VagEjILGE56eKjedWF2U\" rel=\"nofollow\" title=\"WhatsApp Link\"><strong>NO SE PIERDAN NINGUNA NOTICIA<\/strong>: Click aqu\u00ed para sumarte <strong>GRATIS<\/strong> al canal de noticias de <strong>La Derecha Diario en WhatsApp.<\/strong><\/a><\/aside>\n<aside class=\"are-you-interested-container-photo\"><\/aside>\n<figure><img decoding=\"async\" src=\"https:\/\/derechadiario.com.ar\/filesedc\/uploads\/image\/post\/2025\/07\/captura-de-pantalla-2025-07-03-a-las-152525_1200_1600.webp\" class=\"img-responsive lazyload\" alt=\"Dos personas posan para una selfie en el espejo de un ascensor, una de ellas sostiene el tel\u00e9fono mientras la otra sonr\u00ede y lo mira\" title=\"Dos personas posan para una selfie en el espejo de un ascensor, una de ellas sostiene el tel\u00e9fono mientras la otra sonr\u00ede y lo mira\"><\/figure>\n<p>Del Azar tambi\u00e9n cuestion\u00f3 la versi\u00f3n que su expareja hizo p\u00fablica acerca del final de la relaci\u00f3n. <strong>\u201cElla dice \u2018lograste lo que quer\u00edas\u2019. No, vos lograste lo que quer\u00edas. Yo no quer\u00eda que me dejes\u201d<\/strong>, asegur\u00f3 conmovido. Y agreg\u00f3: <strong>\u201cUn mont\u00f3n de cosas pasaron en esa relaci\u00f3n que hicieron que yo sea mucho m\u00e1s inseguro\u201d.<\/strong><\/p>\n<p>Por \u00faltimo, el chef explic\u00f3 por qu\u00e9 decidi\u00f3 hablar ahora. <strong>\u201cMe cans\u00e9 de callarme. Yo no vengo a juzgarla ni a dejarla mal parada, solo vengo a decir la verdad y a expresar lo que siento\u201d,<\/strong> cerr\u00f3.<\/p>\n","protected":false},"excerpt":{"rendered":"<p>Santiago del Azar eligi\u00f3 el programa Mujeres argentinas para contar su versi\u00f3n sobre la conflictiva relaci\u00f3n que mantuvo con la bailarina Melody Luz, quien en los \u00faltimos d\u00edas lo calific\u00f3 como un \u201cchef violento\u201d. Durante una extensa entrevista, Del Azar se mostr\u00f3 visiblemente afectado y decidi\u00f3 aclarar cada uno de los se\u00f1alamientos que recibi\u00f3. \u201cMe [&hellip;]<\/p>\n","protected":false},"author":2,"featured_media":9833,"comment_status":"open","ping_status":"open","sticky":false,"template":"","format":"standard","meta":{"_et_pb_use_builder":"","_et_pb_old_content":"","_et_gb_content_width":"","footnotes":""},"categories":[84],"tags":[],"class_list":["post-9832","post","type-post","status-publish","format-standard","has-post-thumbnail","hentry","category-ultimomomento"],"_links":{"self":[{"href":"https:\/\/verdadincomodadiario.ar\/index.php?rest_route=\/wp\/v2\/posts\/9832","targetHints":{"allow":["GET"]}}],"collection":[{"href":"https:\/\/verdadincomodadiario.ar\/index.php?rest_route=\/wp\/v2\/posts"}],"about":[{"href":"https:\/\/verdadincomodadiario.ar\/index.php?rest_route=\/wp\/v2\/types\/post"}],"author":[{"embeddable":true,"href":"https:\/\/verdadincomodadiario.ar\/index.php?rest_route=\/wp\/v2\/users\/2"}],"replies":[{"embeddable":true,"href":"https:\/\/verdadincomodadiario.ar\/index.php?rest_route=%2Fwp%2Fv2%2Fcomments&post=9832"}],"version-history":[{"count":0,"href":"https:\/\/verdadincomodadiario.ar\/index.php?rest_route=\/wp\/v2\/posts\/9832\/revisions"}],"wp:featuredmedia":[{"embeddable":true,"href":"https:\/\/verdadincomodadiario.ar\/index.php?rest_route=\/wp\/v2\/media\/9833"}],"wp:attachment":[{"href":"https:\/\/verdadincomodadiario.ar\/index.php?rest_route=%2Fwp%2Fv2%2Fmedia&parent=9832"}],"wp:term":[{"taxonomy":"category","embeddable":true,"href":"https:\/\/verdadincomodadiario.ar\/index.php?rest_route=%2Fwp%2Fv2%2Fcategories&post=9832"},{"taxonomy":"post_tag","embeddable":true,"href":"https:\/\/verdadincomodadiario.ar\/index.php?rest_route=%2Fwp%2Fv2%2Ftags&post=9832"}],"curies":[{"name":"wp","href":"https:\/\/api.w.org\/{rel}","templated":true}]}}