{"id":9830,"date":"2025-07-03T19:23:45","date_gmt":"2025-07-03T19:23:45","guid":{"rendered":"https:\/\/verdadincomodadiario.ar\/?p=9830"},"modified":"2025-07-03T19:23:45","modified_gmt":"2025-07-03T19:23:45","slug":"las-ventas-de-jaguar-se-desplomaron-mas-de-un-97-tras-su-campana-publicitaria-woke","status":"publish","type":"post","link":"https:\/\/verdadincomodadiario.ar\/?p=9830","title":{"rendered":"Las ventas de Jaguar se desplomaron m\u00e1s de un 97% tras su campa\u00f1a publicitaria &#8216;woke&#8217;"},"content":{"rendered":"<p>Las ventas de <strong>Jaguar Land Rover<\/strong> (JLR), la reconocida automotriz brit\u00e1nica, registraron una <strong>ca\u00edda del 97,5%<\/strong> en el mercado europeo, una baja que responde\u00a0a su <strong>fallida<\/strong> y <strong>pol\u00e9mica<\/strong> estrategia de marketing con un enfoque &#8220;<a href=\"https:\/\/derechadiario.com.ar\/internacionales\/caen-las-acciones-jaguar-medio-criticas-por-propaganda-woke-marca\" target=\"_blank\" title=\"Caen las acciones de Jaguar en medio de cr\u00edticas por una propaganda 'woke' de la marca\"><strong>woke<\/strong><\/a>&#8220;, seg\u00fan revelaron los datos de la Asociaci\u00f3n Europea de Fabricantes de Autom\u00f3viles.<\/p>\n<p>Las cifras indican que en abril la empresa vendi\u00f3 <strong>tan solo 49 veh\u00edculos<\/strong> en Europa, una dr\u00e1stica disminuci\u00f3n frente a las <strong>1.961 unidades<\/strong> comercializadas durante el mismo mes del a\u00f1o anterior. En el acumulado de los primeros cuatro meses del a\u00f1o, las ventas descendieron un <strong>75,1%<\/strong>, alcanzando apenas los <strong>2.655 autos vendidos<\/strong>.<\/p>\n<p>De acuerdo con el New York Post, este desplome comercial ocurri\u00f3 luego del lanzamiento de una controvertida campa\u00f1a publicitaria en noviembre, donde se presentaban <strong>personas LGBT<\/strong>\u00a0vistiendo atuendos multicolores con frases como \u201c<strong>Copiar nada<\/strong>\u201d y \u201c<strong>Vivir la vida<\/strong>\u201d, pero sin mostrar en pantalla los caracter\u00edsticos autos deportivos de la marca.<\/p>\n<div class=\"inter_image image_horizontal\">\n<picture><source class=\"img-responsive\" type=\"image\/webp\" data-srcset=\"https:\/\/filesedc.com\/uploads\/image\/post\/2025\/07\/skynews-jaguar-advert-6752324_300_200.webp 300w, https:\/\/filesedc.com\/uploads\/image\/post\/2025\/07\/skynews-jaguar-advert-6752324_630_420.webp 630w, https:\/\/filesedc.com\/uploads\/image\/post\/2025\/07\/skynews-jaguar-advert-6752324_760_507.webp 760w, https:\/\/filesedc.com\/uploads\/image\/post\/2025\/07\/skynews-jaguar-advert-6752324_1200_800.webp 1200w, https:\/\/filesedc.com\/uploads\/image\/post\/2025\/07\/skynews-jaguar-advert-6752324_1600_1067.webp 1600w, \"><img decoding=\"async\" src=\"https:\/\/derechadiario.com.ar\/filesedc\/uploads\/image\/post\/2025\/07\/skynews-jaguar-advert-6752324_1200_800.webp\" class=\"img-responsive lazyload\" alt=\"Grupo de personas con ropa colorida y futurista saliendo de una estructura amarilla con fondo rosa\" title=\"Grupo de personas con ropa colorida y futurista saliendo de una estructura amarilla con fondo rosa\"><\/picture>\n<div>\n<span class=\"img_footer\">La propaganda &#8220;woke&#8221; de Jaguar. <\/span>| <span class=\"img_author\">La Derecha Diario<\/span>\n<\/div>\n<\/div>\n<p>Como parte de esta transformaci\u00f3n de imagen, JLR tambi\u00e9n decidi\u00f3 eliminar el cl\u00e1sico felino de su logotipo y sustituir el tradicional color verde por una gama de tonos m\u00e1s brillantes y llamativos.<\/p>\n<p>Este anuncio &#8220;woke&#8221; de Jaguar hab\u00eda sido duramente <strong>criticado<\/strong> y <strong>cancelado<\/strong> en redes sociales, un hecho que al parecer anticip\u00f3 lo que pod\u00eda llegar a pasar con la marca.<\/p>\n<p>Adem\u00e1s de la fallida campa\u00f1a de marketing, el desplome en las ventas de Jaguar Land Rover tambi\u00e9n se debe al retraso en el lanzamiento de su nuevo modelo insignia: un GT de cuatro puertas cuyo precio rondar\u00e1 los 200.000 d\u00f3lares y que no saldr\u00e1 al mercado hasta finales de 2025, seg\u00fan inform\u00f3 The Economic Times.<\/p>\n<aside class=\"whatsappChannelText\"><a href=\"https:\/\/whatsapp.com\/channel\/0029VagEjILGE56eKjedWF2U\" rel=\"nofollow\" title=\"WhatsApp Link\"><img alt=\"Logo de WhatsApp\" class=\"lazyload\" data-src=\"https:\/\/derechadiario.com.ar\/filesedc\/uploads\/other\/whatsapp_icon_mid_article.png\" width=\"32\" height=\"32\"><\/a> <a href=\"https:\/\/whatsapp.com\/channel\/0029VagEjILGE56eKjedWF2U\" rel=\"nofollow\" title=\"WhatsApp Link\"><strong>NO SE PIERDAN NINGUNA NOTICIA<\/strong>: Click aqu\u00ed para sumarte <strong>GRATIS<\/strong> al canal de noticias de <strong>La Derecha Diario en WhatsApp.<\/strong><\/a><\/aside>\n<figure><img decoding=\"async\" src=\"https:\/\/derechadiario.com.ar\/filesedc\/uploads\/image\/post\/2025\/07\/840-jaguar-k48e-u23080284394hed-1200x840rc_1200_800.webp\" class=\"img-responsive lazyload\" alt=\"Comparaci\u00f3n entre el logotipo cl\u00e1sico de Jaguar en un auto con gotas de agua y el nuevo logotipo moderno sobre un fondo naranja con una persona vestida de manera art\u00edstica\" title=\"Comparaci\u00f3n entre el logotipo cl\u00e1sico de Jaguar en un auto con gotas de agua y el nuevo logotipo moderno sobre un fondo naranja con una persona vestida de manera art\u00edstica\"><\/figure>\n<p>En noviembre de 2024, Bloomberg revel\u00f3 que la marca brit\u00e1nica hab\u00eda decidido suspender la comercializaci\u00f3n de veh\u00edculos nuevos en el Reino Unido hasta 2026, a\u00f1o en el que tiene previsto relanzar su l\u00ednea de productos exclusivamente con modelos el\u00e9ctricos de lujo. Hasta entonces, JLR no abastecer\u00e1 a los concesionarios brit\u00e1nicos con autos nuevos; en su lugar, las unidades que a\u00fan quedan en stock ser\u00e1n clasificadas como seminuevas, sin importar si tienen o no uso previo.<\/p>\n<p>La compa\u00f1\u00eda no ha emitido comentarios en respuesta a las cr\u00edticas por su reciente campa\u00f1a de imagen ni sobre las preocupantes cifras de abril. Seg\u00fan The Economic Times, las ventas globales de Jaguar cayeron de 180.833 unidades en 2018 a apenas 26.862 en el per\u00edodo 2024-2025, lo que convierte al \u00e9xito de su nueva l\u00ednea de veh\u00edculos el\u00e9ctricos en un factor crucial para su futuro en la industria.<\/p>\n","protected":false},"excerpt":{"rendered":"<p>Las ventas de Jaguar Land Rover (JLR), la reconocida automotriz brit\u00e1nica, registraron una ca\u00edda del 97,5% en el mercado europeo, una baja que responde\u00a0a su fallida y pol\u00e9mica estrategia de marketing con un enfoque &#8220;woke&#8220;, seg\u00fan revelaron los datos de la Asociaci\u00f3n Europea de Fabricantes de Autom\u00f3viles. Las cifras indican que en abril la empresa [&hellip;]<\/p>\n","protected":false},"author":2,"featured_media":9831,"comment_status":"open","ping_status":"open","sticky":false,"template":"","format":"standard","meta":{"_et_pb_use_builder":"","_et_pb_old_content":"","_et_gb_content_width":"","footnotes":""},"categories":[84],"tags":[],"class_list":["post-9830","post","type-post","status-publish","format-standard","has-post-thumbnail","hentry","category-ultimomomento"],"_links":{"self":[{"href":"https:\/\/verdadincomodadiario.ar\/index.php?rest_route=\/wp\/v2\/posts\/9830","targetHints":{"allow":["GET"]}}],"collection":[{"href":"https:\/\/verdadincomodadiario.ar\/index.php?rest_route=\/wp\/v2\/posts"}],"about":[{"href":"https:\/\/verdadincomodadiario.ar\/index.php?rest_route=\/wp\/v2\/types\/post"}],"author":[{"embeddable":true,"href":"https:\/\/verdadincomodadiario.ar\/index.php?rest_route=\/wp\/v2\/users\/2"}],"replies":[{"embeddable":true,"href":"https:\/\/verdadincomodadiario.ar\/index.php?rest_route=%2Fwp%2Fv2%2Fcomments&post=9830"}],"version-history":[{"count":0,"href":"https:\/\/verdadincomodadiario.ar\/index.php?rest_route=\/wp\/v2\/posts\/9830\/revisions"}],"wp:featuredmedia":[{"embeddable":true,"href":"https:\/\/verdadincomodadiario.ar\/index.php?rest_route=\/wp\/v2\/media\/9831"}],"wp:attachment":[{"href":"https:\/\/verdadincomodadiario.ar\/index.php?rest_route=%2Fwp%2Fv2%2Fmedia&parent=9830"}],"wp:term":[{"taxonomy":"category","embeddable":true,"href":"https:\/\/verdadincomodadiario.ar\/index.php?rest_route=%2Fwp%2Fv2%2Fcategories&post=9830"},{"taxonomy":"post_tag","embeddable":true,"href":"https:\/\/verdadincomodadiario.ar\/index.php?rest_route=%2Fwp%2Fv2%2Ftags&post=9830"}],"curies":[{"name":"wp","href":"https:\/\/api.w.org\/{rel}","templated":true}]}}