{"id":9828,"date":"2025-07-03T19:23:46","date_gmt":"2025-07-03T19:23:46","guid":{"rendered":"https:\/\/verdadincomodadiario.ar\/?p=9828"},"modified":"2025-07-03T19:23:46","modified_gmt":"2025-07-03T19:23:46","slug":"cordoba-desarticulan-banda-narco-familiar-en-el-tio-y-detienen-a-cinco-personas","status":"publish","type":"post","link":"https:\/\/verdadincomodadiario.ar\/?p=9828","title":{"rendered":"C\u00f3rdoba: desarticulan banda narco familiar en El T\u00edo y detienen a cinco personas"},"content":{"rendered":"<p>Una banda narco compuesta por integrantes de una misma familia fue <strong>desarticulada este mi\u00e9rcoles en la localidad cordobesa de El T\u00edo<\/strong>. Tras una investigaci\u00f3n de 6 meses, la <a href=\"https:\/\/derechadiario.com.ar\/sociedad\/escandalo-fpa-cordoba-condenaron-policias-por-pagar-con-droga-informantes\" title=\"Esc\u00e1ndalo en la FPA C\u00f3rdoba: condenaron a polic\u00edas por pagar con droga a informantes\">Fuerza Policial Antinarcotr\u00e1fico<\/a> (FPA) detuvo a 5 personas e inhabilit\u00f3 3 puntos de venta de drogas. <strong>Entre los arrestados hay tres hombres y dos mujeres<\/strong>.<\/p>\n<p>Los operativos se realizaron en domicilios ubicados sobre Antonio Armando al 200, Intendente Parmiguiani al 200 y Pasaje Centenario al 200. En todos los allanamientos intervino la Polic\u00eda de C\u00f3rdoba brindando apoyo log\u00edstico en los alrededores. <strong>Los trabajos permitieron secuestrar droga, dinero en efectivo y elementos vinculados al narcomenudeo.<\/strong><\/p>\n<aside class=\"whatsappChannelText\"><a href=\"https:\/\/whatsapp.com\/channel\/0029VagEjILGE56eKjedWF2U\" rel=\"nofollow\" title=\"WhatsApp Link\"><img alt=\"Logo de WhatsApp\" class=\"lazyload\" data-src=\"https:\/\/derechadiario.com.ar\/filesedc\/uploads\/other\/whatsapp_icon_mid_article.png\" width=\"32\" height=\"32\"><\/a> <a href=\"https:\/\/whatsapp.com\/channel\/0029VagEjILGE56eKjedWF2U\" rel=\"nofollow\" title=\"WhatsApp Link\"><strong>NO SE PIERDAN NINGUNA NOTICIA<\/strong>: Click aqu\u00ed para sumarte <strong>GRATIS<\/strong> al canal de noticias de <strong>La Derecha Diario en WhatsApp.<\/strong><\/a><\/aside>\n<p>Entre lo incautado hab\u00eda\u00a0<strong>576 dosis de marihuana, tres plantas de cannabis sativa, una balanza digital, una motocicleta y una suma no especificada de dinero<\/strong>. Tambi\u00e9n se secuestraron otros elementos vinculados a la comercializaci\u00f3n de estupefacientes. La droga fue hallada gracias a la labor de los investigadores y al trabajo de los perros antinarc\u00f3ticos.<\/p>\n<div class=\"inter_image image_horizontal\">\n<picture><source class=\"img-responsive\" type=\"image\/webp\" data-srcset=\"https:\/\/filesedc.com\/uploads\/image\/post\/2025\/07\/captura-de-pantalla-2025-07-03-145018_300_200.webp 300w, https:\/\/filesedc.com\/uploads\/image\/post\/2025\/07\/captura-de-pantalla-2025-07-03-145018_630_420.webp 630w, https:\/\/filesedc.com\/uploads\/image\/post\/2025\/07\/captura-de-pantalla-2025-07-03-145018_760_507.webp 760w, https:\/\/filesedc.com\/uploads\/image\/post\/2025\/07\/captura-de-pantalla-2025-07-03-145018_1200_800.webp 1200w, https:\/\/filesedc.com\/uploads\/image\/post\/2025\/07\/captura-de-pantalla-2025-07-03-145018_1600_1067.webp 1600w, \"><img decoding=\"async\" src=\"https:\/\/derechadiario.com.ar\/filesedc\/uploads\/image\/post\/2025\/07\/captura-de-pantalla-2025-07-03-145018_1200_800.webp\" class=\"img-responsive lazyload\" alt=\"Agente de la Fuerza Policial Antinarcotr\u00e1fico con uniforme y casco de protecci\u00f3n en una operaci\u00f3n al aire libre\" title=\"Agente de la Fuerza Policial Antinarcotr\u00e1fico con uniforme y casco de protecci\u00f3n en una operaci\u00f3n al aire libre\"><\/picture>\n<div>\n<span class=\"img_footer\">El principal sospechoso actuaba junto a su pareja, sus hermanos y un amigo <\/span>| <span class=\"img_author\">La Derecha Diario<\/span>\n<\/div>\n<\/div>\n<h2>Vend\u00edan a domicilio y operaban entre familiares<\/h2>\n<p>Seg\u00fan la informaci\u00f3n oficial, los investigados vend\u00edan marihuana desde sus casas y mediante delivery en la localidad. <strong>El principal sospechoso actuaba junto a su pareja, sus hermanos y un amigo, formando una red delictiva de car\u00e1cter familiar.<\/strong>\u00a0 Todos los detenidos fueron imputados por infracci\u00f3n a la Ley Nacional de Estupefacientes N.\u00ba 23.737.<\/p>\n<aside class=\"are-you-interested-container-photo\"><\/aside>\n<p>La causa est\u00e1 bajo la \u00f3rbita de la Fiscal\u00eda de Lucha contra el Narcotr\u00e1fico de San Francisco, <a href=\"https:\/\/derechadiario.com.ar\/sociedad\/cordoba-uber-rechaza-ordenanza-que-limita-cupos-y-advierte-por-miles-choferes\" title=\"C\u00f3rdoba: Uber rechaza la ordenanza que limita cupos y advierte por miles de choferes\">C\u00f3rdoba<\/a>. <strong>La totalidad de los detenidos fue trasladada a sede judicial tras la concreci\u00f3n de los procedimientos<\/strong>. Por el momento, no se inform\u00f3 si podr\u00edan sumarse nuevas imputaciones en la investigaci\u00f3n.<\/p>\n","protected":false},"excerpt":{"rendered":"<p>Una banda narco compuesta por integrantes de una misma familia fue desarticulada este mi\u00e9rcoles en la localidad cordobesa de El T\u00edo. Tras una investigaci\u00f3n de 6 meses, la Fuerza Policial Antinarcotr\u00e1fico (FPA) detuvo a 5 personas e inhabilit\u00f3 3 puntos de venta de drogas. Entre los arrestados hay tres hombres y dos mujeres. Los operativos [&hellip;]<\/p>\n","protected":false},"author":2,"featured_media":9829,"comment_status":"open","ping_status":"open","sticky":false,"template":"","format":"standard","meta":{"_et_pb_use_builder":"","_et_pb_old_content":"","_et_gb_content_width":"","footnotes":""},"categories":[84],"tags":[],"class_list":["post-9828","post","type-post","status-publish","format-standard","has-post-thumbnail","hentry","category-ultimomomento"],"_links":{"self":[{"href":"https:\/\/verdadincomodadiario.ar\/index.php?rest_route=\/wp\/v2\/posts\/9828","targetHints":{"allow":["GET"]}}],"collection":[{"href":"https:\/\/verdadincomodadiario.ar\/index.php?rest_route=\/wp\/v2\/posts"}],"about":[{"href":"https:\/\/verdadincomodadiario.ar\/index.php?rest_route=\/wp\/v2\/types\/post"}],"author":[{"embeddable":true,"href":"https:\/\/verdadincomodadiario.ar\/index.php?rest_route=\/wp\/v2\/users\/2"}],"replies":[{"embeddable":true,"href":"https:\/\/verdadincomodadiario.ar\/index.php?rest_route=%2Fwp%2Fv2%2Fcomments&post=9828"}],"version-history":[{"count":0,"href":"https:\/\/verdadincomodadiario.ar\/index.php?rest_route=\/wp\/v2\/posts\/9828\/revisions"}],"wp:featuredmedia":[{"embeddable":true,"href":"https:\/\/verdadincomodadiario.ar\/index.php?rest_route=\/wp\/v2\/media\/9829"}],"wp:attachment":[{"href":"https:\/\/verdadincomodadiario.ar\/index.php?rest_route=%2Fwp%2Fv2%2Fmedia&parent=9828"}],"wp:term":[{"taxonomy":"category","embeddable":true,"href":"https:\/\/verdadincomodadiario.ar\/index.php?rest_route=%2Fwp%2Fv2%2Fcategories&post=9828"},{"taxonomy":"post_tag","embeddable":true,"href":"https:\/\/verdadincomodadiario.ar\/index.php?rest_route=%2Fwp%2Fv2%2Ftags&post=9828"}],"curies":[{"name":"wp","href":"https:\/\/api.w.org\/{rel}","templated":true}]}}