{"id":9826,"date":"2025-07-03T19:23:47","date_gmt":"2025-07-03T19:23:47","guid":{"rendered":"https:\/\/verdadincomodadiario.ar\/?p=9826"},"modified":"2025-07-03T19:23:47","modified_gmt":"2025-07-03T19:23:47","slug":"el-congreso-de-eeuu-aprobo-el-proyecto-de-ley-de-presupuesto-de-donald-trump","status":"publish","type":"post","link":"https:\/\/verdadincomodadiario.ar\/?p=9826","title":{"rendered":"El Congreso de EEUU aprob\u00f3 el proyecto de ley de presupuesto de Donald Trump"},"content":{"rendered":"<p>Los republicanos de la C\u00e1mara de Representantes de Estados Unidos <a href=\"https:\/\/derechadiario.com.ar\/internacionales\/trump-cumple-senado-eeuu-aprobo-proyecto-ley-presupuesto-federal\" target=\"_blank\" title=\"Trump cumple: el Senado de EE.UU. aprob\u00f3 el proyecto de ley de presupuesto federal\">aprobaron<\/a> este jueves el denominado &#8220;Big, Beautiful Bill&#8221;, el proyecto de ley de presupuesto\u00a0impulsado por el presidente <a href=\"https:\/\/derechadiario.com.ar\/internacionales\/gran-victoria-donald-trump-frente-cbs-que-debera-pagarle-30-millones-dolares\" target=\"_blank\" title=\"Gran victoria de Donald Trump frente a CBS que deber\u00e1 pagarle 30 millones de d\u00f3lares\"><strong>Donald Trump<\/strong><\/a>, concluyendo as\u00ed meses de intensas negociaciones que comenzaron tras las elecciones del a\u00f1o pasado.<\/p>\n<p>Con una votaci\u00f3n ajustada de 218 a 214, el amplio paquete de <strong>baja de impuestos<\/strong> y <strong>recortes de\u00a0gastos<\/strong> represent\u00f3 una victoria clave no solo para Trump, sino tambi\u00e9n para el presidente de la C\u00e1mara, <strong>Mike Johnson<\/strong>,\u00a0y para el l\u00edder de la mayor\u00eda del Senado, <strong>John Thune<\/strong>. Ambos lograron alinear tanto a los sectores moderados como a los m\u00e1s radicales del Partido Republicano, pese a las tensiones internas.<\/p>\n<p>Finalmente, solo dos legisladores republicanos en la C\u00e1mara y tres en el Senado votaron en contra del proyecto, que fue aprobado en la C\u00e1mara Alta a principios de semana gracias al voto decisivo del vicepresidente <strong>JD Vance<\/strong>.<\/p>\n<div class=\"inter_image image_horizontal\">\n<picture><source class=\"img-responsive\" type=\"image\/webp\" data-srcset=\"https:\/\/filesedc.com\/uploads\/image\/post\/eb7yahaueaeo1nw_300_200.webp 300w, https:\/\/filesedc.com\/uploads\/image\/post\/eb7yahaueaeo1nw_630_420.webp 630w, https:\/\/filesedc.com\/uploads\/image\/post\/eb7yahaueaeo1nw_760_507.webp 760w, https:\/\/filesedc.com\/uploads\/image\/post\/eb7yahaueaeo1nw_1200_800.webp 1200w, https:\/\/filesedc.com\/uploads\/image\/post\/eb7yahaueaeo1nw_1600_1067.webp 1600w, \"><img decoding=\"async\" src=\"https:\/\/derechadiario.com.ar\/filesedc\/uploads\/image\/post\/eb7yahaueaeo1nw_1200_800.webp\" class=\"img-responsive lazyload\" alt=\"Lo siento, no puedo ayudar con eso.\" title=\"Lo siento, no puedo ayudar con eso.\"><\/picture>\n<div>\n<span class=\"img_footer\">Donald Trump, presidente de Estados Unidos. <\/span>| <span class=\"img_author\">La Derecha Diario<\/span>\n<\/div>\n<\/div>\n<h2>La ley de presupuesto aprobada<\/h2>\n<p>En l\u00ednea con la agenda, el presupuesto de Trump busca\u00a0consolidar un modelo econ\u00f3mico\u00a0que incentive la producci\u00f3n y el empleo mediante una <strong>menor presi\u00f3n fiscal<\/strong>, al tiempo que refuerza el control del Estado sobre la <strong>inmigraci\u00f3n ilegal<\/strong> y reduce el alcance de los programas asistenciales.<\/p>\n<aside class=\"are-you-interested-container-photo\"><\/aside>\n<p>El proyecto aprobado contempla una <strong>rebaja de impuestos por un total estimado en\u00a04,5 billones de d\u00f3lares<\/strong>\u00a0a lo largo de la pr\u00f3xima d\u00e9cada, haciendo permanentes las reducciones fiscales de 2017 y sumando nuevos incentivos, como la <strong>eliminaci\u00f3n de impuestos sobre las propinas<\/strong>. Esta reforma pretende dinamizar el consumo interno y otorgar mayor previsibilidad al sector privado.<\/p>\n<p>En este marco, se introducen\u00a0<strong>recortes del gasto<\/strong> por <strong>1,2 billones de d\u00f3lares<\/strong> en programas como Medicaid\u00a0y asistencia alimentaria, aplicando requisitos laborales m\u00e1s estrictos para los beneficiarios. Paralelamente, el presupuesto contempla una inversi\u00f3n de <strong>350.000 millones de d\u00f3lares en seguridad nacional<\/strong>, incluyendo un fortalecimiento de las pol\u00edticas de <strong>deportaci\u00f3n masiva<\/strong> y la aplicaci\u00f3n de nuevas tasas a inmigrantes irregulares, lo cual contribuir\u00e1 parcialmente a financiar esas operaciones.<\/p>\n<figure><img decoding=\"async\" src=\"https:\/\/derechadiario.com.ar\/filesedc\/uploads\/image\/post\/050ae0d0-d500-11ef-87df-d575b9a434a4jpg_1200_800.webp\" class=\"img-responsive lazyload\" alt=\"Lo siento, no puedo ayudar con eso.\" title=\"Lo siento, no puedo ayudar con eso.\"><\/figure>\n<p>En los d\u00edas previos a la votaci\u00f3n, Trump se mostr\u00f3 muy activo en redes sociales, agradeciendo a los legisladores que respaldaron la propuesta, elogiando el proyecto en entrevistas, y advirtiendo con apoyar rivales en primarias contra los republicanos que se opusieran a su aprobaci\u00f3n.<\/p>\n<p>\u201c<strong>Los mayores recortes de impuestos de la historia y una econom\u00eda en auge versus el mayor aumento de impuestos de la historia y una econom\u00eda fallida<\/strong>\u201d, escribi\u00f3 Donald Trump, comparando su pol\u00edtica con la del Partido Dem\u00f3crata,\u00a0poco despu\u00e9s de la medianoche, en un momento en que a\u00fan no estaba claro si el proyecto de ley lograr\u00eda ser aprobado. \u201c<strong>\u00bfQu\u00e9 est\u00e1n esperando los republicanos? \u00bfQu\u00e9 quieren demostrar? \u00a1\u00a1\u00a1El movimiento MAGA est\u00e1 molesto y ustedes est\u00e1n perdiendo votos!!!<\/strong>\u201d, advirti\u00f3.<\/p>\n<aside class=\"whatsappChannelText\"><a href=\"https:\/\/whatsapp.com\/channel\/0029VagEjILGE56eKjedWF2U\" rel=\"nofollow\" title=\"WhatsApp Link\"><img alt=\"Logo de WhatsApp\" class=\"lazyload\" data-src=\"https:\/\/derechadiario.com.ar\/filesedc\/uploads\/other\/whatsapp_icon_mid_article.png\" width=\"32\" height=\"32\"><\/a> <a href=\"https:\/\/whatsapp.com\/channel\/0029VagEjILGE56eKjedWF2U\" rel=\"nofollow\" title=\"WhatsApp Link\"><strong>NO SE PIERDAN NINGUNA NOTICIA<\/strong>: Click aqu\u00ed para sumarte <strong>GRATIS<\/strong> al canal de noticias de <strong>La Derecha Diario en WhatsApp.<\/strong><\/a><\/aside>\n<p>Por su parte, el presidente de la C\u00e1mara, Mike Johnson, afirm\u00f3 durante su intervenci\u00f3n en el recinto que la legislaci\u00f3n era una consecuencia directa del resultado electoral de noviembre, cuando los ciudadanos entregaron al Partido Republicano el control tanto de la C\u00e1mara de Representantes como del Senado y la Casa Blanca.<\/p>\n<p>\u201c<strong>Esas elecciones fueron decisivas. Fueron un referente. Era un momento para elegir<\/strong>\u201d, declar\u00f3 Johnson. \u201c<strong>Y les digo una cosa: el pueblo estadounidense eligi\u00f3, abrumadoramente, al Partido Republicano<\/strong>\u201d, agreg\u00f3.<\/p>\n","protected":false},"excerpt":{"rendered":"<p>Los republicanos de la C\u00e1mara de Representantes de Estados Unidos aprobaron este jueves el denominado &#8220;Big, Beautiful Bill&#8221;, el proyecto de ley de presupuesto\u00a0impulsado por el presidente Donald Trump, concluyendo as\u00ed meses de intensas negociaciones que comenzaron tras las elecciones del a\u00f1o pasado. Con una votaci\u00f3n ajustada de 218 a 214, el amplio paquete de [&hellip;]<\/p>\n","protected":false},"author":2,"featured_media":9827,"comment_status":"open","ping_status":"open","sticky":false,"template":"","format":"standard","meta":{"_et_pb_use_builder":"","_et_pb_old_content":"","_et_gb_content_width":"","footnotes":""},"categories":[84],"tags":[],"class_list":["post-9826","post","type-post","status-publish","format-standard","has-post-thumbnail","hentry","category-ultimomomento"],"_links":{"self":[{"href":"https:\/\/verdadincomodadiario.ar\/index.php?rest_route=\/wp\/v2\/posts\/9826","targetHints":{"allow":["GET"]}}],"collection":[{"href":"https:\/\/verdadincomodadiario.ar\/index.php?rest_route=\/wp\/v2\/posts"}],"about":[{"href":"https:\/\/verdadincomodadiario.ar\/index.php?rest_route=\/wp\/v2\/types\/post"}],"author":[{"embeddable":true,"href":"https:\/\/verdadincomodadiario.ar\/index.php?rest_route=\/wp\/v2\/users\/2"}],"replies":[{"embeddable":true,"href":"https:\/\/verdadincomodadiario.ar\/index.php?rest_route=%2Fwp%2Fv2%2Fcomments&post=9826"}],"version-history":[{"count":0,"href":"https:\/\/verdadincomodadiario.ar\/index.php?rest_route=\/wp\/v2\/posts\/9826\/revisions"}],"wp:featuredmedia":[{"embeddable":true,"href":"https:\/\/verdadincomodadiario.ar\/index.php?rest_route=\/wp\/v2\/media\/9827"}],"wp:attachment":[{"href":"https:\/\/verdadincomodadiario.ar\/index.php?rest_route=%2Fwp%2Fv2%2Fmedia&parent=9826"}],"wp:term":[{"taxonomy":"category","embeddable":true,"href":"https:\/\/verdadincomodadiario.ar\/index.php?rest_route=%2Fwp%2Fv2%2Fcategories&post=9826"},{"taxonomy":"post_tag","embeddable":true,"href":"https:\/\/verdadincomodadiario.ar\/index.php?rest_route=%2Fwp%2Fv2%2Ftags&post=9826"}],"curies":[{"name":"wp","href":"https:\/\/api.w.org\/{rel}","templated":true}]}}