{"id":9820,"date":"2025-07-03T17:26:52","date_gmt":"2025-07-03T17:26:52","guid":{"rendered":"https:\/\/verdadincomodadiario.ar\/?p=9820"},"modified":"2025-07-03T17:26:52","modified_gmt":"2025-07-03T17:26:52","slug":"cordoba-reabrieron-completamente-el-bv-san-juan-tras-el-derrumbe-en-barrio-guemes","status":"publish","type":"post","link":"https:\/\/verdadincomodadiario.ar\/?p=9820","title":{"rendered":"C\u00f3rdoba: reabrieron completamente el Bv.\u202fSan\u202fJuan tras el derrumbe en barrio G\u00fcemes"},"content":{"rendered":"<p>La <a href=\"https:\/\/derechadiario.com.ar\/politica\/municipalidad-cordoba-megaestructura-descomunal-bajo-gestion-passerini\" title=\"Municipalidad de C\u00f3rdoba: una megaestructura descomunal bajo la gesti\u00f3n de Passerini\">Municipalidad de C\u00f3rdoba<\/a>\u00a0inform\u00f3 que desde el mi\u00e9rcoles se encuentra \u00a0<strong>habilitado el tr\u00e1nsito en toda la cuadra de Bv.\u202fSan\u202fJuan entre Arturo\u202fM.\u202fBas y Corro<\/strong>. La liberaci\u00f3n incluye la calzada sur, donde se manten\u00eda el \u00faltimo vallado preventivo. <strong>El flujo vehicular recupera as\u00ed su recorrido habitual en el corredor c\u00e9ntrico.<\/strong><\/p>\n<p><strong>La apertura total se concret\u00f3 un d\u00eda despu\u00e9s de normalizarse la mano norte<\/strong>, cerrada desde mayo por seguridad. Inspectores verificaron la estabilidad de la zona antes de retirar las vallas. El operativo se coordin\u00f3 con Polic\u00eda de Tr\u00e1nsito para ordenar la circulaci\u00f3n inicial.<\/p>\n<p>Las restricciones se originaron tras la <strong>ca\u00edda de materiales del edificio Mar\u00eda\u202fReina\u202fV que provocaron una v\u00edctima fatal<\/strong>. Concluidas las tareas de remoci\u00f3n del revestimiento lateral se descart\u00f3 riesgo inmediato. El sector permanec\u00eda monitoreado de forma permanente por personal municipal.<\/p>\n<p>Comerciantes y vecinos celebraron la medida porque recuperan la circulaci\u00f3n de clientes y servicios. <strong>Durante el corte las ventas descendieron de forma considerable seg\u00fan relevamientos locales.<\/strong> Tambi\u00e9n qued\u00f3 habilitado el paso en Costanera Norte a la altura de Obispo Videla del Pino tras obras de bacheo.<\/p>\n<aside class=\"are-you-interested-container-photo\"><\/aside>\n<div class=\"inter_image image_horizontal\">\n<picture><source class=\"img-responsive\" type=\"image\/webp\" data-srcset=\"https:\/\/filesedc.com\/uploads\/image\/post\/2025\/07\/captura-de-pantalla-2025-07-03-134951_300_200.webp 300w, https:\/\/filesedc.com\/uploads\/image\/post\/2025\/07\/captura-de-pantalla-2025-07-03-134951_630_420.webp 630w, https:\/\/filesedc.com\/uploads\/image\/post\/2025\/07\/captura-de-pantalla-2025-07-03-134951_760_507.webp 760w, https:\/\/filesedc.com\/uploads\/image\/post\/2025\/07\/captura-de-pantalla-2025-07-03-134951_1200_800.webp 1200w, https:\/\/filesedc.com\/uploads\/image\/post\/2025\/07\/captura-de-pantalla-2025-07-03-134951_1600_1067.webp 1600w, \"><img decoding=\"async\" src=\"https:\/\/derechadiario.com.ar\/filesedc\/uploads\/image\/post\/2025\/07\/captura-de-pantalla-2025-07-03-134951_1200_800.webp\" class=\"img-responsive lazyload\" alt=\"Edificio de departamentos de varios pisos con balcones y un auto plateado estacionado al frente en una calle urbana\" title=\"Edificio de departamentos de varios pisos con balcones y un auto plateado estacionado al frente en una calle urbana\"><\/picture>\n<div>\n<span class=\"img_footer\">La apertura total se concret\u00f3 un d\u00eda despu\u00e9s de normalizarse la mano norte <\/span>| <span class=\"img_author\">La Derecha Diario<\/span>\n<\/div>\n<\/div>\n<h2>C\u00f3mo contin\u00faa la obra y la investigaci\u00f3n<\/h2>\n<p>El consorcio del edificio deber\u00e1 presentar un <strong>nuevo plan de obra de remediaci\u00f3n para su aprobaci\u00f3n municipal.<\/strong> No existe un plazo definido para la entrega del proyecto. La autoridad de aplicaci\u00f3n revisar\u00e1 los plazos y las responsabilidades t\u00e9cnicas.<\/p>\n<aside class=\"whatsappChannelText\"><a href=\"https:\/\/whatsapp.com\/channel\/0029VagEjILGE56eKjedWF2U\" rel=\"nofollow\" title=\"WhatsApp Link\"><img alt=\"Logo de WhatsApp\" class=\"lazyload\" data-src=\"https:\/\/derechadiario.com.ar\/filesedc\/uploads\/other\/whatsapp_icon_mid_article.png\" width=\"32\" height=\"32\"><\/a> <a href=\"https:\/\/whatsapp.com\/channel\/0029VagEjILGE56eKjedWF2U\" rel=\"nofollow\" title=\"WhatsApp Link\"><strong>NO SE PIERDAN NINGUNA NOTICIA<\/strong>: Click aqu\u00ed para sumarte <strong>GRATIS<\/strong> al canal de noticias de <strong>La Derecha Diario en WhatsApp.<\/strong><\/a><\/aside>\n<p><strong>\u201cSe ha disminuido el riesgo;\u00a0ahora los trabajos se concentrar\u00e1n en la casa que se vino abajo\u201d, se\u00f1alaron desde el Palacio\u202f6\u202fde\u202fJulio.<\/strong> El Municipio indic\u00f3 que seguir\u00e1 inspeccionando la zona hasta la resoluci\u00f3n completa del expediente. Las \u00e1reas de Obras Privadas y Defensa Civil realizar\u00e1n controles peri\u00f3dicos.<\/p>\n<p>La tarea de la <a href=\"https:\/\/derechadiario.com.ar\/sociedad\/cordoba-municipio-busca-aprobar-julio-nuevo-marco-para-transporte-urbano\" title=\"C\u00f3rdoba: el municipio busca aprobar en julio el nuevo marco para el transporte urbano\">Municipalidad<\/a> ser\u00e1 controlar que el consorcio del edificio presente y ejecute un plan de obra de remediaci\u00f3n que garantice la <strong>seguridad estructural del inmueble.<\/strong> Tambi\u00e9n deber\u00e1 supervisar de manera permanente el avance de esos trabajos, <strong>realizar inspecciones t\u00e9cnicas y velar por el cumplimiento de las normativas vigentes.<\/strong> Adem\u00e1s, seguir\u00e1 colaborando con la Justicia en la investigaci\u00f3n del derrumbe y reforzar\u00e1 la fiscalizaci\u00f3n de otras construcciones en la ciudad para prevenir nuevos incidentes.<\/p>\n","protected":false},"excerpt":{"rendered":"<p>La Municipalidad de C\u00f3rdoba\u00a0inform\u00f3 que desde el mi\u00e9rcoles se encuentra \u00a0habilitado el tr\u00e1nsito en toda la cuadra de Bv.\u202fSan\u202fJuan entre Arturo\u202fM.\u202fBas y Corro. La liberaci\u00f3n incluye la calzada sur, donde se manten\u00eda el \u00faltimo vallado preventivo. El flujo vehicular recupera as\u00ed su recorrido habitual en el corredor c\u00e9ntrico. La apertura total se concret\u00f3 un d\u00eda [&hellip;]<\/p>\n","protected":false},"author":2,"featured_media":9821,"comment_status":"open","ping_status":"open","sticky":false,"template":"","format":"standard","meta":{"_et_pb_use_builder":"","_et_pb_old_content":"","_et_gb_content_width":"","footnotes":""},"categories":[84],"tags":[],"class_list":["post-9820","post","type-post","status-publish","format-standard","has-post-thumbnail","hentry","category-ultimomomento"],"_links":{"self":[{"href":"https:\/\/verdadincomodadiario.ar\/index.php?rest_route=\/wp\/v2\/posts\/9820","targetHints":{"allow":["GET"]}}],"collection":[{"href":"https:\/\/verdadincomodadiario.ar\/index.php?rest_route=\/wp\/v2\/posts"}],"about":[{"href":"https:\/\/verdadincomodadiario.ar\/index.php?rest_route=\/wp\/v2\/types\/post"}],"author":[{"embeddable":true,"href":"https:\/\/verdadincomodadiario.ar\/index.php?rest_route=\/wp\/v2\/users\/2"}],"replies":[{"embeddable":true,"href":"https:\/\/verdadincomodadiario.ar\/index.php?rest_route=%2Fwp%2Fv2%2Fcomments&post=9820"}],"version-history":[{"count":0,"href":"https:\/\/verdadincomodadiario.ar\/index.php?rest_route=\/wp\/v2\/posts\/9820\/revisions"}],"wp:featuredmedia":[{"embeddable":true,"href":"https:\/\/verdadincomodadiario.ar\/index.php?rest_route=\/wp\/v2\/media\/9821"}],"wp:attachment":[{"href":"https:\/\/verdadincomodadiario.ar\/index.php?rest_route=%2Fwp%2Fv2%2Fmedia&parent=9820"}],"wp:term":[{"taxonomy":"category","embeddable":true,"href":"https:\/\/verdadincomodadiario.ar\/index.php?rest_route=%2Fwp%2Fv2%2Fcategories&post=9820"},{"taxonomy":"post_tag","embeddable":true,"href":"https:\/\/verdadincomodadiario.ar\/index.php?rest_route=%2Fwp%2Fv2%2Ftags&post=9820"}],"curies":[{"name":"wp","href":"https:\/\/api.w.org\/{rel}","templated":true}]}}