{"id":9812,"date":"2025-07-03T16:25:38","date_gmt":"2025-07-03T16:25:38","guid":{"rendered":"https:\/\/verdadincomodadiario.ar\/?p=9812"},"modified":"2025-07-03T16:25:38","modified_gmt":"2025-07-03T16:25:38","slug":"star-wars-obi-wan-kenobi-vuelve-con-una-segunda-temporada-esperada-y-polemica","status":"publish","type":"post","link":"https:\/\/verdadincomodadiario.ar\/?p=9812","title":{"rendered":"Star Wars: &#8216;Obi-Wan Kenobi&#8217; vuelve con una segunda temporada esperada y pol\u00e9mica"},"content":{"rendered":"<p>Lucasfilm <strong>oficializ\u00f3 uno de los t\u00edtulos m\u00e1s esperados:\u00a0llega\u00a0la segunda temporada<\/strong>\u00a0 de <a href=\"https:\/\/derechadiario.com.ar\/entretenimiento\/obi-wan-kenobi-los-rumores-acerca-segunda-temporada\" title=\"Obi-Wan Kenobi: Ewan McGregor aviv\u00f3 los rumores acerca de la segunda temporada\"><strong>&#8216;Obi-Wan Kenobi&#8217;<\/strong><\/a>, una de las series m\u00e1s comentadas, esperadas\u00a0(y tal vez m\u00e1s\u00a0discutidas) del universo <a href=\"https:\/\/derechadiario.com.ar\/entretenimiento\/ewan-mcgregor-y-christensen-vuelven-star-wars-ahsoka-lo-que-se-sabe-hasta-ahora\" title=\"Ewan McGregor y Christensen vuelven a Star Wars en Ahsoka: qu\u00e9 se sabe hasta ahora\"><strong>Star Wars<\/strong><\/a>.<\/p>\n<p>A pesar de las cr\u00edticas, la plataforma de streaming apuesta por <strong>m\u00e1s aventuras del ic\u00f3nico maestro Jedi<\/strong>, con <strong>Ewan McGregor<\/strong> nuevamente en el papel principal.<\/p>\n<div class=\"inter_image image_horizontal\">\n<picture><source class=\"img-responsive\" type=\"image\/webp\" data-srcset=\"https:\/\/filesedc.com\/uploads\/image\/post\/ewan-mcgregor-comic-con-star-wars-obi-wan-kenobi_300_200.webp 300w, https:\/\/filesedc.com\/uploads\/image\/post\/ewan-mcgregor-comic-con-star-wars-obi-wan-kenobi_630_420.webp 630w, https:\/\/filesedc.com\/uploads\/image\/post\/ewan-mcgregor-comic-con-star-wars-obi-wan-kenobi_760_507.webp 760w, https:\/\/filesedc.com\/uploads\/image\/post\/ewan-mcgregor-comic-con-star-wars-obi-wan-kenobi_1200_800.webp 1200w, https:\/\/filesedc.com\/uploads\/image\/post\/ewan-mcgregor-comic-con-star-wars-obi-wan-kenobi_1600_1067.webp 1600w, \"><img decoding=\"async\" src=\"https:\/\/derechadiario.com.ar\/filesedc\/uploads\/image\/post\/ewan-mcgregor-comic-con-star-wars-obi-wan-kenobi_1200_800.webp\" class=\"img-responsive lazyload\" alt=\"Ewan McGregor con gafas y barba sonr\u00ede mientras sostiene un micr\u00f3fono en Comic Con\" title=\"Ewan McGregor con gafas y barba sonr\u00ede mientras sostiene un micr\u00f3fono en Comic Con\"><\/picture>\n<div>\n<span class=\"img_footer\">Ewan McGregor seguir\u00e1 en el papel principal <\/span>| <span class=\"img_author\">La Derecha Diario<\/span>\n<\/div>\n<\/div>\n<h2><strong>Una serie con n\u00fameros fuertes, pero sin consenso entre los fans<\/strong><\/h2>\n<p>Tras meses de especulaci\u00f3n, se confirm\u00f3 que <strong>la serie no fue cancelada<\/strong>. La noticia llega luego de que se anunciara la salida de <strong>Kathleen Kennedy<\/strong> de la direcci\u00f3n de Lucasfilm.<\/p>\n<p>Si bien la primera temporada fue un \u00e9xito en audiencia, <strong>no logr\u00f3 enamorar a todos<\/strong> los seguidores.\u00a0Principalmente a los m\u00e1s exigentes de la saga.<\/p>\n<aside class=\"are-you-interested-container-photo\"><\/aside>\n<h2><strong>El regreso de Obi-Wan y posibles nuevas amenazas<\/strong><\/h2>\n<p>Con <strong>Hayden Christensen<\/strong> tambi\u00e9n de regreso como <strong>Darth Vader<\/strong>, <strong>muchos sintieron que la historia de Obi-Wan hab\u00eda tenido un cierre digno.<\/strong><\/p>\n<figure><img decoding=\"async\" src=\"https:\/\/derechadiario.com.ar\/filesedc\/uploads\/image\/post\/star-wars-obi-wan-kenobi-segunda-temporada_1200_800.webp\" class=\"img-responsive lazyload\" alt=\"Poster de la serie \" star wars obi-wan kenobi title=\"Poster de la serie \"><\/figure>\n<p>Sin embargo, <strong>Disney considera que todav\u00eda hay historias por contar<\/strong>. Y algunos rumores apuntan a que <strong>Darth Maul<\/strong> podr\u00eda volver en formato live-action.\u00a0<\/p>\n<p>Adem\u00e1s se especula con el ansiado <strong>regreso de Qui Gon Jinn, el iconico maestro de Obi-Wan, representado por Liam Neeson.<\/strong><\/p>\n<h3><strong>\u00bfUna segunda oportunidad o una jugada arriesgada?<\/strong><\/h3>\n<p>La confirmaci\u00f3n gener\u00f3 reacciones mayormente positivas en redes. Se\u00a0celebr\u00f3\u00a0con energ\u00eda el regreso de Obi-Wan. No obstante hubo otros que se\u00f1alaron que es una <strong>&#8220;decisi\u00f3n innecesaria&#8221;<\/strong> y que la saga deber\u00eda enfocarse en nuevos personajes.<\/p>\n<aside class=\"whatsappChannelText\"><a href=\"https:\/\/whatsapp.com\/channel\/0029VagEjILGE56eKjedWF2U\" rel=\"nofollow\" title=\"WhatsApp Link\"><img alt=\"Logo de WhatsApp\" class=\"lazyload\" data-src=\"https:\/\/derechadiario.com.ar\/filesedc\/uploads\/other\/whatsapp_icon_mid_article.png\" width=\"32\" height=\"32\"><\/a> <a href=\"https:\/\/whatsapp.com\/channel\/0029VagEjILGE56eKjedWF2U\" rel=\"nofollow\" title=\"WhatsApp Link\"><strong>NO SE PIERDAN NINGUNA NOTICIA<\/strong>: Click aqu\u00ed para sumarte <strong>GRATIS<\/strong> al canal de noticias de <strong>La Derecha Diario en WhatsApp.<\/strong><\/a><\/aside>\n<figure><img decoding=\"async\" src=\"https:\/\/derechadiario.com.ar\/filesedc\/uploads\/image\/post\/star-wars-obi-wan-kenobi-segunda-temporada-rumores-ewan-mcgregor_1200_800.webp\" class=\"img-responsive lazyload\" alt=\"Imagen de la serie de Star Wars \" obi-wan kenobi protagonizada por ewan mcgregor. title=\"Imagen de la serie de Star Wars \"><\/figure>\n<h2><strong>\u00bfQu\u00e9 podemos esperar de esta nueva temporada?<\/strong><\/h2>\n<p>A\u00fan no hay detalles oficiales sobre la trama. Pero la posible incorporaci\u00f3n de <strong>Maul<\/strong> como villano entusiasma a varios fans que lo siguen desde las series animadas.<\/p>\n<p>Por ahora, resta esperar si Disney logra encontrar el equilibrio entre nostalgia, acci\u00f3n y un argumento que justifique esta segunda parte.<\/p>\n","protected":false},"excerpt":{"rendered":"<p>Lucasfilm oficializ\u00f3 uno de los t\u00edtulos m\u00e1s esperados:\u00a0llega\u00a0la segunda temporada\u00a0 de &#8216;Obi-Wan Kenobi&#8217;, una de las series m\u00e1s comentadas, esperadas\u00a0(y tal vez m\u00e1s\u00a0discutidas) del universo Star Wars. A pesar de las cr\u00edticas, la plataforma de streaming apuesta por m\u00e1s aventuras del ic\u00f3nico maestro Jedi, con Ewan McGregor nuevamente en el papel principal. Ewan McGregor seguir\u00e1 [&hellip;]<\/p>\n","protected":false},"author":2,"featured_media":9813,"comment_status":"open","ping_status":"open","sticky":false,"template":"","format":"standard","meta":{"_et_pb_use_builder":"","_et_pb_old_content":"","_et_gb_content_width":"","footnotes":""},"categories":[84],"tags":[],"class_list":["post-9812","post","type-post","status-publish","format-standard","has-post-thumbnail","hentry","category-ultimomomento"],"_links":{"self":[{"href":"https:\/\/verdadincomodadiario.ar\/index.php?rest_route=\/wp\/v2\/posts\/9812","targetHints":{"allow":["GET"]}}],"collection":[{"href":"https:\/\/verdadincomodadiario.ar\/index.php?rest_route=\/wp\/v2\/posts"}],"about":[{"href":"https:\/\/verdadincomodadiario.ar\/index.php?rest_route=\/wp\/v2\/types\/post"}],"author":[{"embeddable":true,"href":"https:\/\/verdadincomodadiario.ar\/index.php?rest_route=\/wp\/v2\/users\/2"}],"replies":[{"embeddable":true,"href":"https:\/\/verdadincomodadiario.ar\/index.php?rest_route=%2Fwp%2Fv2%2Fcomments&post=9812"}],"version-history":[{"count":0,"href":"https:\/\/verdadincomodadiario.ar\/index.php?rest_route=\/wp\/v2\/posts\/9812\/revisions"}],"wp:featuredmedia":[{"embeddable":true,"href":"https:\/\/verdadincomodadiario.ar\/index.php?rest_route=\/wp\/v2\/media\/9813"}],"wp:attachment":[{"href":"https:\/\/verdadincomodadiario.ar\/index.php?rest_route=%2Fwp%2Fv2%2Fmedia&parent=9812"}],"wp:term":[{"taxonomy":"category","embeddable":true,"href":"https:\/\/verdadincomodadiario.ar\/index.php?rest_route=%2Fwp%2Fv2%2Fcategories&post=9812"},{"taxonomy":"post_tag","embeddable":true,"href":"https:\/\/verdadincomodadiario.ar\/index.php?rest_route=%2Fwp%2Fv2%2Ftags&post=9812"}],"curies":[{"name":"wp","href":"https:\/\/api.w.org\/{rel}","templated":true}]}}