{"id":9800,"date":"2025-07-03T15:25:12","date_gmt":"2025-07-03T15:25:12","guid":{"rendered":"https:\/\/verdadincomodadiario.ar\/?p=9800"},"modified":"2025-07-03T15:25:12","modified_gmt":"2025-07-03T15:25:12","slug":"egipto-vuelve-a-sorprender-hallaron-tumbas-de-la-era-faraonica","status":"publish","type":"post","link":"https:\/\/verdadincomodadiario.ar\/?p=9800","title":{"rendered":"Egipto vuelve a sorprender: hallaron tumbas de la era fara\u00f3nica"},"content":{"rendered":"<p><strong><a href=\"https:\/\/derechadiario.com.ar\/sociedad\/descubrimiento-ultima-tumba-perdida-dinastia-xviii-egipto\" title=\"Descubrieron la \u00faltima Tumba perdida de un fara\u00f3n de la Dinast\u00eda XVIII de Egipto\">Egipto<\/a><\/strong>\u00a0 volvi\u00f3 a captar la atenci\u00f3n global tras el <strong>descubrimiento de tres <a href=\"https:\/\/derechadiario.com.ar\/sociedad\/luz-del-sol-revela-misterio-oculto-tumba-construida-por-alejandro-magno\" title=\"La luz del sol revela un misterio oculto en la tumba construida por Alejandro Magno\">tumbas antiguas<\/a><\/strong> en la regi\u00f3n de Luxor. El suceso se da justo en medio de la expectativa por la apertura del <strong>Gran Museo Egipcio<\/strong> en Giza.<\/p>\n<p>Se trata de sepulcros de las <strong>dinast\u00edas XVIII y XIX<\/strong>, localizados en la necr\u00f3polis de <strong>Draa Abul Naga<\/strong>, en la ribera occidental del r\u00edo Nilo.<\/p>\n<div class=\"inter_image image_horizontal\">\n<picture><source class=\"img-responsive\" type=\"image\/webp\" data-srcset=\"https:\/\/filesedc.com\/uploads\/image\/post\/2025\/07\/inscripciones-tumbas-egipcias_300_200.webp 300w, https:\/\/filesedc.com\/uploads\/image\/post\/2025\/07\/inscripciones-tumbas-egipcias_630_420.webp 630w, https:\/\/filesedc.com\/uploads\/image\/post\/2025\/07\/inscripciones-tumbas-egipcias_760_507.webp 760w, https:\/\/filesedc.com\/uploads\/image\/post\/2025\/07\/inscripciones-tumbas-egipcias_1200_800.webp 1200w, https:\/\/filesedc.com\/uploads\/image\/post\/2025\/07\/inscripciones-tumbas-egipcias_1600_1067.webp 1600w, \"><img decoding=\"async\" src=\"https:\/\/derechadiario.com.ar\/filesedc\/uploads\/image\/post\/2025\/07\/inscripciones-tumbas-egipcias_1200_800.webp\" class=\"img-responsive lazyload\" alt=\"Pintura mural egipcia antigua con figuras humanas en diferentes posiciones y colores, parcialmente cubierta por escombros y rocas.\" title=\"Pintura mural egipcia antigua con figuras humanas en diferentes posiciones y colores, parcialmente cubierta por escombros y rocas.\"><\/picture>\n<div>\n<span class=\"img_footer\">Descubren tres tumbas antiguas en la regi\u00f3n de Luxor <\/span>| <span class=\"img_author\">La Derecha Diario<\/span>\n<\/div>\n<\/div>\n<h2><strong>Un hallazgo que refuerza el legado del Nuevo Reino<\/strong><\/h2>\n<p>El equipo egipcio a cargo de la excavaci\u00f3n hall\u00f3 <strong>inscripciones con los nombres y cargos de los difuntos<\/strong>. Las tumbas datan del periodo comprendido entre el 1550 y el 1070 a.C.<\/p>\n<p>Una de ellas pertenec\u00eda a <strong>Amum-em-Ipet<\/strong>, quien trabajaba en la finca de Am\u00f3n durante la dinast\u00eda XIX. Su tumba, muy deteriorada, presenta <strong>escenas de cortejo f\u00fanebre y banquetes<\/strong>.<\/p>\n<h2><strong>Dos tumbas m\u00e1s revelan detalles de la vida administrativa<\/strong><\/h2>\n<p>Tambi\u00e9n se descubrieron las tumbas de <strong>Baki<\/strong>, supervisor de un silo y de un funcionario identificado como <strong>\u201cS\u201d<\/strong>, que fue escriba.<\/p>\n<figure><img decoding=\"async\" src=\"https:\/\/derechadiario.com.ar\/filesedc\/uploads\/image\/post\/2025\/07\/artefactos-tumbas-egipto_1200_800.webp\" class=\"img-responsive lazyload\" alt=\"Cuatro figuras egipcias de madera pintadas de pie con los brazos cruzados y una escala de medici\u00f3n en la parte inferior\" title=\"Cuatro figuras egipcias de madera pintadas de pie con los brazos cruzados y una escala de medici\u00f3n en la parte inferior\"><\/figure>\n<p>La tumba de Baki tiene varias c\u00e1maras, mientras que la de \u201cS\u201d cuenta con un patio y un pozo funerario. Ambas corresponden a la dinast\u00eda XVIII.<\/p>\n<h3><strong>Un impulso para el turismo y la investigaci\u00f3n arqueol\u00f3gica<\/strong><\/h3>\n<p>El ministro de Turismo y Antig\u00fcedades, <strong>Sherif Fathy<\/strong>, afirm\u00f3 que este tipo de hallazgos fortalece el atractivo del pa\u00eds como destino cultural. Destac\u00f3 adem\u00e1s que el equipo de excavaci\u00f3n fue \u00edntegramente egipcio.<\/p>\n<figure><img decoding=\"async\" src=\"https:\/\/derechadiario.com.ar\/filesedc\/uploads\/image\/post\/2025\/07\/gran-museo-egipcio_1200_800.webp\" class=\"img-responsive lazyload\" alt=\"Estatua monumental de un fara\u00f3n egipcio en el vest\u00edbulo de un museo moderno con techo de cristal y paredes de madera\" title=\"Estatua monumental de un fara\u00f3n egipcio en el vest\u00edbulo de un museo moderno con techo de cristal y paredes de madera\"><\/figure>\n<aside class=\"whatsappChannelText\"><a href=\"https:\/\/whatsapp.com\/channel\/0029VagEjILGE56eKjedWF2U\" rel=\"nofollow\" title=\"WhatsApp Link\"><img alt=\"Logo de WhatsApp\" class=\"lazyload\" data-src=\"https:\/\/derechadiario.com.ar\/filesedc\/uploads\/other\/whatsapp_icon_mid_article.png\" width=\"32\" height=\"32\"><\/a> <a href=\"https:\/\/whatsapp.com\/channel\/0029VagEjILGE56eKjedWF2U\" rel=\"nofollow\" title=\"WhatsApp Link\"><strong>NO SE PIERDAN NINGUNA NOTICIA<\/strong>: Click aqu\u00ed para sumarte <strong>GRATIS<\/strong> al canal de noticias de <strong>La Derecha Diario en WhatsApp.<\/strong><\/a><\/aside>\n<p>El hallazgo coincide con un momento clave. La <strong>pr\u00f3xima inauguraci\u00f3n del Gran Museo Egipcio<\/strong>, que exhibir\u00e1 m\u00e1s de 100.000 piezas, incluyendo la colecci\u00f3n completa de <strong>Tutankam\u00f3n<\/strong>.<\/p>\n<h2><strong>Egipto, en el centro de las miradas arqueol\u00f3gicas<\/strong><\/h2>\n<p>En lo que va del a\u00f1o, Egipto ya sorprendi\u00f3 con <strong>la primera tumba real hallada desde 1922<\/strong> y con los restos de un rey desconocido.<\/p>\n<p>Seg\u00fan <strong>Mohamed Ismail Khaled<\/strong>, del Consejo Supremo de Antig\u00fcedades, las nuevas tumbas ser\u00e1n sometidas a un proceso de limpieza y estudio para su posterior publicaci\u00f3n.<\/p>\n","protected":false},"excerpt":{"rendered":"<p>Egipto\u00a0 volvi\u00f3 a captar la atenci\u00f3n global tras el descubrimiento de tres tumbas antiguas en la regi\u00f3n de Luxor. El suceso se da justo en medio de la expectativa por la apertura del Gran Museo Egipcio en Giza. Se trata de sepulcros de las dinast\u00edas XVIII y XIX, localizados en la necr\u00f3polis de Draa Abul [&hellip;]<\/p>\n","protected":false},"author":2,"featured_media":9801,"comment_status":"open","ping_status":"open","sticky":false,"template":"","format":"standard","meta":{"_et_pb_use_builder":"","_et_pb_old_content":"","_et_gb_content_width":"","footnotes":""},"categories":[84],"tags":[],"class_list":["post-9800","post","type-post","status-publish","format-standard","has-post-thumbnail","hentry","category-ultimomomento"],"_links":{"self":[{"href":"https:\/\/verdadincomodadiario.ar\/index.php?rest_route=\/wp\/v2\/posts\/9800","targetHints":{"allow":["GET"]}}],"collection":[{"href":"https:\/\/verdadincomodadiario.ar\/index.php?rest_route=\/wp\/v2\/posts"}],"about":[{"href":"https:\/\/verdadincomodadiario.ar\/index.php?rest_route=\/wp\/v2\/types\/post"}],"author":[{"embeddable":true,"href":"https:\/\/verdadincomodadiario.ar\/index.php?rest_route=\/wp\/v2\/users\/2"}],"replies":[{"embeddable":true,"href":"https:\/\/verdadincomodadiario.ar\/index.php?rest_route=%2Fwp%2Fv2%2Fcomments&post=9800"}],"version-history":[{"count":0,"href":"https:\/\/verdadincomodadiario.ar\/index.php?rest_route=\/wp\/v2\/posts\/9800\/revisions"}],"wp:featuredmedia":[{"embeddable":true,"href":"https:\/\/verdadincomodadiario.ar\/index.php?rest_route=\/wp\/v2\/media\/9801"}],"wp:attachment":[{"href":"https:\/\/verdadincomodadiario.ar\/index.php?rest_route=%2Fwp%2Fv2%2Fmedia&parent=9800"}],"wp:term":[{"taxonomy":"category","embeddable":true,"href":"https:\/\/verdadincomodadiario.ar\/index.php?rest_route=%2Fwp%2Fv2%2Fcategories&post=9800"},{"taxonomy":"post_tag","embeddable":true,"href":"https:\/\/verdadincomodadiario.ar\/index.php?rest_route=%2Fwp%2Fv2%2Ftags&post=9800"}],"curies":[{"name":"wp","href":"https:\/\/api.w.org\/{rel}","templated":true}]}}