{"id":9794,"date":"2025-07-03T13:28:44","date_gmt":"2025-07-03T13:28:44","guid":{"rendered":"https:\/\/verdadincomodadiario.ar\/?p=9794"},"modified":"2025-07-03T13:28:44","modified_gmt":"2025-07-03T13:28:44","slug":"el-impactante-video-del-auto-de-diogo-jota-en-llamas-tras-el-accidente-fatal","status":"publish","type":"post","link":"https:\/\/verdadincomodadiario.ar\/?p=9794","title":{"rendered":"El impactante video del auto de Diogo Jota en llamas tras el accidente fatal"},"content":{"rendered":"<p>Un <a href=\"https:\/\/derechadiario.com.ar\/sociedad\/video-impactante-explosion-camion-que-destruyo-varias-casas-chicago\" title=\"Video: la impactante explosi\u00f3n de un cami\u00f3n que destruy\u00f3 varias casas en Chicago\">video<\/a> muestra el momento exacto en que el auto de <strong>Diogo Jota<\/strong> se prende fuego, minutos despu\u00e9s del <a href=\"https:\/\/derechadiario.com.ar\/deportes\/chino-maidana-hablo-tras-sobrevivir-su-accidente-moto-vole-150-metros\" title=\"El Chino Maidana habl\u00f3 tras sobrevivir a su accidente en moto: 'Vol\u00e9 150 metros...'\">accidente<\/a> ocurrido en la <strong>ruta A-52<\/strong>, a la altura de Zamora, Espa\u00f1a.<\/p>\n<p>El delantero portugu\u00e9s del <strong>Liverpool<\/strong> y su hermano <strong>Andr\u00e9<\/strong> murieron en el acto tras el brutal impacto. Las causas del siniestro todav\u00eda est\u00e1n bajo investigaci\u00f3n.<\/p>\n<div class=\"inter_image image_horizontal\">\n<picture><source class=\"img-responsive\" type=\"image\/webp\" data-srcset=\"https:\/\/filesedc.com\/uploads\/image\/post\/2025\/07\/diogo-jota-choque-video_300_200.webp 300w, https:\/\/filesedc.com\/uploads\/image\/post\/2025\/07\/diogo-jota-choque-video_630_420.webp 630w, https:\/\/filesedc.com\/uploads\/image\/post\/2025\/07\/diogo-jota-choque-video_760_507.webp 760w, https:\/\/filesedc.com\/uploads\/image\/post\/2025\/07\/diogo-jota-choque-video_1200_800.webp 1200w, https:\/\/filesedc.com\/uploads\/image\/post\/2025\/07\/diogo-jota-choque-video_1600_1067.webp 1600w, \"><img decoding=\"async\" src=\"https:\/\/derechadiario.com.ar\/filesedc\/uploads\/image\/post\/2025\/07\/diogo-jota-choque-video_1200_800.webp\" class=\"img-responsive lazyload\" alt=\"Futbolista con camiseta roja durante un partido de la Premier League mirando hacia un lado\" title=\"Futbolista con camiseta roja durante un partido de la Premier League mirando hacia un lado\"><\/picture>\n<div>\n<span class=\"img_footer\">Un video muestra el momento exacto en que el auto de Diogo Jota se prende fuego <\/span>| <span class=\"img_author\">La Derecha Diario<\/span>\n<\/div>\n<\/div>\n<h2><strong>El auto de Diogo Jota explot\u00f3 tras un presunto desperfecto<\/strong><\/h2>\n<p>Seg\u00fan testigos del hecho, el <strong>Lamborghini<\/strong> en el que viajaba el futbolista habr\u00eda sufrido la explosi\u00f3n de un neum\u00e1tico mientras realizaba una maniobra de sobrepaso.<\/p>\n<p>Eso hizo que el veh\u00edculo perdiera el control, chocara contra un costado de la ruta y se incendiara por completo. El fuego consumi\u00f3 el auto en pocos minutos.<\/p>\n<h2><strong>El video que registr\u00f3 el incendio conmociona a las redes<\/strong><\/h2>\n<p>Las im\u00e1genes fueron grabadas por personas que pasaban por la zona y luego compartidas por el medio portugu\u00e9s <em>Os Monhacas<\/em>. En el clip se ve el <strong>veh\u00edculo envuelto en llamas<\/strong>, sin posibilidad de rescate.<\/p>\n<div class=\"text-center\">\n<h3 class=\"dailyMotionTitle\">Video muestra c\u00f3mo qued\u00f3 el auto de Diogo Jota tras el choque mortal<\/h3>\n<aside>\n<figure class=\"op-interactive\"><\/figure>\n<\/aside>\n<\/div>\n<p>Los servicios de emergencia llegaron r\u00e1pido al lugar, pero ya era demasiado tarde. Ambos ocupantes del auto estaban sin vida al momento del arribo.<\/p>\n<h2><strong>Jota regresaba a Portugal tras sus vacaciones familiares<\/strong><\/h2>\n<p>Diogo Jota hab\u00eda pasado unos d\u00edas de descanso con su familia y se dirig\u00eda de vuelta a Portugal. Recientemente se hab\u00eda <strong>casado con Rute Cardoso<\/strong> y era <strong>padre de tres hijos<\/strong>.<\/p>\n<div class=\"text-center\">\n<h3 class=\"dailyMotionTitle\">El impactante video del auto de Diogo Jota<\/h3>\n<aside>\n<figure class=\"op-interactive\"><\/figure>\n<\/aside>\n<\/div>\n<p>La noticia caus\u00f3 una fuerte conmoci\u00f3n tanto en el ambiente deportivo como entre los fan\u00e1ticos del Liverpool y la selecci\u00f3n portuguesa.<\/p>\n<aside class=\"whatsappChannelText\"><a href=\"https:\/\/whatsapp.com\/channel\/0029VagEjILGE56eKjedWF2U\" rel=\"nofollow\" title=\"WhatsApp Link\"><img alt=\"Logo de WhatsApp\" class=\"lazyload\" data-src=\"https:\/\/derechadiario.com.ar\/filesedc\/uploads\/other\/whatsapp_icon_mid_article.png\" width=\"32\" height=\"32\"><\/a> <a href=\"https:\/\/whatsapp.com\/channel\/0029VagEjILGE56eKjedWF2U\" rel=\"nofollow\" title=\"WhatsApp Link\"><strong>NO SE PIERDAN NINGUNA NOTICIA<\/strong>: Click aqu\u00ed para sumarte <strong>GRATIS<\/strong> al canal de noticias de <strong>La Derecha Diario en WhatsApp.<\/strong><\/a><\/aside>\n<h2><strong>Investigaci\u00f3n en curso y conmoci\u00f3n en el mundo del f\u00fatbol<\/strong><\/h2>\n<p>Por el momento, las autoridades no informaron con precisi\u00f3n qu\u00e9 origin\u00f3 el accidente. Se aguarda un informe oficial que confirme las causas.<\/p>\n<p>Mientras tanto, compa\u00f1eros de equipo, clubes y figuras del deporte expresaron sus condolencias y recordaron al jugador como una figura clave del f\u00fatbol europeo.<\/p>\n","protected":false},"excerpt":{"rendered":"<p>Un video muestra el momento exacto en que el auto de Diogo Jota se prende fuego, minutos despu\u00e9s del accidente ocurrido en la ruta A-52, a la altura de Zamora, Espa\u00f1a. El delantero portugu\u00e9s del Liverpool y su hermano Andr\u00e9 murieron en el acto tras el brutal impacto. Las causas del siniestro todav\u00eda est\u00e1n bajo [&hellip;]<\/p>\n","protected":false},"author":2,"featured_media":9795,"comment_status":"open","ping_status":"open","sticky":false,"template":"","format":"standard","meta":{"_et_pb_use_builder":"","_et_pb_old_content":"","_et_gb_content_width":"","footnotes":""},"categories":[84],"tags":[],"class_list":["post-9794","post","type-post","status-publish","format-standard","has-post-thumbnail","hentry","category-ultimomomento"],"_links":{"self":[{"href":"https:\/\/verdadincomodadiario.ar\/index.php?rest_route=\/wp\/v2\/posts\/9794","targetHints":{"allow":["GET"]}}],"collection":[{"href":"https:\/\/verdadincomodadiario.ar\/index.php?rest_route=\/wp\/v2\/posts"}],"about":[{"href":"https:\/\/verdadincomodadiario.ar\/index.php?rest_route=\/wp\/v2\/types\/post"}],"author":[{"embeddable":true,"href":"https:\/\/verdadincomodadiario.ar\/index.php?rest_route=\/wp\/v2\/users\/2"}],"replies":[{"embeddable":true,"href":"https:\/\/verdadincomodadiario.ar\/index.php?rest_route=%2Fwp%2Fv2%2Fcomments&post=9794"}],"version-history":[{"count":0,"href":"https:\/\/verdadincomodadiario.ar\/index.php?rest_route=\/wp\/v2\/posts\/9794\/revisions"}],"wp:featuredmedia":[{"embeddable":true,"href":"https:\/\/verdadincomodadiario.ar\/index.php?rest_route=\/wp\/v2\/media\/9795"}],"wp:attachment":[{"href":"https:\/\/verdadincomodadiario.ar\/index.php?rest_route=%2Fwp%2Fv2%2Fmedia&parent=9794"}],"wp:term":[{"taxonomy":"category","embeddable":true,"href":"https:\/\/verdadincomodadiario.ar\/index.php?rest_route=%2Fwp%2Fv2%2Fcategories&post=9794"},{"taxonomy":"post_tag","embeddable":true,"href":"https:\/\/verdadincomodadiario.ar\/index.php?rest_route=%2Fwp%2Fv2%2Ftags&post=9794"}],"curies":[{"name":"wp","href":"https:\/\/api.w.org\/{rel}","templated":true}]}}