{"id":9792,"date":"2025-07-03T13:28:45","date_gmt":"2025-07-03T13:28:45","guid":{"rendered":"https:\/\/verdadincomodadiario.ar\/?p=9792"},"modified":"2025-07-03T13:28:45","modified_gmt":"2025-07-03T13:28:45","slug":"samsung-lanza-teaser-y-crecen-los-rumores-del-tri-fold-ultra-en-el-galaxy-unpacked","status":"publish","type":"post","link":"https:\/\/verdadincomodadiario.ar\/?p=9792","title":{"rendered":"Samsung lanza teaser y crecen los rumores del tri-fold Ultra en el &#8216;Galaxy Unpacked&#8217;"},"content":{"rendered":"<p>El pr\u00f3ximo <strong>Galaxy Unpacked<\/strong>\u00a0 del <strong>9 de julio<\/strong> promete ser uno de los m\u00e1s llamativos de los \u00faltimos a\u00f1os. Un video oficial de <strong>Samsung<\/strong>\u00a0 refuerza los rumores sobre la posible presentaci\u00f3n de su primer <a href=\"https:\/\/derechadiario.com.ar\/sociedad\/galaxy-g-fold-filtran-detalles-del-nuevo-smartphone-plegable-triple-samsung\" title=\"Galaxy G Fold: filtran detalles del nuevo smartphone plegable triple de Samsung\"><strong>smartphone tri-fold<\/strong><\/a>.<\/p>\n<p>El dispositivo, que se menciona bajo el nombre de <strong>Galaxy Z Fold Ultra<\/strong>, ser\u00eda la gran novedad del evento. Se presentar\u00eda junto a los esperados <a href=\"https:\/\/derechadiario.com.ar\/sociedad\/galaxy-z-fold-7-y-flip-7-filtran-imagenes-los-nuevos-plegables-samsung\" title=\"Galaxy Z Fold 7 y Flip 7: filtran im\u00e1genes de los nuevos plegables de Samsung\"><strong>Galaxy Z Fold 7<\/strong> y <strong>Galaxy Z Flip 7<\/strong><\/a>.<\/p>\n<div class=\"inter_image image_horizontal\">\n<picture><source class=\"img-responsive\" type=\"image\/webp\" data-srcset=\"https:\/\/filesedc.com\/uploads\/image\/post\/2025\/07\/galaxy-unpacked-9-de-julio_300_200.webp 300w, https:\/\/filesedc.com\/uploads\/image\/post\/2025\/07\/galaxy-unpacked-9-de-julio_630_420.webp 630w, https:\/\/filesedc.com\/uploads\/image\/post\/2025\/07\/galaxy-unpacked-9-de-julio_760_507.webp 760w, https:\/\/filesedc.com\/uploads\/image\/post\/2025\/07\/galaxy-unpacked-9-de-julio_1200_800.webp 1200w, https:\/\/filesedc.com\/uploads\/image\/post\/2025\/07\/galaxy-unpacked-9-de-julio_1600_1067.webp 1600w, \"><img decoding=\"async\" src=\"https:\/\/derechadiario.com.ar\/filesedc\/uploads\/image\/post\/2025\/07\/galaxy-unpacked-9-de-julio_1200_800.webp\" class=\"img-responsive lazyload\" alt=\"Invitaci\u00f3n al evento Galaxy Unpacked del 9 de julio de 2025 mostrando un tel\u00e9fono plegable Samsung en manos de una persona\" title=\"Invitaci\u00f3n al evento Galaxy Unpacked del 9 de julio de 2025 mostrando un tel\u00e9fono plegable Samsung en manos de una persona\"><\/picture>\n<div>\n<span class=\"img_footer\">Galaxy Z Fold Ultra, ser\u00eda la gran novedad del evento <\/span>| <span class=\"img_author\">La Derecha Diario<\/span>\n<\/div>\n<\/div>\n<h2><strong>Samsung juega al misterio y deja pistas de su nuevo plegable Ultra<\/strong><\/h2>\n<p>El video publicado por Samsung mezcla est\u00e9tica culinaria con gui\u00f1os tecnol\u00f3gicos. Muestra empanadas plegadas mientras se repite la palabra <strong>&#8220;Ultra&#8221;<\/strong>, lo que muchos interpretan como una se\u00f1al clara de lo que se viene.<\/p>\n<p>La marca ya utiliz\u00f3 esta estrategia para generar expectativa en lanzamientos anteriores, como con el <strong>Galaxy Ring<\/strong> o el <strong>S25 Edge<\/strong>. Ahora, todo apunta a que el turno es del <strong>tri-fold plegable<\/strong>.<\/p>\n<h2><strong>Un tri-fold que marcar\u00eda un antes y un despu\u00e9s<\/strong><\/h2>\n<p>Seg\u00fan el medio <em>SamMobile<\/em>, este nuevo modelo significar\u00eda una verdadera <strong>revoluci\u00f3n en la l\u00ednea Galaxy<\/strong>. Ser\u00eda presentado en julio, pero se lanzar\u00eda oficialmente reci\u00e9n en el \u00faltimo trimestre del a\u00f1o.<\/p>\n<div class=\"text-center\">\n<h3 class=\"dailyMotionTitle\">Teaser &#8211; Samsung mostrar\u00eda su primer plegable tri-fold Ultra el 9 de julio<\/h3>\n<aside>\n<figure class=\"op-interactive\"><\/figure>\n<\/aside>\n<\/div>\n<p>Samsung apostar\u00eda por una <strong>producci\u00f3n limitada<\/strong> al principio, para evaluar la recepci\u00f3n del mercado y ajustar su estrategia seg\u00fan la demanda.<\/p>\n<h2><strong>Las especificaciones filtradas del Galaxy tri-fold<\/strong><\/h2>\n<ul>\n<li><strong>Pantalla OLED de 10 pulgadas<\/strong><\/li>\n<li><strong>Procesador Snapdragon 8 Elite<\/strong><\/li>\n<li><strong>Bater\u00eda de 5.600 mAh<\/strong><\/li>\n<li><strong>C\u00e1mara principal de 200 Mpx<\/strong><\/li>\n<li>\n<strong>Ultra gran angular de 12 Mpx<\/strong> y <strong>teleobjetivo de 10 Mpx<\/strong> con zoom 3x<\/li>\n<li><strong>C\u00e1mara frontal de 10 Mpx<\/strong><\/li>\n<\/ul>\n<figure><img decoding=\"async\" src=\"https:\/\/derechadiario.com.ar\/filesedc\/uploads\/image\/post\/2025\/06\/samsung-galaxy-fold_1200_800.webp\" class=\"img-responsive lazyload\" alt=\"Persona sosteniendo un dispositivo m\u00f3vil plegable con pantalla grande y fondo de colores morados y rosados, mostrando la hora y la fecha\" title=\"Persona sosteniendo un dispositivo m\u00f3vil plegable con pantalla grande y fondo de colores morados y rosados, mostrando la hora y la fecha\"><\/figure>\n<aside class=\"whatsappChannelText\"><a href=\"https:\/\/whatsapp.com\/channel\/0029VagEjILGE56eKjedWF2U\" rel=\"nofollow\" title=\"WhatsApp Link\"><img alt=\"Logo de WhatsApp\" class=\"lazyload\" data-src=\"https:\/\/derechadiario.com.ar\/filesedc\/uploads\/other\/whatsapp_icon_mid_article.png\" width=\"32\" height=\"32\"><\/a> <a href=\"https:\/\/whatsapp.com\/channel\/0029VagEjILGE56eKjedWF2U\" rel=\"nofollow\" title=\"WhatsApp Link\"><strong>NO SE PIERDAN NINGUNA NOTICIA<\/strong>: Click aqu\u00ed para sumarte <strong>GRATIS<\/strong> al canal de noticias de <strong>La Derecha Diario en WhatsApp.<\/strong><\/a><\/aside>\n<p>La idea es mantener <strong>prestaciones premium<\/strong> como las de la familia Galaxy S, pero en un formato mucho m\u00e1s vers\u00e1til y plegable.<\/p>\n<h2><strong>Disponibilidad y precio: \u00bfcu\u00e1ndo y d\u00f3nde se lanza?<\/strong><\/h2>\n<p>Si bien se espera que el equipo sea <strong>presentado en julio<\/strong>, reci\u00e9n entrar\u00eda en producci\u00f3n en septiembre. El <strong>lanzamiento inicial ser\u00eda exclusivo para China y Corea del Sur<\/strong>.<\/p>\n<p>El precio tambi\u00e9n ser\u00eda un factor de impacto: <strong>2.941 d\u00f3lares<\/strong>, una cifra que lo posiciona como uno de los tel\u00e9fonos m\u00e1s caros del mercado.<\/p>\n","protected":false},"excerpt":{"rendered":"<p>El pr\u00f3ximo Galaxy Unpacked\u00a0 del 9 de julio promete ser uno de los m\u00e1s llamativos de los \u00faltimos a\u00f1os. Un video oficial de Samsung\u00a0 refuerza los rumores sobre la posible presentaci\u00f3n de su primer smartphone tri-fold. El dispositivo, que se menciona bajo el nombre de Galaxy Z Fold Ultra, ser\u00eda la gran novedad del evento. [&hellip;]<\/p>\n","protected":false},"author":2,"featured_media":9793,"comment_status":"open","ping_status":"open","sticky":false,"template":"","format":"standard","meta":{"_et_pb_use_builder":"","_et_pb_old_content":"","_et_gb_content_width":"","footnotes":""},"categories":[84],"tags":[],"class_list":["post-9792","post","type-post","status-publish","format-standard","has-post-thumbnail","hentry","category-ultimomomento"],"_links":{"self":[{"href":"https:\/\/verdadincomodadiario.ar\/index.php?rest_route=\/wp\/v2\/posts\/9792","targetHints":{"allow":["GET"]}}],"collection":[{"href":"https:\/\/verdadincomodadiario.ar\/index.php?rest_route=\/wp\/v2\/posts"}],"about":[{"href":"https:\/\/verdadincomodadiario.ar\/index.php?rest_route=\/wp\/v2\/types\/post"}],"author":[{"embeddable":true,"href":"https:\/\/verdadincomodadiario.ar\/index.php?rest_route=\/wp\/v2\/users\/2"}],"replies":[{"embeddable":true,"href":"https:\/\/verdadincomodadiario.ar\/index.php?rest_route=%2Fwp%2Fv2%2Fcomments&post=9792"}],"version-history":[{"count":0,"href":"https:\/\/verdadincomodadiario.ar\/index.php?rest_route=\/wp\/v2\/posts\/9792\/revisions"}],"wp:featuredmedia":[{"embeddable":true,"href":"https:\/\/verdadincomodadiario.ar\/index.php?rest_route=\/wp\/v2\/media\/9793"}],"wp:attachment":[{"href":"https:\/\/verdadincomodadiario.ar\/index.php?rest_route=%2Fwp%2Fv2%2Fmedia&parent=9792"}],"wp:term":[{"taxonomy":"category","embeddable":true,"href":"https:\/\/verdadincomodadiario.ar\/index.php?rest_route=%2Fwp%2Fv2%2Fcategories&post=9792"},{"taxonomy":"post_tag","embeddable":true,"href":"https:\/\/verdadincomodadiario.ar\/index.php?rest_route=%2Fwp%2Fv2%2Ftags&post=9792"}],"curies":[{"name":"wp","href":"https:\/\/api.w.org\/{rel}","templated":true}]}}