{"id":979,"date":"2025-04-03T18:48:57","date_gmt":"2025-04-03T18:48:57","guid":{"rendered":"https:\/\/verdadincomodadiario.ar\/?p=979"},"modified":"2025-04-03T18:48:57","modified_gmt":"2025-04-03T18:48:57","slug":"por-exigencia-del-gobierno-toyota-expuso-cuanto-encarecen-los-impuestos-sus-autos","status":"publish","type":"post","link":"https:\/\/verdadincomodadiario.ar\/?p=979","title":{"rendered":"Por exigencia del Gobierno, Toyota expuso cu\u00e1nto encarecen los impuestos sus autos"},"content":{"rendered":"<p><strong>Toyota Argentina<\/strong> actualiz\u00f3 su lista de precios para abril de 2025 e incluy\u00f3 un dato clave: el <a href=\"https:\/\/derechadiario.com.ar\/negocios-finanzas\/creditos-sin-interes-para-autos-0-km-que-cuotas-son-las-mas-bajas\" title=\"Cr\u00e9ditos sin inter\u00e9s para autos 0 km: qu\u00e9 cuotas son las m\u00e1s bajas\">valor de sus autos<\/a> sin la carga de los impuestos . La medida responde a la <strong>Resoluci\u00f3n 4\/2025 de la Secretar\u00eda de Comercio<\/strong>, que exige mayor transparencia en los precios.<\/p>\n<p>La informaci\u00f3n publicada en su sitio web muestra el impacto impositivo en cada modelo y deja en evidencia cu\u00e1nto encarece el precio final.<\/p>\n<div class=\"inter_image image_horizontal\">\n<picture><source class=\"img-responsive\" type=\"image\/webp\" data-srcset=\"\/filesedc\/uploads\/image\/post\/toyota-precios-autos-sin-impuestos_300_200.webp 300w, \n\/filesedc\/uploads\/image\/post\/toyota-precios-autos-sin-impuestos_630_420.webp 630w,\n                                \/filesedc\/uploads\/image\/post\/toyota-precios-autos-sin-impuestos_760_507.webp 760w,\n                                \/filesedc\/uploads\/image\/post\/toyota-precios-autos-sin-impuestos_1200_800.webp 1200w,\n                                \/filesedc\/uploads\/image\/post\/toyota-precios-autos-sin-impuestos_1600_1067.webp 1600w\"><img decoding=\"async\" src=\"https:\/\/derechadiario.com.ar\/filesedc\/uploads\/image\/post\/toyota-precios-autos-sin-impuestos_1200_800.webp\" class=\"img-responsive lazyload\" alt=\"Logotipo de Toyota con un fondo rojo y el nombre de la marca en letras negras.\" title=\"Logotipo de Toyota con un fondo rojo y el nombre de la marca en letras negras.\"><\/picture>\n<div>\n<span class=\"img_footer\">Toyota Argentina actualiz\u00f3 su lista de precios para abril de 2025 <\/span>| <span class=\"img_author\">La Derecha Diario<\/span>\n<\/div>\n<\/div>\n<h2><strong>\u00bfCu\u00e1nto suben los autos de Toyota por los impuestos?<\/strong><\/h2>\n<p>La diferencia de precios var\u00eda seg\u00fan el modelo. En algunos casos, los impuestos suman varios millones de pesos sobre el valor base.<\/p>\n<p>Estos son algunos ejemplos de <strong>modelos de Toyota<\/strong> con su precio final y el valor sin impuestos de todos los niveles del Estado:<\/p>\n<ul>\n<li>\n<strong>Yaris XS Manual:<\/strong> $22.648.000 final \/ $18.717.355 sin impuestos<\/li>\n<li>\n<strong>Yaris XLS Pack CVT:<\/strong> $27.909.000 final \/ $23.065.289 sin impuestos<\/li>\n<li>\n<strong>Corolla 2.0 XLI CVT:<\/strong> $31.087.000 final \/ $25.691.735 sin impuestos<\/li>\n<li>\n<strong>Corolla HEV 1.8 SEG eCVT:<\/strong> $40.175.000 final \/ $33.202.479 sin impuestos<\/li>\n<li>\n<strong>Hilux SR 4&#215;4 Manual:<\/strong> $53.819.000 final \/ $48.704.977 sin impuestos<\/li>\n<li>\n<strong>Hilux SRX 4&#215;4 AT:<\/strong> $68.194.000 final \/ $61.714.027 sin impuestos<\/li>\n<li>\n<strong>Corolla Cross XLI 2.0 CVT:<\/strong> $39.228.000 final \/ $32.419.834 sin impuestos<\/li>\n<li>\n<strong>Corolla Cross GR-Sport 2.0 CVT:<\/strong> $47.390.000 final \/ $39.165.289 sin impuestos<\/li>\n<li>\n<strong>SW4 4&#215;4 SRX 2.8 TDI AT:<\/strong> $69.792.000 final \/ $57.679.338 sin impuestos<\/li>\n<\/ul>\n<figure><img decoding=\"async\" src=\"https:\/\/derechadiario.com.ar\/filesedc\/uploads\/image\/post\/toyota-precios-sin-impuestos_1200_800.webp\" class=\"img-responsive lazyload\" alt=\"Frontal de un autom\u00f3vil rojo Toyota Yaris estacionado al aire libre.\" title=\"Frontal de un autom\u00f3vil rojo Toyota Yaris estacionado al aire libre.\"><\/figure>\n<h2><strong>Transparencia en los precios<\/strong><\/h2>\n<p>La publicaci\u00f3n de los valores sin impuestos responde a la <a href=\"https:\/\/derechadiario.com.ar\/economia\/gobierno-oficializo-reduccion-aranceles-para-importacion-indumentaria\" title=\"El Gobierno oficializ\u00f3 la reducci\u00f3n de aranceles para la importaci\u00f3n de indumentaria\">exigencia del Gobierno<\/a> de <strong>informar con claridad el impacto de la carga impositiva<\/strong>.<\/p>\n<p>En Argentina, los <strong>impuestos internos<\/strong> afectan a los modelos de alta gama, pero tambi\u00e9n impactan en veh\u00edculos de menor valor. Con esta estrategia, Toyota busca que los consumidores conozcan cu\u00e1nto cuesta realmente cada auto antes de la aplicaci\u00f3n de los tributos.<\/p>\n<aside class=\"whatsappChannelText\"><a href=\"https:\/\/whatsapp.com\/channel\/0029VagEjILGE56eKjedWF2U\" rel=\"nofollow\" title=\"WhatsApp Link\"><img alt=\"Logo de WhatsApp\" class=\"lazyload\" data-src=\"https:\/\/derechadiario.com.ar\/filesedc\/uploads\/other\/whatsapp_icon_mid_article.png\" width=\"32\" height=\"32\"><\/a> <a href=\"https:\/\/whatsapp.com\/channel\/0029VagEjILGE56eKjedWF2U\" rel=\"nofollow\" title=\"WhatsApp Link\"><strong>NO SE PIERDAN NINGUNA NOTICIA<\/strong>: Click aqu\u00ed para sumarte <strong>GRATIS<\/strong> al canal de noticias de <strong>La Derecha Diario en WhatsApp.<\/strong><\/a><\/aside>\n<figure><img decoding=\"async\" src=\"https:\/\/derechadiario.com.ar\/filesedc\/uploads\/image\/post\/milei-y-caputo1webp-1743130329969_1200_800.webp\" class=\"img-responsive lazyload\" alt=\"Dos hombres sonr\u00eden mientras uno de ellos saluda con la mano levantada.\" title=\"Dos hombres sonr\u00eden mientras uno de ellos saluda con la mano levantada.\"><\/figure>\n<h2><strong>\u00bfBajar\u00e1n los precios de los autos en Argentina?<\/strong><\/h2>\n<p>Aunque esta medida no significa una reducci\u00f3n de precios inmediata, s\u00ed <strong>abre el debate sobre la carga impositiva<\/strong> en la industria automotriz. Los impuestos representan una gran parte del valor de los autos en el pa\u00eds, y muchos consumidores piden su reducci\u00f3n.<\/p>\n<p>Por ahora, la exhibici\u00f3n de estos datos permite a los compradores entender mejor qu\u00e9 porcentaje del precio final corresponde a impuestos y c\u00f3mo afecta su decisi\u00f3n de compra.<\/p>\n","protected":false},"excerpt":{"rendered":"<p>Toyota Argentina actualiz\u00f3 su lista de precios para abril de 2025 e incluy\u00f3 un dato clave: el valor de sus autos sin la carga de los impuestos . La medida responde a la Resoluci\u00f3n 4\/2025 de la Secretar\u00eda de Comercio, que exige mayor transparencia en los precios. La informaci\u00f3n publicada en su sitio web muestra [&hellip;]<\/p>\n","protected":false},"author":2,"featured_media":980,"comment_status":"open","ping_status":"open","sticky":false,"template":"","format":"standard","meta":{"_et_pb_use_builder":"","_et_pb_old_content":"","_et_gb_content_width":"","footnotes":""},"categories":[80],"tags":[],"class_list":["post-979","post","type-post","status-publish","format-standard","has-post-thumbnail","hentry","category-economia-2"],"_links":{"self":[{"href":"https:\/\/verdadincomodadiario.ar\/index.php?rest_route=\/wp\/v2\/posts\/979","targetHints":{"allow":["GET"]}}],"collection":[{"href":"https:\/\/verdadincomodadiario.ar\/index.php?rest_route=\/wp\/v2\/posts"}],"about":[{"href":"https:\/\/verdadincomodadiario.ar\/index.php?rest_route=\/wp\/v2\/types\/post"}],"author":[{"embeddable":true,"href":"https:\/\/verdadincomodadiario.ar\/index.php?rest_route=\/wp\/v2\/users\/2"}],"replies":[{"embeddable":true,"href":"https:\/\/verdadincomodadiario.ar\/index.php?rest_route=%2Fwp%2Fv2%2Fcomments&post=979"}],"version-history":[{"count":0,"href":"https:\/\/verdadincomodadiario.ar\/index.php?rest_route=\/wp\/v2\/posts\/979\/revisions"}],"wp:featuredmedia":[{"embeddable":true,"href":"https:\/\/verdadincomodadiario.ar\/index.php?rest_route=\/wp\/v2\/media\/980"}],"wp:attachment":[{"href":"https:\/\/verdadincomodadiario.ar\/index.php?rest_route=%2Fwp%2Fv2%2Fmedia&parent=979"}],"wp:term":[{"taxonomy":"category","embeddable":true,"href":"https:\/\/verdadincomodadiario.ar\/index.php?rest_route=%2Fwp%2Fv2%2Fcategories&post=979"},{"taxonomy":"post_tag","embeddable":true,"href":"https:\/\/verdadincomodadiario.ar\/index.php?rest_route=%2Fwp%2Fv2%2Ftags&post=979"}],"curies":[{"name":"wp","href":"https:\/\/api.w.org\/{rel}","templated":true}]}}