{"id":9788,"date":"2025-07-03T13:28:47","date_gmt":"2025-07-03T13:28:47","guid":{"rendered":"https:\/\/verdadincomodadiario.ar\/?p=9788"},"modified":"2025-07-03T13:28:47","modified_gmt":"2025-07-03T13:28:47","slug":"xbox-confirma-que-perfect-dark-y-everwild-ya-no-siguen-en-desarrollo","status":"publish","type":"post","link":"https:\/\/verdadincomodadiario.ar\/?p=9788","title":{"rendered":"Xbox confirma que &#8216;Perfect Dark&#8217; y &#8216;Everwild&#8217; ya no siguen en desarrollo"},"content":{"rendered":"<p><strong><a href=\"https:\/\/derechadiario.com.ar\/entretenimiento\/xbox-game-pass-junio-microsoft-agrega-14-juegos-y-retira-3-del-catalogo\" title=\"Xbox Game Pass en junio: Microsoft agrega 14 juegos y retira 3 del cat\u00e1logo\">Microsoft<\/a><\/strong>\u00a0 confirm\u00f3 que <strong>Perfect Dark<\/strong> y <strong>Everwild<\/strong> dejan de estar en desarrollo. Ambos juegos eran apuestas de <a href=\"https:\/\/derechadiario.com.ar\/entretenimiento\/xbox-game-pass-julio-todos-los-juegos-que-llegan-y-los-que-se\" title=\"Xbox Game Pass en julio: todos los juegos que llegan y los que se van\"><strong>Xbox<\/strong><\/a>, pero tras una reestructuraci\u00f3n interna, ya no formar\u00e1n parte del cat\u00e1logo futuro.<\/p>\n<p>Adem\u00e1s, se anunci\u00f3 el <strong>cierre definitivo de The Initiative<\/strong>, el estudio creado especialmente para trabajar en el reboot de Perfect Dark.\u00a0<\/p>\n<div class=\"inter_image image_horizontal\">\n<picture><source class=\"img-responsive\" type=\"image\/webp\" data-srcset=\"https:\/\/filesedc.com\/uploads\/image\/post\/2025\/07\/perfect-dark-everwild-cancelados-xbox_300_200.webp 300w, https:\/\/filesedc.com\/uploads\/image\/post\/2025\/07\/perfect-dark-everwild-cancelados-xbox_630_420.webp 630w, https:\/\/filesedc.com\/uploads\/image\/post\/2025\/07\/perfect-dark-everwild-cancelados-xbox_760_507.webp 760w, https:\/\/filesedc.com\/uploads\/image\/post\/2025\/07\/perfect-dark-everwild-cancelados-xbox_1200_800.webp 1200w, https:\/\/filesedc.com\/uploads\/image\/post\/2025\/07\/perfect-dark-everwild-cancelados-xbox_1600_1067.webp 1600w, \"><img decoding=\"async\" src=\"https:\/\/derechadiario.com.ar\/filesedc\/uploads\/image\/post\/2025\/07\/perfect-dark-everwild-cancelados-xbox_1200_800.webp\" class=\"img-responsive lazyload\" alt=\"Comparaci\u00f3n de dos personajes femeninos de videojuegos, uno con cabello corto y rubio en un entorno realista y otra con cabello largo y blanco en un estilo animado sosteniendo una luz\" title=\"Comparaci\u00f3n de dos personajes femeninos de videojuegos, uno con cabello corto y rubio en un entorno realista y otra con cabello largo y blanco en un estilo animado sosteniendo una luz\"><\/picture>\n<div>\n<span class=\"img_footer\">Microsoft confirm\u00f3 que Perfect Dark y Everwild dejan de estar en desarrollo <\/span>| <span class=\"img_author\">La Derecha Diario<\/span>\n<\/div>\n<\/div>\n<h2><strong>Xbox pone fin a dos de sus proyectos m\u00e1s esperados<\/strong><\/h2>\n<p>La noticia se conoci\u00f3 a trav\u00e9s de un <strong>correo interno<\/strong> enviado por Matt Booty, cabeza de Xbox Game Studios. All\u00ed se confirm\u00f3 que tanto <strong>Perfect Dark<\/strong> como <strong>Everwild<\/strong> quedan oficialmente cancelados.<\/p>\n<p>Ambos ven\u00edan con un desarrollo extenso. <strong>Perfect Dark<\/strong> se anunci\u00f3 en 2018 y mostr\u00f3 su primer tr\u00e1iler gameplay reci\u00e9n en 2024, sin fecha definida. <strong>Everwild<\/strong>, en tanto, se present\u00f3 en 2019, pero nunca logr\u00f3 avanzar en firme.<\/p>\n<aside class=\"are-you-interested-container-photo\"><\/aside>\n<h2><strong>Se disuelve The Initiative, estudio de Microsoft<\/strong><\/h2>\n<p>Como parte de esta decisi\u00f3n, se cerr\u00f3 <strong>The Initiative<\/strong>, el estudio formado espec\u00edficamente para liderar la vuelta de Perfect Dark.<\/p>\n<figure><img decoding=\"async\" src=\"https:\/\/derechadiario.com.ar\/filesedc\/uploads\/image\/post\/2025\/07\/the-initiative-disuelto-xbox-microsoft_1200_800.webp\" class=\"img-responsive lazyload\" alt=\"Logotipo de The Initiative con un fondo negro y un dise\u00f1o geom\u00e9trico blanco a la izquierda del texto\" title=\"Logotipo de The Initiative con un fondo negro y un dise\u00f1o geom\u00e9trico blanco a la izquierda del texto\"><\/figure>\n<p>Seg\u00fan el comunicado, tambi\u00e9n se <strong>cancelaron otras producciones<\/strong> que a\u00fan no hab\u00edan sido reveladas al p\u00fablico. Esta medida forma parte de una reestructuraci\u00f3n m\u00e1s amplia que afecta a distintas \u00e1reas de la compa\u00f1\u00eda.<\/p>\n<h2><strong>Xbox aclara que su estrategia sigue firme<\/strong><\/h2>\n<p>A pesar de los recortes, Booty remarc\u00f3 que la estrategia de Xbox sigue enfocada en <strong>crear experiencias que entusiasmen a los jugadores<\/strong>. Afirm\u00f3 que <strong>hay m\u00e1s de 40 juegos en desarrollo activo<\/strong>.<\/p>\n<aside class=\"whatsappChannelText\"><a href=\"https:\/\/whatsapp.com\/channel\/0029VagEjILGE56eKjedWF2U\" rel=\"nofollow\" title=\"WhatsApp Link\"><img alt=\"Logo de WhatsApp\" class=\"lazyload\" data-src=\"https:\/\/derechadiario.com.ar\/filesedc\/uploads\/other\/whatsapp_icon_mid_article.png\" width=\"32\" height=\"32\"><\/a> <a href=\"https:\/\/whatsapp.com\/channel\/0029VagEjILGE56eKjedWF2U\" rel=\"nofollow\" title=\"WhatsApp Link\"><strong>NO SE PIERDAN NINGUNA NOTICIA<\/strong>: Click aqu\u00ed para sumarte <strong>GRATIS<\/strong> al canal de noticias de <strong>La Derecha Diario en WhatsApp.<\/strong><\/a><\/aside>\n<figure><img decoding=\"async\" src=\"https:\/\/derechadiario.com.ar\/filesedc\/uploads\/image\/post\/2025\/07\/xbox_1200_800.webp\" class=\"img-responsive lazyload\" alt=\"Logo de Xbox en color blanco sobre un fondo verde\" title=\"Logo de Xbox en color blanco sobre un fondo verde\"><\/figure>\n<p>Destacan un line-up s\u00f3lido para <strong>lo que queda de 2025<\/strong> y proyecciones optimistas para el a\u00f1o pr\u00f3ximo.<\/p>\n<h2><strong>\u00bfQu\u00e9 pasar\u00e1 con las franquicias canceladas?<\/strong><\/h2>\n<p>No est\u00e1 claro si <strong>Perfect Dark<\/strong> o <strong>Everwild<\/strong> podr\u00e1n retomarse en el futuro con nuevos equipos o formatos. Por ahora, quedan fuera de los planes de Microsoft, sin intenci\u00f3n de retomar su desarrollo.<\/p>\n<p>El caso de Everwild, desarrollado por <strong>Rare<\/strong>, ya generaba dudas desde hac\u00eda a\u00f1os. En el \u00faltimo tiempo no se hab\u00eda mostrado material nuevo, lo que aliment\u00f3 las sospechas de una cancelaci\u00f3n inminente.<\/p>\n","protected":false},"excerpt":{"rendered":"<p>Microsoft\u00a0 confirm\u00f3 que Perfect Dark y Everwild dejan de estar en desarrollo. Ambos juegos eran apuestas de Xbox, pero tras una reestructuraci\u00f3n interna, ya no formar\u00e1n parte del cat\u00e1logo futuro. Adem\u00e1s, se anunci\u00f3 el cierre definitivo de The Initiative, el estudio creado especialmente para trabajar en el reboot de Perfect Dark.\u00a0 Microsoft confirm\u00f3 que Perfect [&hellip;]<\/p>\n","protected":false},"author":2,"featured_media":9789,"comment_status":"open","ping_status":"open","sticky":false,"template":"","format":"standard","meta":{"_et_pb_use_builder":"","_et_pb_old_content":"","_et_gb_content_width":"","footnotes":""},"categories":[84],"tags":[],"class_list":["post-9788","post","type-post","status-publish","format-standard","has-post-thumbnail","hentry","category-ultimomomento"],"_links":{"self":[{"href":"https:\/\/verdadincomodadiario.ar\/index.php?rest_route=\/wp\/v2\/posts\/9788","targetHints":{"allow":["GET"]}}],"collection":[{"href":"https:\/\/verdadincomodadiario.ar\/index.php?rest_route=\/wp\/v2\/posts"}],"about":[{"href":"https:\/\/verdadincomodadiario.ar\/index.php?rest_route=\/wp\/v2\/types\/post"}],"author":[{"embeddable":true,"href":"https:\/\/verdadincomodadiario.ar\/index.php?rest_route=\/wp\/v2\/users\/2"}],"replies":[{"embeddable":true,"href":"https:\/\/verdadincomodadiario.ar\/index.php?rest_route=%2Fwp%2Fv2%2Fcomments&post=9788"}],"version-history":[{"count":0,"href":"https:\/\/verdadincomodadiario.ar\/index.php?rest_route=\/wp\/v2\/posts\/9788\/revisions"}],"wp:featuredmedia":[{"embeddable":true,"href":"https:\/\/verdadincomodadiario.ar\/index.php?rest_route=\/wp\/v2\/media\/9789"}],"wp:attachment":[{"href":"https:\/\/verdadincomodadiario.ar\/index.php?rest_route=%2Fwp%2Fv2%2Fmedia&parent=9788"}],"wp:term":[{"taxonomy":"category","embeddable":true,"href":"https:\/\/verdadincomodadiario.ar\/index.php?rest_route=%2Fwp%2Fv2%2Fcategories&post=9788"},{"taxonomy":"post_tag","embeddable":true,"href":"https:\/\/verdadincomodadiario.ar\/index.php?rest_route=%2Fwp%2Fv2%2Ftags&post=9788"}],"curies":[{"name":"wp","href":"https:\/\/api.w.org\/{rel}","templated":true}]}}