{"id":9760,"date":"2025-07-03T03:25:45","date_gmt":"2025-07-03T03:25:45","guid":{"rendered":"https:\/\/verdadincomodadiario.ar\/?p=9760"},"modified":"2025-07-03T03:25:45","modified_gmt":"2025-07-03T03:25:45","slug":"otro-muerto-por-frio-extremo-mientras-tanto-el-mides-y-el-mec-dan-talleres-de-rap","status":"publish","type":"post","link":"https:\/\/verdadincomodadiario.ar\/?p=9760","title":{"rendered":"Otro muerto por fr\u00edo extremo: mientras tanto el MIDES y el MEC dan talleres de rap"},"content":{"rendered":"<p><strong>A la fecha, la ola de fr\u00edo polar en Uruguay dej\u00f3 la muerte de ocho hombres que se encontraban en situaci\u00f3n de calle<\/strong>. Fueron hallados en plazas, bajo puentes o dentro de carpas improvisadas, en distintos puntos del territorio nacional: Montevideo, Rivera, Artigas, Treinta y Tres, y Salto. Hoy se sum\u00f3 Canelones.<\/p>\n<p><strong>La muerte m\u00e1s reciente fue en Las Piedras<\/strong>: un hombre de entre 30 y 35 a\u00f1os, que trabajaba como cuidacoches y dorm\u00eda en una carpa, fue encontrado sin vida.<\/p>\n<p><strong>La sexta no es la vencida<\/strong><\/p>\n<p><strong>La primera muerte, ocurrida aquel g\u00e9lido 24 de mayo<\/strong>, cuando un hombre de 35 a\u00f1os fue hallado sin vida debajo de un puente en Rivera, no fue suficiente para que el gobierno del Frente Amplio habilitara la evacuaci\u00f3n obligatoria de las calles. Tampoco la segunda registrada, en la Estaci\u00f3n Goes de Montevideo, de un hombre de 48 a\u00f1os.<\/p>\n<p>Con un nivel extraordinario de cinismo, el tercer fallecido no lo contabilizaron, argumentando que muri\u00f3 por \u201cpancreatitis hermorr\u00e1gica, posiblemente por el consumo de alcohol\u201d.<\/p>\n<p><a href=\"https:\/\/derechadiario.com.ar\/uruguay\/politica\/mujica-delato-sus-companeros-y-colaboro-con-los-militares-1972\">Quiz\u00e1s tambi\u00e9n te interese conocer un cap\u00edtulo oscuro de la historia reciente<\/a><\/p>\n<p>Para comenzar a obligar a las personas a refugiarse en los centros \u2014que nos cuestan millones de d\u00f3lares\u2014 no bast\u00f3 con el cuarto hombre muerto, hallado en una plaza de Buceo, tampoco con el quinto.<\/p>\n<p><strong>Hasta que al fin lleg\u00f3 el d\u00eda<\/strong><\/p>\n<p><strong>La emergencia nacional por fr\u00edo extremo fue decretada reci\u00e9n el 23 de junio<\/strong>, despu\u00e9s de que seis hombres en situaci\u00f3n de calle murieran por hipotermia, evidenciando una reacci\u00f3n tard\u00eda del gobierno del Frente Amplio que retras\u00f3 la declaraci\u00f3n de la alerta roja nacional, sin poder evitar las muertes ya ocurridas.<\/p>\n<p>Finalmente, el Poder Ejecutivo habilit\u00f3 la evacuaci\u00f3n forzosa y obligatoria de personas a refugios, amparado en el art\u00edculo 21 de la Ley N.\u00ba 18.621, sin contemplar resistencias.<\/p>\n<div class=\"inter_image image_horizontal\">\n<picture><source class=\"img-responsive\" type=\"image\/webp\" data-srcset=\"https:\/\/filesedc.com\/uploads\/image\/post\/2025\/07\/img-20250702-wa0064_300_200.webp 300w, https:\/\/filesedc.com\/uploads\/image\/post\/2025\/07\/img-20250702-wa0064_630_420.webp 630w, https:\/\/filesedc.com\/uploads\/image\/post\/2025\/07\/img-20250702-wa0064_760_507.webp 760w, https:\/\/filesedc.com\/uploads\/image\/post\/2025\/07\/img-20250702-wa0064_1200_800.webp 1200w, https:\/\/filesedc.com\/uploads\/image\/post\/2025\/07\/img-20250702-wa0064_1600_1067.webp 1600w, \"><img decoding=\"async\" src=\"https:\/\/derechadiario.com.ar\/filesedc\/uploads\/image\/post\/2025\/07\/img-20250702-wa0064_1200_800.webp\" class=\"img-responsive lazyload\" alt=\"Personas sostienen un folleto titulado Men\u00fa Cultural mientras usan pulseras azules y al fondo se lee el texto Plan Invierno 2025\" title=\"Personas sostienen un folleto titulado Men\u00fa Cultural mientras usan pulseras azules y al fondo se lee el texto Plan Invierno 2025\"><\/picture>\n<div>\n<span class=\"img_footer\">Men\u00fa cultural del MIDES. <\/span>| <span class=\"img_author\">Redacci\u00f3n<\/span>\n<\/div>\n<\/div>\n<p>As\u00ed, el director nacional de Protecci\u00f3n Social del MIDES, Daniel Gerhard, comunic\u00f3 el inicio de un operativo especial que despleg\u00f3 17 m\u00f3viles destinados a patrullar la ciudad en busca de las personas en situaci\u00f3n de calle.<\/p>\n<p><strong>Una emergencia poco urgente y superficial, D\u00edaz<\/strong><\/p>\n<p>La coordinaci\u00f3n de la alerta roja por fr\u00edo extremo est\u00e1 a cargo del Sistema Nacional de Emergencias (Sinae), presidido por el Prosecretario de la Presidencia, Jorge D\u00edaz, y dirigido por Leandro Palomeque. Ayer publicaron un informe sobre la situaci\u00f3n vigente en todo el pa\u00eds.<\/p>\n<p><a href=\"https:\/\/derechadiario.com.ar\/uruguay\/opinion\/asi-luce-socialdemocracia\">Quiz\u00e1s tambi\u00e9n te interese una cr\u00edtica sobre los modelos de bienestar europeos<\/a><\/p>\n<p><strong>En la octava jornada del operativo 2.236 personas fueron trasladadas a refugios del MIDES y 604 a Centros de Evacuaci\u00f3n<\/strong>, tanto en Montevideo como en el interior. Para ampliar la capacidad, se habilit\u00f3 un nuevo centro con 60 plazas en el exaeropuerto de Carrasco.<\/p>\n<p>Fueron 2.840 personas a las que se pudo acceder para dar refugio. Esto abre dos interrogantes importantes: a la fecha, \u00bfcu\u00e1l es el n\u00famero real de personas que viven en la calle? \u00bfQu\u00e9 va a pasar con estas personas una vez pasada la ola de fr\u00edo?<\/p>\n<p><strong>No est\u00e1 el Ministerio de Trabajo, est\u00e1 el MEC<\/strong><\/p>\n<p>El pasado 27 de junio, la Direcci\u00f3n Nacional de Cultura se incorpor\u00f3 al Plan Invierno, sumando propuestas como talleres de rap, tango, actuaci\u00f3n, muralismo, t\u00edteres, serigraf\u00eda, danza y otras expresiones art\u00edsticas dirigidas a personas en situaci\u00f3n de calle.<\/p>\n<p><a href=\"https:\/\/derechadiario.com.ar\/uruguay\/politica\/100-dias-bitacora-del-proyecto-gobierno-honesto-yamandu-orsi\">Quiz\u00e1s tambi\u00e9n te interese un repaso a las promesas incumplidas de un gobierno<\/a><\/p>\n<p>Desde el \u00e1rea de Derechos Culturales y Territorio, se promueve esta l\u00ednea de trabajo bajo la consigna de acercar la cultura a todos los territorios, <strong>como si un taller art\u00edstico pudiera reemplazar el acceso sostenido a atenci\u00f3n m\u00e9dica, acompa\u00f1amiento psicosocial o una salida laboral concreta<\/strong>.<\/p>\n<p><strong>Que gobierne la ineficiencia<\/strong><\/p>\n<p><strong>Los refugios est\u00e1n proporcionando un resguardo temporal ante una emergencia<\/strong>. Estas medidas no abordan las causas profundas que generan la indigencia. <strong>No mejoran la calidad de vida de los refugiados ni contribuyen a restablecer el orden p\u00fablico<\/strong>.<\/p>\n<p><strong>No se puede tapar el sol con un dedo<\/strong>. Los sistemas de refugios reproducen y mantienen la indigencia. Quienes acuden saben que no les ofrecen soluciones reales. <strong>No encuentran ni una sola oportunidad para dignificar su vida<\/strong>: ni una salida laboral de emergencia, asistencia psiqui\u00e1trica real o un tratamiento serio para superar la drogadicci\u00f3n.<\/p>\n<p><strong>Le faltan el respeto a todo el pueblo uruguayo<\/strong>.<\/p>\n","protected":false},"excerpt":{"rendered":"<p>A la fecha, la ola de fr\u00edo polar en Uruguay dej\u00f3 la muerte de ocho hombres que se encontraban en situaci\u00f3n de calle. Fueron hallados en plazas, bajo puentes o dentro de carpas improvisadas, en distintos puntos del territorio nacional: Montevideo, Rivera, Artigas, Treinta y Tres, y Salto. Hoy se sum\u00f3 Canelones. La muerte m\u00e1s [&hellip;]<\/p>\n","protected":false},"author":2,"featured_media":9761,"comment_status":"open","ping_status":"open","sticky":false,"template":"","format":"standard","meta":{"_et_pb_use_builder":"","_et_pb_old_content":"","_et_gb_content_width":"","footnotes":""},"categories":[84],"tags":[],"class_list":["post-9760","post","type-post","status-publish","format-standard","has-post-thumbnail","hentry","category-ultimomomento"],"_links":{"self":[{"href":"https:\/\/verdadincomodadiario.ar\/index.php?rest_route=\/wp\/v2\/posts\/9760","targetHints":{"allow":["GET"]}}],"collection":[{"href":"https:\/\/verdadincomodadiario.ar\/index.php?rest_route=\/wp\/v2\/posts"}],"about":[{"href":"https:\/\/verdadincomodadiario.ar\/index.php?rest_route=\/wp\/v2\/types\/post"}],"author":[{"embeddable":true,"href":"https:\/\/verdadincomodadiario.ar\/index.php?rest_route=\/wp\/v2\/users\/2"}],"replies":[{"embeddable":true,"href":"https:\/\/verdadincomodadiario.ar\/index.php?rest_route=%2Fwp%2Fv2%2Fcomments&post=9760"}],"version-history":[{"count":0,"href":"https:\/\/verdadincomodadiario.ar\/index.php?rest_route=\/wp\/v2\/posts\/9760\/revisions"}],"wp:featuredmedia":[{"embeddable":true,"href":"https:\/\/verdadincomodadiario.ar\/index.php?rest_route=\/wp\/v2\/media\/9761"}],"wp:attachment":[{"href":"https:\/\/verdadincomodadiario.ar\/index.php?rest_route=%2Fwp%2Fv2%2Fmedia&parent=9760"}],"wp:term":[{"taxonomy":"category","embeddable":true,"href":"https:\/\/verdadincomodadiario.ar\/index.php?rest_route=%2Fwp%2Fv2%2Fcategories&post=9760"},{"taxonomy":"post_tag","embeddable":true,"href":"https:\/\/verdadincomodadiario.ar\/index.php?rest_route=%2Fwp%2Fv2%2Ftags&post=9760"}],"curies":[{"name":"wp","href":"https:\/\/api.w.org\/{rel}","templated":true}]}}