{"id":9736,"date":"2025-07-02T21:24:49","date_gmt":"2025-07-02T21:24:49","guid":{"rendered":"https:\/\/verdadincomodadiario.ar\/?p=9736"},"modified":"2025-07-02T21:24:49","modified_gmt":"2025-07-02T21:24:49","slug":"cordoba-suspenden-el-expendio-de-gnc-por-24-horas-en-medio-de-la-ola-polar","status":"publish","type":"post","link":"https:\/\/verdadincomodadiario.ar\/?p=9736","title":{"rendered":"C\u00f3rdoba: suspenden el expendio de GNC por 24 horas en medio de la ola polar"},"content":{"rendered":"<p>Desde las 14 horas de este mi\u00e9rcoles 2 de julio, las estaciones de GNC en <a href=\"https:\/\/derechadiario.com.ar\/economia\/inflacion-junio-fue-18-segun-centro-almaceneros-cordoba\" title=\"La inflaci\u00f3n de junio fue de 1,8%, seg\u00fan el Centro de Almaceneros de C\u00f3rdoba\">C\u00f3rdoba<\/a>\u00a0<strong>interrumpieron el suministro durante 24 horas<\/strong>. La disposici\u00f3n fue comunicada por la Distribuidora de Gas del Centro, que justific\u00f3 la medida en una merma del stock de transporte. El corte alcanza tanto a estaciones independientes como a las vinculadas a petroleras.<\/p>\n<p>La presidenta de la C\u00e1mara de Expendedores de GNC del interior cordob\u00e9s, Marisa Centenaro, confirm\u00f3 que <strong>se trata de una resoluci\u00f3n de car\u00e1cter general<\/strong>. \u00a0<strong>La decisi\u00f3n responde al fuerte incremento del consumo residencial por las bajas temperaturas. Las estaciones afectadas son alrededor de 300 solo en C\u00f3rdoba.<\/strong><\/p>\n<p>El escenario se enmarca en un contexto clim\u00e1tico adverso que presiona el sistema energ\u00e9tico nacional. \u00a0<strong>La interrupci\u00f3n del servicio tambi\u00e9n se extiende a provincias como Santa Fe, Entre R\u00edos, Mendoza y otras de la regi\u00f3n centro y Cuyo.<\/strong>\u00a0 Sin embargo, las estaciones cordobesas representan uno de los focos m\u00e1s importantes por su volumen de operaciones.<\/p>\n<p>A \u00faltima hora del mi\u00e9rcoles se reunir\u00e1 el comit\u00e9 de presencias para evaluar la situaci\u00f3n. <strong>Seg\u00fan explic\u00f3 Centenaro, la decisi\u00f3n podr\u00eda levantarse antes del plazo previsto si se estabiliza el sistema.<\/strong> Mientras tanto, las estaciones permanecen cerradas al expendio de GNC y monitorean la evoluci\u00f3n de la demanda.<\/p>\n<aside class=\"are-you-interested-container-photo\"><\/aside>\n<div class=\"inter_image image_horizontal\">\n<picture><source class=\"img-responsive\" type=\"image\/webp\" data-srcset=\"https:\/\/filesedc.com\/uploads\/image\/post\/2025\/07\/captura-de-pantalla-2025-07-02-165447_300_200.webp 300w, https:\/\/filesedc.com\/uploads\/image\/post\/2025\/07\/captura-de-pantalla-2025-07-02-165447_630_420.webp 630w, https:\/\/filesedc.com\/uploads\/image\/post\/2025\/07\/captura-de-pantalla-2025-07-02-165447_760_507.webp 760w, https:\/\/filesedc.com\/uploads\/image\/post\/2025\/07\/captura-de-pantalla-2025-07-02-165447_1200_800.webp 1200w, https:\/\/filesedc.com\/uploads\/image\/post\/2025\/07\/captura-de-pantalla-2025-07-02-165447_1600_1067.webp 1600w, \"><img decoding=\"async\" src=\"https:\/\/derechadiario.com.ar\/filesedc\/uploads\/image\/post\/2025\/07\/captura-de-pantalla-2025-07-02-165447_1200_800.webp\" class=\"img-responsive lazyload\" alt=\"Mujer de cabello largo y pelirrojo con bufanda negra sonriendo al aire libre durante la noche\" title=\"Mujer de cabello largo y pelirrojo con bufanda negra sonriendo al aire libre durante la noche\"><\/picture>\n<div>\n<span class=\"img_footer\">Marisa Centenaro,  presidenta de la C\u00e1mara de Expendedores de GNC del interior cordob\u00e9s <\/span>| <span class=\"img_author\">La Derecha Diario<\/span>\n<\/div>\n<\/div>\n<h2>La ola polar y su impacto en el abastecimiento de gas<\/h2>\n<p>La Distribuidora de Gas del Centro inform\u00f3 que la medida se tom\u00f3 de forma preventiva ante el aumento sostenido del consumo. <strong>Las bajas temperaturas redujeron la capacidad del sistema de transporte<\/strong>, generando una situaci\u00f3n cr\u00edtica que obliga a priorizar el uso domiciliario. Esto motiv\u00f3 la suspensi\u00f3n del expendio en las estaciones de servicio de toda la red.<\/p>\n<aside class=\"whatsappChannelText\"><a href=\"https:\/\/whatsapp.com\/channel\/0029VagEjILGE56eKjedWF2U\" rel=\"nofollow\" title=\"WhatsApp Link\"><img alt=\"Logo de WhatsApp\" class=\"lazyload\" data-src=\"https:\/\/derechadiario.com.ar\/filesedc\/uploads\/other\/whatsapp_icon_mid_article.png\" width=\"32\" height=\"32\"><\/a> <a href=\"https:\/\/whatsapp.com\/channel\/0029VagEjILGE56eKjedWF2U\" rel=\"nofollow\" title=\"WhatsApp Link\"><strong>NO SE PIERDAN NINGUNA NOTICIA<\/strong>: Click aqu\u00ed para sumarte <strong>GRATIS<\/strong> al canal de noticias de <strong>La Derecha Diario en WhatsApp.<\/strong><\/a><\/aside>\n<p>Centenaro indic\u00f3 que <strong>la decisi\u00f3n no distingue entre estaciones seg\u00fan su bandera y que todas deben cumplir la disposici\u00f3n.<\/strong> Las estaciones afectadas deber\u00e1n esperar nuevas instrucciones tras la reuni\u00f3n prevista para esta noche. La C\u00e1mara de Expendedores pidi\u00f3 seguir de cerca la evoluci\u00f3n del sistema para evitar mayores perjuicios.<\/p>\n<p><strong>La suspensi\u00f3n\u00a0abarca a 9 provincias bajo la cobertura de la Distribuidora de Gas del Centro<\/strong><strong>.<\/strong>\u00a0No obstante, <a href=\"https:\/\/derechadiario.com.ar\/sociedad\/cordoba-uber-rechaza-ordenanza-que-limita-cupos-y-advierte-por-miles-choferes\" title=\"C\u00f3rdoba: Uber rechaza la ordenanza que limita cupos y advierte por miles de choferes\">C\u00f3rdoba<\/a> concentra una parte significativa de la infraestructura de expendio en el centro del pa\u00eds. Por ese motivo, las autoridades locales siguen el caso con especial atenci\u00f3n.<\/p>\n","protected":false},"excerpt":{"rendered":"<p>Desde las 14 horas de este mi\u00e9rcoles 2 de julio, las estaciones de GNC en C\u00f3rdoba\u00a0interrumpieron el suministro durante 24 horas. La disposici\u00f3n fue comunicada por la Distribuidora de Gas del Centro, que justific\u00f3 la medida en una merma del stock de transporte. El corte alcanza tanto a estaciones independientes como a las vinculadas a [&hellip;]<\/p>\n","protected":false},"author":2,"featured_media":9737,"comment_status":"open","ping_status":"open","sticky":false,"template":"","format":"standard","meta":{"_et_pb_use_builder":"","_et_pb_old_content":"","_et_gb_content_width":"","footnotes":""},"categories":[84],"tags":[],"class_list":["post-9736","post","type-post","status-publish","format-standard","has-post-thumbnail","hentry","category-ultimomomento"],"_links":{"self":[{"href":"https:\/\/verdadincomodadiario.ar\/index.php?rest_route=\/wp\/v2\/posts\/9736","targetHints":{"allow":["GET"]}}],"collection":[{"href":"https:\/\/verdadincomodadiario.ar\/index.php?rest_route=\/wp\/v2\/posts"}],"about":[{"href":"https:\/\/verdadincomodadiario.ar\/index.php?rest_route=\/wp\/v2\/types\/post"}],"author":[{"embeddable":true,"href":"https:\/\/verdadincomodadiario.ar\/index.php?rest_route=\/wp\/v2\/users\/2"}],"replies":[{"embeddable":true,"href":"https:\/\/verdadincomodadiario.ar\/index.php?rest_route=%2Fwp%2Fv2%2Fcomments&post=9736"}],"version-history":[{"count":0,"href":"https:\/\/verdadincomodadiario.ar\/index.php?rest_route=\/wp\/v2\/posts\/9736\/revisions"}],"wp:featuredmedia":[{"embeddable":true,"href":"https:\/\/verdadincomodadiario.ar\/index.php?rest_route=\/wp\/v2\/media\/9737"}],"wp:attachment":[{"href":"https:\/\/verdadincomodadiario.ar\/index.php?rest_route=%2Fwp%2Fv2%2Fmedia&parent=9736"}],"wp:term":[{"taxonomy":"category","embeddable":true,"href":"https:\/\/verdadincomodadiario.ar\/index.php?rest_route=%2Fwp%2Fv2%2Fcategories&post=9736"},{"taxonomy":"post_tag","embeddable":true,"href":"https:\/\/verdadincomodadiario.ar\/index.php?rest_route=%2Fwp%2Fv2%2Ftags&post=9736"}],"curies":[{"name":"wp","href":"https:\/\/api.w.org\/{rel}","templated":true}]}}