{"id":973,"date":"2025-04-03T18:49:00","date_gmt":"2025-04-03T18:49:00","guid":{"rendered":"https:\/\/verdadincomodadiario.ar\/?p=973"},"modified":"2025-04-03T18:49:00","modified_gmt":"2025-04-03T18:49:00","slug":"a-traves-de-bolivia-argentina-exporto-gas-a-brasil-por-primera-vez-en-la-historia","status":"publish","type":"post","link":"https:\/\/verdadincomodadiario.ar\/?p=973","title":{"rendered":"A trav\u00e9s de Bolivia, Argentina export\u00f3 gas a Brasil por primera vez en la historia"},"content":{"rendered":"<p>Por <strong>primera vez<\/strong>\u00a0 en la historia, <a href=\"https:\/\/derechadiario.com.ar\/politica\/werthein-se-reunio-con-marco-rubio-para-profundizar-alianza-argentina-y-eeuu\" title=\"Werthein se reuni\u00f3 con Marco Rubio para profundizar la alianza entre Argentina y EEUU\">Argentina<strong><\/strong>\u00a0 <\/a><strong>export\u00f3 gas natural a Brasil a trav\u00e9s de Bolivia<\/strong>, consolidando un <strong>hito<\/strong>\u00a0 en la integraci\u00f3n <strong>energ\u00e9tica<\/strong>\u00a0 regional.<\/p>\n<p>Esta operaci\u00f3n, encabezada por la filial local de <strong>TotalEnergies<\/strong>\u00a0 y la comercializadora \u00a0<strong>Matrix Energ\u00eda<\/strong>, se concreta en el marco de la <strong>eficaz<\/strong>\u00a0 maniobra\u00a0econ\u00f3mica impulsada por el gobierno de <a href=\"https:\/\/derechadiario.com.ar\/politica\/milei-celebro-baja-pobreza-y-critico-los-econochantas-y-ensobrados\" title=\"Milei celebr\u00f3 la baja en la pobreza y critic\u00f3 a los 'econochantas' y 'ensobrados'\">Javier Milei<\/a>, quien apuesta al sector privado para continuar transformando\u00a0al pa\u00eds en un <strong>exportador<\/strong>\u00a0 neto de energ\u00eda.<\/p>\n<p>El acuerdo, sellado a finales de <strong>2024<\/strong>, incluye a <strong>Yacimientos Fiscales Bolivianos<\/strong> (YPFB) y representa el primer paso para consolidar la integraci\u00f3n entre \u00a0<strong>Vaca Muerta<\/strong>, la mayor reserva de gas de la regi\u00f3n; <strong>Bolivia<\/strong>, con su extensa infraestructura de transporte; y <strong>Brasil<\/strong>, el gigante industrial del <strong>Mercosur<\/strong>.<\/p>\n<p>Este logro es resultado directo del <strong>Memor\u00e1ndum de Entendimiento<\/strong> (MOU) firmado entre <strong>Milei<\/strong>\u00a0 y su par brasile\u00f1o,\u00a0<strong>Lula Da Silva<\/strong>, con el objetivo de definir rutas de abastecimiento desde <strong>Argentina hacia Brasil.<\/strong><\/p>\n<aside class=\"are-you-interested-container-photo\"><\/aside>\n<p>La estrategia de Milei revierte una tendencia de casi dos d\u00e9cadas en las que el pa\u00eds <strong>import\u00f3<\/strong>\u00a0 gas boliviano por un monto acumulado de <strong>USD 18.000 millones<\/strong>. Ahora, gracias a la reversi\u00f3n del Gasoducto Norte, <strong>la naci\u00f3n se posiciona como exportadora.<\/strong><\/p>\n<div class=\"inter_image image_horizontal\">\n<picture><source class=\"img-responsive\" type=\"image\/webp\" data-srcset=\"\/filesedc\/uploads\/image\/post\/7-p-1-rochaaaaaaaaaa_300_200.webp 300w, \n\/filesedc\/uploads\/image\/post\/7-p-1-rochaaaaaaaaaa_630_420.webp 630w,\n                                \/filesedc\/uploads\/image\/post\/7-p-1-rochaaaaaaaaaa_760_507.webp 760w,\n                                \/filesedc\/uploads\/image\/post\/7-p-1-rochaaaaaaaaaa_1200_800.webp 1200w,\n                                \/filesedc\/uploads\/image\/post\/7-p-1-rochaaaaaaaaaa_1600_1067.webp 1600w\"><img decoding=\"async\" src=\"https:\/\/derechadiario.com.ar\/filesedc\/uploads\/image\/post\/7-p-1-rochaaaaaaaaaa_1200_800.webp\" class=\"img-responsive lazyload\" alt=\"Instalaciones industriales con tuber\u00edas y estructuras met\u00e1licas bajo un cielo azul, con banderas ondeando.\" title=\"Instalaciones industriales con tuber\u00edas y estructuras met\u00e1licas bajo un cielo azul, con banderas ondeando.\"><\/picture>\n<div>\n<span class=\"img_footer\">YPFB ser\u00e1 el intermediario y conductor de la energ\u00eda nacional a Brasil. <\/span>| <span class=\"img_author\">La Derecha Diario<\/span>\n<\/div>\n<\/div>\n<p>El gas de la \u00a0<strong>Cuenca Neuquina<\/strong>\u00a0 se transporta a trav\u00e9s de la red troncal de gasoductos hasta <strong>Campo Dur\u00e1n<\/strong>, en Salta, desde donde es despachado mediante el gasoducto <strong>Madrejones<\/strong>\u00a0 hacia <strong>Bolivia<\/strong>\u00a0 y posteriormente a <strong>Brasil<\/strong>. <strong>TotalEnergies<\/strong>, primer operador privado de gas en Argentina, cuenta con <strong>permisos de exportaci\u00f3n<\/strong> otorgados por la <strong>Secretar\u00eda de Energ\u00eda<\/strong>, lo que le permite enviar fluido tanto desde la Cuenca Austral como desde Vaca Muerta.<\/p>\n<aside class=\"whatsappChannelText\"><a href=\"https:\/\/whatsapp.com\/channel\/0029VagEjILGE56eKjedWF2U\" rel=\"nofollow\" title=\"WhatsApp Link\"><img alt=\"Logo de WhatsApp\" class=\"lazyload\" data-src=\"https:\/\/derechadiario.com.ar\/filesedc\/uploads\/other\/whatsapp_icon_mid_article.png\" width=\"32\" height=\"32\"><\/a> <a href=\"https:\/\/whatsapp.com\/channel\/0029VagEjILGE56eKjedWF2U\" rel=\"nofollow\" title=\"WhatsApp Link\"><strong>NO SE PIERDAN NINGUNA NOTICIA<\/strong>: Click aqu\u00ed para sumarte <strong>GRATIS<\/strong> al canal de noticias de <strong>La Derecha Diario en WhatsApp.<\/strong><\/a><\/aside>\n<p>El grupo de trabajo binacional \u00a0<strong>eval\u00faa cinco rutas<\/strong> para consolidar el comercio de gas: <strong>Bolivia, Paraguay, Uruguayana, Uruguay<\/strong>\u00a0 y el <strong>gas natural licuado<\/strong> (GNL). La alternativa m\u00e1s viable es el <strong>Gasoducto Brasil-Bolivia<\/strong>\u00a0 (Gasbol), cuya capacidad de transporte de <strong>30 millones de metros c\u00fabicos diarios<\/strong> est\u00e1 sub utilizada en un \u00a0<strong>66%<\/strong>\u00a0 debido a la crisis de producci\u00f3n boliviana tras a\u00f1os de desinversi\u00f3n.<\/p>\n<figure><img decoding=\"async\" src=\"https:\/\/derechadiario.com.ar\/filesedc\/uploads\/image\/post\/380111w680h510cjpg_1200_800.webp\" class=\"img-responsive lazyload\" alt=\"Dos hombres de traje se dan la mano frente a un cartel del G20 en Brasil 2024.\" title=\"Dos hombres de traje se dan la mano frente a un cartel del G20 en Brasil 2024.\"><\/figure>\n<p>A diferencia de<strong><\/strong>\u00a0 las <strong>gestiones kirchneristas<\/strong>, el gobierno de Milei ha sido claro en una cosa: \u00a0<strong>las grandes obras de infraestructura energ\u00e9tica no contar\u00e1n con financiamiento estatal<\/strong> y depender\u00e1n exclusivamente del capital privado. En esta l\u00ednea, el <strong>R\u00e9gimen de Incentivo a las Grandes Inversiones<\/strong> (RIGI) ofrece beneficios impositivos y cambiarios a proyectos de m\u00e1s de <strong>USD 200 millones<\/strong>, atrayendo inversores y dinamizando el sector.<\/p>\n<p>El <strong>MOU<\/strong>\u00a0 prev\u00e9 que en <strong>2025<\/strong>\u00a0 comiencen exportaciones de <strong>2 millones de metros c\u00fabicos diarios<\/strong>, con un crecimiento progresivo a <strong>10 millones en tres a\u00f1os y un objetivo final de 30 millones en cinco a\u00f1os<\/strong>. Este desarrollo no solo representa una oportunidad <strong>hist\u00f3rica<\/strong>\u00a0 para que Argentina genere divisas y reduzca su d\u00e9ficit comercial, sino que tambi\u00e9n <strong>permite a Brasil acceder a energ\u00eda competitiva<\/strong> para su industria y la producci\u00f3n de fertilizantes.<\/p>\n","protected":false},"excerpt":{"rendered":"<p>Por primera vez\u00a0 en la historia, Argentina\u00a0 export\u00f3 gas natural a Brasil a trav\u00e9s de Bolivia, consolidando un hito\u00a0 en la integraci\u00f3n energ\u00e9tica\u00a0 regional. Esta operaci\u00f3n, encabezada por la filial local de TotalEnergies\u00a0 y la comercializadora \u00a0Matrix Energ\u00eda, se concreta en el marco de la eficaz\u00a0 maniobra\u00a0econ\u00f3mica impulsada por el gobierno de Javier Milei, quien [&hellip;]<\/p>\n","protected":false},"author":2,"featured_media":974,"comment_status":"open","ping_status":"open","sticky":false,"template":"","format":"standard","meta":{"_et_pb_use_builder":"","_et_pb_old_content":"","_et_gb_content_width":"","footnotes":""},"categories":[80],"tags":[],"class_list":["post-973","post","type-post","status-publish","format-standard","has-post-thumbnail","hentry","category-economia-2"],"_links":{"self":[{"href":"https:\/\/verdadincomodadiario.ar\/index.php?rest_route=\/wp\/v2\/posts\/973","targetHints":{"allow":["GET"]}}],"collection":[{"href":"https:\/\/verdadincomodadiario.ar\/index.php?rest_route=\/wp\/v2\/posts"}],"about":[{"href":"https:\/\/verdadincomodadiario.ar\/index.php?rest_route=\/wp\/v2\/types\/post"}],"author":[{"embeddable":true,"href":"https:\/\/verdadincomodadiario.ar\/index.php?rest_route=\/wp\/v2\/users\/2"}],"replies":[{"embeddable":true,"href":"https:\/\/verdadincomodadiario.ar\/index.php?rest_route=%2Fwp%2Fv2%2Fcomments&post=973"}],"version-history":[{"count":0,"href":"https:\/\/verdadincomodadiario.ar\/index.php?rest_route=\/wp\/v2\/posts\/973\/revisions"}],"wp:featuredmedia":[{"embeddable":true,"href":"https:\/\/verdadincomodadiario.ar\/index.php?rest_route=\/wp\/v2\/media\/974"}],"wp:attachment":[{"href":"https:\/\/verdadincomodadiario.ar\/index.php?rest_route=%2Fwp%2Fv2%2Fmedia&parent=973"}],"wp:term":[{"taxonomy":"category","embeddable":true,"href":"https:\/\/verdadincomodadiario.ar\/index.php?rest_route=%2Fwp%2Fv2%2Fcategories&post=973"},{"taxonomy":"post_tag","embeddable":true,"href":"https:\/\/verdadincomodadiario.ar\/index.php?rest_route=%2Fwp%2Fv2%2Ftags&post=973"}],"curies":[{"name":"wp","href":"https:\/\/api.w.org\/{rel}","templated":true}]}}