{"id":9724,"date":"2025-07-02T20:24:13","date_gmt":"2025-07-02T20:24:13","guid":{"rendered":"https:\/\/verdadincomodadiario.ar\/?p=9724"},"modified":"2025-07-02T20:24:13","modified_gmt":"2025-07-02T20:24:13","slug":"cordoba-desarticulan-la-banda-narco-la-empresa-con-ocho-detenidos","status":"publish","type":"post","link":"https:\/\/verdadincomodadiario.ar\/?p=9724","title":{"rendered":"C\u00f3rdoba: desarticulan la banda narco \u201cLa Empresa\u201d con ocho detenidos"},"content":{"rendered":"<p>La Fuerza Policial Antinarcotr\u00e1fico y el Ministerio P\u00fablico Fiscal desarticularon este mi\u00e9rcoles una <strong>organizaci\u00f3n conocida como &#8220;La Empresa&#8221;<\/strong>. El grupo estaba conformado por cuatro hombres y cuatro mujeres y operaba de manera coordinada en Pilar, R\u00edo Segundo y la <a href=\"https:\/\/derechadiario.com.ar\/sociedad\/cordoba-uber-rechaza-ordenanza-que-limita-cupos-y-advierte-por-miles-choferes\" title=\"C\u00f3rdoba: Uber rechaza la ordenanza que limita cupos y advierte por miles de choferes\">ciudad de C\u00f3rdoba<\/a>. <strong>Durante el operativo simult\u00e1neo se realizaron diecis\u00e9is allanamientos y se incautaron drogas, dinero y veh\u00edculos utilizados para el reparto.<\/strong><\/p>\n<p>El dispositivo incluy\u00f3 registros en seis domicilios se\u00f1alados como puntos de venta al menudeo y en varias residencias vinculadas a los l\u00edderes. \u00a0<strong>La <a href=\"https:\/\/derechadiario.com.ar\/sociedad\/narco-detenido-calera-lo-habian-liberado-y-seguia-vendiendo-droga\" title=\"Narco detenido en La Calera: lo hab\u00edan liberado y segu\u00eda vendiendo droga\">FPA<\/a>\u00a0secuestr\u00f3 3\u202f704 dosis de marihuana, 1\u202f914 de coca\u00edna y una planta de cannabis sativa lista para cultivo. Adem\u00e1s se confiscaron dos motocicletas, 2,2 millones de pesos, 1\u202f140 d\u00f3lares y elementos de fraccionamiento.<\/strong><\/p>\n<p>Tras el procedimiento, <strong>los ocho sospechosos fueron trasladados a sede judicial<\/strong> <strong>y quedaron imputados<\/strong> por infracci\u00f3n a la Ley\u202f23.737. La Fiscal\u00eda de Lucha contra el Narcotr\u00e1fico del Tercer Turno dispuso su alojamiento mientras avanza la causa. Todos son mayores de edad y permanecer\u00e1n a disposici\u00f3n del Juzgado de Control hasta que se definan sus situaciones procesales.<\/p>\n<div class=\"inter_image image_vertical\">\n<picture><source class=\"img-responsive\" type=\"image\/webp\" data-srcset=\"https:\/\/filesedc.com\/uploads\/image\/post\/2025\/07\/captura-de-pantalla-2025-07-02-162317_300_400.webp 300w, https:\/\/filesedc.com\/uploads\/image\/post\/2025\/07\/captura-de-pantalla-2025-07-02-162317_630_840.webp 630w, https:\/\/filesedc.com\/uploads\/image\/post\/2025\/07\/captura-de-pantalla-2025-07-02-162317_760_1013.webp 760w, https:\/\/filesedc.com\/uploads\/image\/post\/2025\/07\/captura-de-pantalla-2025-07-02-162317_1200_1600.webp 1200w, https:\/\/filesedc.com\/uploads\/image\/post\/2025\/07\/captura-de-pantalla-2025-07-02-162317_1600_2133.webp 1600w, \"><img decoding=\"async\" src=\"https:\/\/derechadiario.com.ar\/filesedc\/uploads\/image\/post\/2025\/07\/captura-de-pantalla-2025-07-02-162317_1200_1600.webp\" class=\"img-responsive lazyload\" alt=\"Bolsa y frascos grandes llenos de hierba seca junto a un cartel negro y amarillo con el n\u00famero 2 y las siglas FPA sobre un fondo violeta\" title=\"Bolsa y frascos grandes llenos de hierba seca junto a un cartel negro y amarillo con el n\u00famero 2 y las siglas FPA sobre un fondo violeta\"><\/picture>\n<div>\n<span class=\"img_footer\">Marihuana incautada por la FPA <\/span>| <span class=\"img_author\">La Derecha Diario<\/span>\n<\/div>\n<\/div>\n<h2>Estructura y modalidad delictiva<\/h2>\n<p>De acuerdo con la pesquisa, <strong>la cabecilla es una mujer que ya hab\u00eda sido arrestada con su pareja en abril de 2023 por cargos similares<\/strong>. Tras obtener la libertad condicional, ambos reorganizaron la red y retomaron las operaciones il\u00edcitas. La banda conserv\u00f3 el nombre La Empresa y\u00a0reubic\u00f3 sus kioscos para eludir los controles previos.<\/p>\n<aside class=\"are-you-interested-container-photo\"><\/aside>\n<p><strong>Cada integrante cumpl\u00eda un rol espec\u00edfico<\/strong> que iba desde el abastecimiento de estupefacientes hasta la log\u00edstica del reparto a domicilio. Dos miembros se encargaban de cobrar y mantener la contabilidad, mientras otros efectuaban la distribuci\u00f3n en motocicleta. El servicio de delivery era la modalidad principal para evitar aglomeraciones en los puntos de expendio.<\/p>\n<aside class=\"whatsappChannelText\"><a href=\"https:\/\/whatsapp.com\/channel\/0029VagEjILGE56eKjedWF2U\" rel=\"nofollow\" title=\"WhatsApp Link\"><img alt=\"Logo de WhatsApp\" class=\"lazyload\" data-src=\"https:\/\/derechadiario.com.ar\/filesedc\/uploads\/other\/whatsapp_icon_mid_article.png\" width=\"32\" height=\"32\"><\/a> <a href=\"https:\/\/whatsapp.com\/channel\/0029VagEjILGE56eKjedWF2U\" rel=\"nofollow\" title=\"WhatsApp Link\"><strong>NO SE PIERDAN NINGUNA NOTICIA<\/strong>: Click aqu\u00ed para sumarte <strong>GRATIS<\/strong> al canal de noticias de <strong>La Derecha Diario en WhatsApp.<\/strong><\/a><\/aside>\n<p>Las diligencias contaron con el apoyo del Equipo de Intervenciones Especiales y canes detectores de drogas que localizaron parte del estupefaciente oculto. <strong>Los investigadores tambi\u00e9n secuestraron tel\u00e9fonos\u00a0que ser\u00e1n peritados para determinar la extensi\u00f3n de la red<\/strong>. La Fiscal\u00eda no descarta nuevas detenciones si el an\u00e1lisis de la evidencia revela m\u00e1s participantes o proveedores.<\/p>\n<figure><img decoding=\"async\" src=\"https:\/\/derechadiario.com.ar\/filesedc\/uploads\/image\/post\/2025\/07\/captura-de-pantalla-2025-07-02-162344_1200_1600.webp\" class=\"img-responsive lazyload\" alt=\"Polic\u00eda fuertemente armado con uniforme t\u00e1ctico parado frente a la entrada de una tienda de abarrotes\" title=\"Polic\u00eda fuertemente armado con uniforme t\u00e1ctico parado frente a la entrada de una tienda de abarrotes\"><\/figure>\n","protected":false},"excerpt":{"rendered":"<p>La Fuerza Policial Antinarcotr\u00e1fico y el Ministerio P\u00fablico Fiscal desarticularon este mi\u00e9rcoles una organizaci\u00f3n conocida como &#8220;La Empresa&#8221;. El grupo estaba conformado por cuatro hombres y cuatro mujeres y operaba de manera coordinada en Pilar, R\u00edo Segundo y la ciudad de C\u00f3rdoba. Durante el operativo simult\u00e1neo se realizaron diecis\u00e9is allanamientos y se incautaron drogas, dinero [&hellip;]<\/p>\n","protected":false},"author":2,"featured_media":9725,"comment_status":"open","ping_status":"open","sticky":false,"template":"","format":"standard","meta":{"_et_pb_use_builder":"","_et_pb_old_content":"","_et_gb_content_width":"","footnotes":""},"categories":[84],"tags":[],"class_list":["post-9724","post","type-post","status-publish","format-standard","has-post-thumbnail","hentry","category-ultimomomento"],"_links":{"self":[{"href":"https:\/\/verdadincomodadiario.ar\/index.php?rest_route=\/wp\/v2\/posts\/9724","targetHints":{"allow":["GET"]}}],"collection":[{"href":"https:\/\/verdadincomodadiario.ar\/index.php?rest_route=\/wp\/v2\/posts"}],"about":[{"href":"https:\/\/verdadincomodadiario.ar\/index.php?rest_route=\/wp\/v2\/types\/post"}],"author":[{"embeddable":true,"href":"https:\/\/verdadincomodadiario.ar\/index.php?rest_route=\/wp\/v2\/users\/2"}],"replies":[{"embeddable":true,"href":"https:\/\/verdadincomodadiario.ar\/index.php?rest_route=%2Fwp%2Fv2%2Fcomments&post=9724"}],"version-history":[{"count":0,"href":"https:\/\/verdadincomodadiario.ar\/index.php?rest_route=\/wp\/v2\/posts\/9724\/revisions"}],"wp:featuredmedia":[{"embeddable":true,"href":"https:\/\/verdadincomodadiario.ar\/index.php?rest_route=\/wp\/v2\/media\/9725"}],"wp:attachment":[{"href":"https:\/\/verdadincomodadiario.ar\/index.php?rest_route=%2Fwp%2Fv2%2Fmedia&parent=9724"}],"wp:term":[{"taxonomy":"category","embeddable":true,"href":"https:\/\/verdadincomodadiario.ar\/index.php?rest_route=%2Fwp%2Fv2%2Fcategories&post=9724"},{"taxonomy":"post_tag","embeddable":true,"href":"https:\/\/verdadincomodadiario.ar\/index.php?rest_route=%2Fwp%2Fv2%2Ftags&post=9724"}],"curies":[{"name":"wp","href":"https:\/\/api.w.org\/{rel}","templated":true}]}}