{"id":971,"date":"2025-04-03T18:49:01","date_gmt":"2025-04-03T18:49:01","guid":{"rendered":"https:\/\/verdadincomodadiario.ar\/?p=971"},"modified":"2025-04-03T18:49:01","modified_gmt":"2025-04-03T18:49:01","slug":"argentina-en-recuperacion-la-reduccion-de-la-pobreza-y-el-impacto-del-ajuste-liberal","status":"publish","type":"post","link":"https:\/\/verdadincomodadiario.ar\/?p=971","title":{"rendered":"Argentina en recuperaci\u00f3n: la reducci\u00f3n de la pobreza y el impacto del ajuste liberal"},"content":{"rendered":"<p><strong>Argentina est\u00e1 en recuperaci\u00f3n.<\/strong> La reducci\u00f3n de la pobreza y el impacto del ajuste liberal han marcado un \u00a0<strong>cambio significativo en la econom\u00eda del pa\u00eds bajo la administraci\u00f3n de <a href=\"https:\/\/derechadiario.com.ar\/politica\/gobierno-milei-y-revalorizacion-los-jovenes-heroes-malvinas\" title=\"El Gobierno de Milei y la revalorizaci\u00f3n de los j\u00f3venes h\u00e9roes de Malvinas\">Javier Milei<\/a><\/strong>. La \u00faltima estimaci\u00f3n indica una ca\u00edda sustancial en la tasa de pobreza, lo que sugiere que las reformas implementadas han comenzado a generar impacto en los sectores m\u00e1s vulnerables.<\/p>\n<p><strong>Este fen\u00f3meno se da en un contexto de estabilizaci\u00f3n macroecon\u00f3mica, reducci\u00f3n de la inflaci\u00f3n y sinceramiento<\/strong> de las variables econ\u00f3micas que anteriormente estaban distorsionadas por controles de precios y restricciones en el mercado.<\/p>\n<h2><strong>La disminuci\u00f3n de la pobreza: un resultado del ajuste liberal<\/strong><\/h2>\n<p><strong>La disminuci\u00f3n de la <a href=\"https:\/\/derechadiario.com.ar\/politica\/gracias-al-gobierno-milei-pobreza-infantil-argentina-cayo-casi-15-puntos\" title=\"Gracias al Gobierno de Milei, la pobreza infantil en Argentina cay\u00f3 casi 15 puntos\">pobreza<\/a> es un resultado directo del ajuste liberal. Los datos reflejan que la pobreza alcanz\u00f3 un alarmante 52,9% en el primer semestre de 2024<\/strong>, una cifra que es responsabilidad directa del gobierno anterior y su pol\u00edtica econ\u00f3mica, caracterizada por el descontrol inflacionario y las restricciones al mercado.<\/p>\n<p>Sin embargo, en el segundo semestre de 2024, la tasa de pobreza descendi\u00f3 dr\u00e1sticamente al 38,1%, evidenciando el impacto positivo del programa de estabilizaci\u00f3n impulsado por la actual administraci\u00f3n. <strong>Esta reducci\u00f3n representa cerca de 8 millones de personas que han salido de la pobreza en los \u00faltimos meses, una mejora sin precedentes en un per\u00edodo tan corto.<\/strong><\/p>\n<div class=\"inter_image image_horizontal\">\n<picture><source class=\"img-responsive\" type=\"image\/webp\" data-srcset=\"\/filesedc\/uploads\/image\/post\/gnc17krxyaaqtn3_300_200.webp 300w, \n\/filesedc\/uploads\/image\/post\/gnc17krxyaaqtn3_630_420.webp 630w,\n                                \/filesedc\/uploads\/image\/post\/gnc17krxyaaqtn3_760_507.webp 760w,\n                                \/filesedc\/uploads\/image\/post\/gnc17krxyaaqtn3_1200_800.webp 1200w,\n                                \/filesedc\/uploads\/image\/post\/gnc17krxyaaqtn3_1600_1067.webp 1600w\"><img decoding=\"async\" src=\"https:\/\/derechadiario.com.ar\/filesedc\/uploads\/image\/post\/gnc17krxyaaqtn3_1200_800.webp\" class=\"img-responsive lazyload\" alt=\"Gr\u00e1fico de l\u00edneas que muestra la evoluci\u00f3n de la pobreza en Argentina entre 2016 y 2025, con porcentajes de la poblaci\u00f3n en el eje vertical y a\u00f1os en el eje horizontal, destacando tres periodos pol\u00edticos diferentes con sus respectivos logotipos y colores, y marcando puntos clave como 32.2% en 2016, 25.7% en el segundo semestre de 2017, 35.5% en 2019, 42.0% en 2020, 36.5% en 2021, 41.7% en 2023, 52.9% en 2024, 38.1% y 34.9% en 2025.\" title=\"Gr\u00e1fico de l\u00edneas que muestra la evoluci\u00f3n de la pobreza en Argentina entre 2016 y 2025, con porcentajes de la poblaci\u00f3n en el eje vertical y a\u00f1os en el eje horizontal, destacando tres periodos pol\u00edticos diferentes con sus respectivos logotipos y colores, y marcando puntos clave como 32.2% en 2016, 25.7% en el segundo semestre de 2017, 35.5% en 2019, 42.0% en 2020, 36.5% en 2021, 41.7% en 2023, 52.9% en 2024, 38.1% y 34.9% en 2025.\"><\/picture>\n<div>\n<span class=\"img_footer\">Pobreza en Argentina <\/span>| <span class=\"img_author\">La Derecha Diario<\/span>\n<\/div>\n<\/div>\n<p><strong>El gobierno ha priorizado la correcci\u00f3n de los desequilibrios estructurales a trav\u00e9s de un ajuste fiscal sin precedentes<\/strong>, eliminando subsidios y reduciendo el gasto p\u00fablico. Estas medidas han sido acompa\u00f1adas por una liberalizaci\u00f3n del mercado que ha permitido una recuperaci\u00f3n gradual de la competitividad y ha comenzado a reflejarse en la mejora de indicadores sociales.<\/p>\n<p><strong>La inflaci\u00f3n<\/strong>, que hist\u00f3ricamente ha sido el principal factor de deterioro del poder adquisitivo de la poblaci\u00f3n m\u00e1s vulnerable, h<strong>a mostrado signos de desaceleraci\u00f3n, permitiendo una recomposici\u00f3n real de los ingresos.<\/strong><\/p>\n<h2><strong>La percepci\u00f3n del ajuste y sus efectos en la econom\u00eda<\/strong><\/h2>\n<p>La percepci\u00f3n del ajuste ha generado reacciones diversas, pero sus efectos en la econom\u00eda son innegables. Si bien algunos sectores cr\u00edticos han cuestionado la validez de los datos o han intentado minimizar su impacto, el an\u00e1lisis de distintas fuentes, como la Universidad Torcuato Di Tella, sugiere que <strong>la cantidad de personas en situaci\u00f3n de pobreza ha disminuido de manera significativa en los \u00faltimos meses<\/strong>.<\/p>\n<p><strong>La comparaci\u00f3n interanual y la observaci\u00f3n de la evoluci\u00f3n trimestre a trimestre refuerzan esta tendencia positiva<\/strong>. La metodolog\u00eda utilizada en estos estudios es consistente con la empleada en per\u00edodos anteriores, lo que descarta interpretaciones sesgadas sobre la medici\u00f3n de estos indicadores.<\/p>\n<p><strong>El presidente Milei ha respondido a estas reacciones destacando la importancia de la din\u00e1mica de cambio y la necesidad de reconocer los efectos de las pol\u00edticas de ajuste en un contexto en el que la econom\u00eda argentina estaba fuertemente condicionada por distorsiones previas<\/strong>. En este sentido, ha se\u00f1alado que la baja en los \u00edndices de pobreza pone en evidencia la efectividad de su programa econ\u00f3mico, fundamentado en principios liberales que buscan fortalecer el crecimiento sostenible y la autonom\u00eda del mercado.<\/p>\n<figure><img decoding=\"async\" src=\"https:\/\/derechadiario.com.ar\/filesedc\/uploads\/image\/post\/captura-de-pantalla-2025-04-02-141551_1200_800.webp\" class=\"img-responsive lazyload\" alt=\"Gr\u00e1fico que muestra la evoluci\u00f3n de la pobreza infantil en Argentina desde 2016 hasta 2024, con porcentajes de ni\u00f1os menores de 14 a\u00f1os en situaci\u00f3n de pobreza, destacando los periodos de gobierno de Mauricio Macri, Alberto Fern\u00e1ndez y Javier Milei.\" title=\"Gr\u00e1fico que muestra la evoluci\u00f3n de la pobreza infantil en Argentina desde 2016 hasta 2024, con porcentajes de ni\u00f1os menores de 14 a\u00f1os en situaci\u00f3n de pobreza, destacando los periodos de gobierno de Mauricio Macri, Alberto Fern\u00e1ndez y Javier Milei.\"><\/figure>\n<p><strong>El impacto de estas reformas no solo se refleja en la mejora de los indicadores sociales,<\/strong><br \/>sino tambi\u00e9n en la percepci\u00f3n internacional de la econom\u00eda argentina. La estabilizaci\u00f3n de variables clave ha generado un entorno m\u00e1s favorable para la inversi\u00f3n y <strong>ha fortalecido la confianza en el rumbo adoptado.<\/strong><\/p>\n<p>Aunque a\u00fan persisten desaf\u00edos estructurales, \u00a0<strong>los datos recientes sugieren que Argentina est\u00e1 transitando un proceso de recuperaci\u00f3n<\/strong> que, de sostenerse, podr\u00eda consolidar una reducci\u00f3n sostenida de la pobreza y una mejora en la calidad de vida de su poblaci\u00f3n.<\/p>\n<aside class=\"whatsappChannelText\"><a href=\"https:\/\/whatsapp.com\/channel\/0029VagEjILGE56eKjedWF2U\" rel=\"nofollow\" title=\"WhatsApp Link\"><img alt=\"Logo de WhatsApp\" class=\"lazyload\" data-src=\"https:\/\/derechadiario.com.ar\/filesedc\/uploads\/other\/whatsapp_icon_mid_article.png\" width=\"32\" height=\"32\"><\/a> <a href=\"https:\/\/whatsapp.com\/channel\/0029VagEjILGE56eKjedWF2U\" rel=\"nofollow\" title=\"WhatsApp Link\"><strong>NO SE PIERDAN NINGUNA NOTICIA<\/strong>: Click aqu\u00ed para sumarte <strong>GRATIS<\/strong> al canal de noticias de <strong>La Derecha Diario en WhatsApp.<\/strong><\/a><\/aside>\n<hr>\n<p>Por Diego Macana Roa<\/p>\n","protected":false},"excerpt":{"rendered":"<p>Argentina est\u00e1 en recuperaci\u00f3n. La reducci\u00f3n de la pobreza y el impacto del ajuste liberal han marcado un \u00a0cambio significativo en la econom\u00eda del pa\u00eds bajo la administraci\u00f3n de Javier Milei. La \u00faltima estimaci\u00f3n indica una ca\u00edda sustancial en la tasa de pobreza, lo que sugiere que las reformas implementadas han comenzado a generar impacto [&hellip;]<\/p>\n","protected":false},"author":2,"featured_media":972,"comment_status":"open","ping_status":"open","sticky":false,"template":"","format":"standard","meta":{"_et_pb_use_builder":"","_et_pb_old_content":"","_et_gb_content_width":"","footnotes":""},"categories":[80],"tags":[],"class_list":["post-971","post","type-post","status-publish","format-standard","has-post-thumbnail","hentry","category-economia-2"],"_links":{"self":[{"href":"https:\/\/verdadincomodadiario.ar\/index.php?rest_route=\/wp\/v2\/posts\/971","targetHints":{"allow":["GET"]}}],"collection":[{"href":"https:\/\/verdadincomodadiario.ar\/index.php?rest_route=\/wp\/v2\/posts"}],"about":[{"href":"https:\/\/verdadincomodadiario.ar\/index.php?rest_route=\/wp\/v2\/types\/post"}],"author":[{"embeddable":true,"href":"https:\/\/verdadincomodadiario.ar\/index.php?rest_route=\/wp\/v2\/users\/2"}],"replies":[{"embeddable":true,"href":"https:\/\/verdadincomodadiario.ar\/index.php?rest_route=%2Fwp%2Fv2%2Fcomments&post=971"}],"version-history":[{"count":0,"href":"https:\/\/verdadincomodadiario.ar\/index.php?rest_route=\/wp\/v2\/posts\/971\/revisions"}],"wp:featuredmedia":[{"embeddable":true,"href":"https:\/\/verdadincomodadiario.ar\/index.php?rest_route=\/wp\/v2\/media\/972"}],"wp:attachment":[{"href":"https:\/\/verdadincomodadiario.ar\/index.php?rest_route=%2Fwp%2Fv2%2Fmedia&parent=971"}],"wp:term":[{"taxonomy":"category","embeddable":true,"href":"https:\/\/verdadincomodadiario.ar\/index.php?rest_route=%2Fwp%2Fv2%2Fcategories&post=971"},{"taxonomy":"post_tag","embeddable":true,"href":"https:\/\/verdadincomodadiario.ar\/index.php?rest_route=%2Fwp%2Fv2%2Ftags&post=971"}],"curies":[{"name":"wp","href":"https:\/\/api.w.org\/{rel}","templated":true}]}}