{"id":969,"date":"2025-04-03T18:49:02","date_gmt":"2025-04-03T18:49:02","guid":{"rendered":"https:\/\/verdadincomodadiario.ar\/?p=969"},"modified":"2025-04-03T18:49:02","modified_gmt":"2025-04-03T18:49:02","slug":"anses-cuando-cobro-el-cronograma-de-pagos-de-este-jueves-3-de-abril","status":"publish","type":"post","link":"https:\/\/verdadincomodadiario.ar\/?p=969","title":{"rendered":"ANSES cu\u00e1ndo cobro: el cronograma de pagos de este jueves 3 de abril"},"content":{"rendered":"<p>La <a href=\"https:\/\/derechadiario.com.ar\/economia\/anses-confirmo-cuanto-sera-aumento-jubilaciones-y-pensiones-para-abril-2025\" title=\"ANSES confirm\u00f3 de cu\u00e1nto ser\u00e1 el aumento en jubilaciones y pensiones para abril 2025\"><strong>ANSES<\/strong><\/a> confirm\u00f3 el calendario de pagos para este jueves 3 de abril. Jubilaciones, pensiones, AUH, AUE y otras prestaciones recibir\u00e1n sus dep\u00f3sitos seg\u00fan el esquema oficial.<\/p>\n<p>En <a href=\"https:\/\/derechadiario.com.ar\/economia\/asignaciones-suaf-anses-quienes-reciben-pago-adicional-108000-abril\" title=\"Asignaciones SUAF de ANSES: qui\u00e9nes reciben el pago adicional de $108.000 en abril\">abril<\/a>, los haberes aumentan un <strong>2,40%<\/strong> de acuerdo con la inflaci\u00f3n de enero. Conoc\u00e9 qui\u00e9nes cobran hoy y cu\u00e1les son los nuevos montos.<\/p>\n<div class=\"inter_image image_horizontal\">\n<picture><source class=\"img-responsive\" type=\"image\/webp\" data-srcset=\"\/filesedc\/uploads\/image\/post\/anses-1-jpg_300_200.webp 300w, \n\/filesedc\/uploads\/image\/post\/anses-1-jpg_630_420.webp 630w,\n                                \/filesedc\/uploads\/image\/post\/anses-1-jpg_760_507.webp 760w,\n                                \/filesedc\/uploads\/image\/post\/anses-1-jpg_1200_800.webp 1200w,\n                                \/filesedc\/uploads\/image\/post\/anses-1-jpg_1600_1067.webp 1600w\"><img decoding=\"async\" src=\"https:\/\/derechadiario.com.ar\/filesedc\/uploads\/image\/post\/anses-1-jpg_1200_800.webp\" class=\"img-responsive lazyload\" alt=\"Fachada de una oficina de ANSES con un cartel azul y un coraz\u00f3n naranja.\" title=\"Fachada de una oficina de ANSES con un cartel azul y un coraz\u00f3n naranja.\"><\/picture>\n<div>\n<span class=\"img_footer\">Qui\u00e9nes cobran hoy seg\u00fan la terminaci\u00f3n del DNI <\/span>| <span class=\"img_author\">La Derecha Diario<\/span>\n<\/div>\n<\/div>\n<h2><strong>Qui\u00e9nes cobran hoy en ANSES<\/strong><\/h2>\n<p>Este jueves 3 de abril, la <strong>ANSES<\/strong> paga las siguientes prestaciones:<\/p>\n<ul>\n<li>\n<strong>Asignaciones de Pago \u00danico<\/strong>: Matrimonio, Adopci\u00f3n y Nacimiento (todas las terminaciones de DNI, hasta el 10 de abril).<\/li>\n<\/ul>\n<aside class=\"whatsappChannelText\"><a href=\"https:\/\/whatsapp.com\/channel\/0029VagEjILGE56eKjedWF2U\" rel=\"nofollow\" title=\"WhatsApp Link\"><img alt=\"Logo de WhatsApp\" class=\"lazyload\" data-src=\"https:\/\/derechadiario.com.ar\/filesedc\/uploads\/other\/whatsapp_icon_mid_article.png\" width=\"32\" height=\"32\"><\/a> <a href=\"https:\/\/whatsapp.com\/channel\/0029VagEjILGE56eKjedWF2U\" rel=\"nofollow\" title=\"WhatsApp Link\"><strong>NO SE PIERDAN NINGUNA NOTICIA<\/strong>: Click aqu\u00ed para sumarte <strong>GRATIS<\/strong> al canal de noticias de <strong>La Derecha Diario en WhatsApp.<\/strong><\/a><\/aside>\n<figure><img decoding=\"async\" src=\"https:\/\/derechadiario.com.ar\/filesedc\/uploads\/image\/post\/asignacion-pago-unico-marzo-anses_1200_800.webp\" class=\"img-responsive lazyload\" alt=\"Asignaciones de pago \u00fanico para matrimonio, adopci\u00f3n y nacimiento, mes a cobrar marzo, con fechas de cobro del 13\/3 al 10\/4 para la primera quincena y del 26\/3 al 10\/4 para la segunda quincena.\" title=\"Asignaciones de pago \u00fanico para matrimonio, adopci\u00f3n y nacimiento, mes a cobrar marzo, con fechas de cobro del 13\/3 al 10\/4 para la primera quincena y del 26\/3 al 10\/4 para la segunda quincena.\"><\/figure>\n<ul>\n<li>\n<strong>Asignaciones Familiares de Pensiones No Contributivas (PNC)<\/strong>: todas las terminaciones de DNI, hasta el 10 de abril.<\/li>\n<\/ul>\n<figure><img decoding=\"async\" src=\"https:\/\/derechadiario.com.ar\/filesedc\/uploads\/image\/post\/pnc-marzo-anses-1741775808628_1200_800.webp\" class=\"img-responsive lazyload\" alt=\"Asignaciones familiares de pensiones no contributivas para marzo, todas las terminaciones de DNI del 12 de marzo al 10 de abril.\" title=\"Asignaciones familiares de pensiones no contributivas para marzo, todas las terminaciones de DNI del 12 de marzo al 10 de abril.\"><\/figure>\n<h2><strong>Cu\u00e1nto se cobra en abril con el aumento<\/strong><\/h2>\n<p>Desde este mes, las jubilaciones y pensiones suben un <strong>2,40%<\/strong> en l\u00ednea con el \u00edndice de inflaci\u00f3n de enero. Los nuevos montos son los siguientes:<\/p>\n<aside class=\"are-you-interested-container-photo\"><\/aside>\n<ul>\n<li>\n<strong>Jubilaci\u00f3n m\u00ednima<\/strong>: $285.820,63<\/li>\n<li>\n<strong>Jubilaci\u00f3n m\u00e1xima<\/strong>: $1.923.302,29<\/li>\n<li>\n<strong>Pensi\u00f3n Universal para el Adulto Mayor (PUAM)<\/strong>: $228.656,50<\/li>\n<li>\n<strong>Pensiones No Contributivas (PNC)<\/strong>: $200.074,44<\/li>\n<li>\n<strong>Prestaci\u00f3n B\u00e1sica Universal (PBU)<\/strong>: $228.656,50<\/li>\n<\/ul>\n","protected":false},"excerpt":{"rendered":"<p>La ANSES confirm\u00f3 el calendario de pagos para este jueves 3 de abril. Jubilaciones, pensiones, AUH, AUE y otras prestaciones recibir\u00e1n sus dep\u00f3sitos seg\u00fan el esquema oficial. En abril, los haberes aumentan un 2,40% de acuerdo con la inflaci\u00f3n de enero. Conoc\u00e9 qui\u00e9nes cobran hoy y cu\u00e1les son los nuevos montos. Qui\u00e9nes cobran hoy seg\u00fan [&hellip;]<\/p>\n","protected":false},"author":2,"featured_media":970,"comment_status":"open","ping_status":"open","sticky":false,"template":"","format":"standard","meta":{"_et_pb_use_builder":"","_et_pb_old_content":"","_et_gb_content_width":"","footnotes":""},"categories":[80],"tags":[],"class_list":["post-969","post","type-post","status-publish","format-standard","has-post-thumbnail","hentry","category-economia-2"],"_links":{"self":[{"href":"https:\/\/verdadincomodadiario.ar\/index.php?rest_route=\/wp\/v2\/posts\/969","targetHints":{"allow":["GET"]}}],"collection":[{"href":"https:\/\/verdadincomodadiario.ar\/index.php?rest_route=\/wp\/v2\/posts"}],"about":[{"href":"https:\/\/verdadincomodadiario.ar\/index.php?rest_route=\/wp\/v2\/types\/post"}],"author":[{"embeddable":true,"href":"https:\/\/verdadincomodadiario.ar\/index.php?rest_route=\/wp\/v2\/users\/2"}],"replies":[{"embeddable":true,"href":"https:\/\/verdadincomodadiario.ar\/index.php?rest_route=%2Fwp%2Fv2%2Fcomments&post=969"}],"version-history":[{"count":0,"href":"https:\/\/verdadincomodadiario.ar\/index.php?rest_route=\/wp\/v2\/posts\/969\/revisions"}],"wp:featuredmedia":[{"embeddable":true,"href":"https:\/\/verdadincomodadiario.ar\/index.php?rest_route=\/wp\/v2\/media\/970"}],"wp:attachment":[{"href":"https:\/\/verdadincomodadiario.ar\/index.php?rest_route=%2Fwp%2Fv2%2Fmedia&parent=969"}],"wp:term":[{"taxonomy":"category","embeddable":true,"href":"https:\/\/verdadincomodadiario.ar\/index.php?rest_route=%2Fwp%2Fv2%2Fcategories&post=969"},{"taxonomy":"post_tag","embeddable":true,"href":"https:\/\/verdadincomodadiario.ar\/index.php?rest_route=%2Fwp%2Fv2%2Ftags&post=969"}],"curies":[{"name":"wp","href":"https:\/\/api.w.org\/{rel}","templated":true}]}}