{"id":9688,"date":"2025-07-02T17:25:55","date_gmt":"2025-07-02T17:25:55","guid":{"rendered":"https:\/\/verdadincomodadiario.ar\/?p=9688"},"modified":"2025-07-02T17:25:55","modified_gmt":"2025-07-02T17:25:55","slug":"haiti-registra-la-tasa-de-homicidios-mas-alta-de-america-latina","status":"publish","type":"post","link":"https:\/\/verdadincomodadiario.ar\/?p=9688","title":{"rendered":"Hait\u00ed registra la tasa de homicidios m\u00e1s alta de Am\u00e9rica Latina"},"content":{"rendered":"<p>Hait\u00ed se ha convertido en el pa\u00eds con la tasa de homicidios m\u00e1s alta de la regi\u00f3n, alcanzando un alarmante\u00a0<strong>62 asesinatos por cada 100,000 habitantes<\/strong>, seg\u00fan datos recientes.<\/p>\n<p>Esta cifra casi duplica la de\u00a0Ecuador (38,8 por cada 100,000), que ocupa el segundo lugar en la lista, y supera ampliamente a otras naciones con altos \u00edndices de violencia como\u00a0Jamaica (37,1) y Colombia (25,4).<\/p>\n<p>El aumento de la violencia en Hait\u00ed est\u00e1 directamente relacionado con el\u00a0colapso del Estado, el avance de bandas criminales y la\u00a0debilidad de las instituciones.<\/p>\n<p>Grupos armados controlan gran parte de la capital, Puerto Pr\u00edncipe, y las fuerzas policiales carecen de recursos para enfrentarlos.<\/p>\n<p>Adem\u00e1s, la\u00a0inestabilidad pol\u00edtica, los secuestros masivos y la\u00a0escasez de alimentos\u00a0han agravado la situaci\u00f3n, llevando a miles de haitianos a huir del pa\u00eds.<\/p>\n<p>Mientras Hait\u00ed lidera esta tr\u00e1gica estad\u00edstica, otros pa\u00edses con altas tasas de homicidios incluyen:<\/p>\n<ul>\n<li>\n<p><strong>Ecuador (38,8): afectado por el narcotr\u00e1fico y la violencia en ciudades como Guayaquil.<\/strong><\/p>\n<\/li>\n<li>\n<p><strong>Jamaica (37,1): con conflictos entre pandillas en Kingston.<\/strong><\/p>\n<\/li>\n<li>\n<p><strong>Honduras (35,7): hist\u00f3ricamente uno de los m\u00e1s violentos, aunque con cierta reducci\u00f3n en los \u00faltimos a\u00f1os.<\/strong><\/p>\n<\/li>\n<\/ul>\n<p>Expertos se\u00f1alan que la\u00a0combinaci\u00f3n de pobreza extrema (60% de la poblaci\u00f3n vive con menos de $2 diarios), corrupci\u00f3n y desgobierno\u00a0ha permitido que las bandas tomen el control.<\/p>\n<p>La\u00a0comunidad internacional, incluida la ONU, ha intentado intervenir con misiones de paz, pero sin resultados duraderos.<\/p>\n<p>Mientras no haya un\u00a0plan integral de seguridad, justicia y desarrollo econ\u00f3mico, es probable que la violencia en Hait\u00ed siga escalando, profundizando a\u00fan m\u00e1s la crisis humanitaria que ya sufre su poblaci\u00f3n.<\/p>\n","protected":false},"excerpt":{"rendered":"<p>Hait\u00ed se ha convertido en el pa\u00eds con la tasa de homicidios m\u00e1s alta de la regi\u00f3n, alcanzando un alarmante\u00a062 asesinatos por cada 100,000 habitantes, seg\u00fan datos recientes. Esta cifra casi duplica la de\u00a0Ecuador (38,8 por cada 100,000), que ocupa el segundo lugar en la lista, y supera ampliamente a otras naciones con altos \u00edndices [&hellip;]<\/p>\n","protected":false},"author":2,"featured_media":9689,"comment_status":"open","ping_status":"open","sticky":false,"template":"","format":"standard","meta":{"_et_pb_use_builder":"","_et_pb_old_content":"","_et_gb_content_width":"","footnotes":""},"categories":[84],"tags":[],"class_list":["post-9688","post","type-post","status-publish","format-standard","has-post-thumbnail","hentry","category-ultimomomento"],"_links":{"self":[{"href":"https:\/\/verdadincomodadiario.ar\/index.php?rest_route=\/wp\/v2\/posts\/9688","targetHints":{"allow":["GET"]}}],"collection":[{"href":"https:\/\/verdadincomodadiario.ar\/index.php?rest_route=\/wp\/v2\/posts"}],"about":[{"href":"https:\/\/verdadincomodadiario.ar\/index.php?rest_route=\/wp\/v2\/types\/post"}],"author":[{"embeddable":true,"href":"https:\/\/verdadincomodadiario.ar\/index.php?rest_route=\/wp\/v2\/users\/2"}],"replies":[{"embeddable":true,"href":"https:\/\/verdadincomodadiario.ar\/index.php?rest_route=%2Fwp%2Fv2%2Fcomments&post=9688"}],"version-history":[{"count":0,"href":"https:\/\/verdadincomodadiario.ar\/index.php?rest_route=\/wp\/v2\/posts\/9688\/revisions"}],"wp:featuredmedia":[{"embeddable":true,"href":"https:\/\/verdadincomodadiario.ar\/index.php?rest_route=\/wp\/v2\/media\/9689"}],"wp:attachment":[{"href":"https:\/\/verdadincomodadiario.ar\/index.php?rest_route=%2Fwp%2Fv2%2Fmedia&parent=9688"}],"wp:term":[{"taxonomy":"category","embeddable":true,"href":"https:\/\/verdadincomodadiario.ar\/index.php?rest_route=%2Fwp%2Fv2%2Fcategories&post=9688"},{"taxonomy":"post_tag","embeddable":true,"href":"https:\/\/verdadincomodadiario.ar\/index.php?rest_route=%2Fwp%2Fv2%2Ftags&post=9688"}],"curies":[{"name":"wp","href":"https:\/\/api.w.org\/{rel}","templated":true}]}}