{"id":9686,"date":"2025-07-02T17:25:56","date_gmt":"2025-07-02T17:25:56","guid":{"rendered":"https:\/\/verdadincomodadiario.ar\/?p=9686"},"modified":"2025-07-02T17:25:56","modified_gmt":"2025-07-02T17:25:56","slug":"pelegrin-castillo-alerta-regularizacion-haitiana-pone-en-riesgo-r-d","status":"publish","type":"post","link":"https:\/\/verdadincomodadiario.ar\/?p=9686","title":{"rendered":"Pelegr\u00edn Castillo alerta: Regularizaci\u00f3n haitiana pone en riesgo R.D."},"content":{"rendered":"<p>El exdiputado y analista pol\u00edtico\u00a0<strong>Pelegr\u00edn Castillo<\/strong> ha encendido la pol\u00e9mica al denunciar que\u00a0&#8220;sectores empresariales y sindicales dominicanos&#8221;\u00a0estar\u00edan impulsando un\u00a0nuevo plan de regularizaci\u00f3n migratoria\u00a0para haitianos.<\/p>\n<p>Seg\u00fan \u00e9l, podr\u00eda llevar a una\u00a0&#8220;fusi\u00f3n de facto&#8221; con Hait\u00ed, <strong>agravando la crisis migratoria y la seguridad nacional<\/strong>.<\/p>\n<p>Castillo advirti\u00f3 que \u00e9ste supuesto plan busca\u00a0legalizar masivamente a migrantes haitianos, lo que seg\u00fan su visi\u00f3n tendr\u00eda graves consecuencias.<\/p>\n<ul>\n<li>\n<p>&#8220;P\u00e9rdida de control fronterizo&#8221;: Facilitar\u00eda el flujo desordenado de haitianos hacia R.D.<\/p>\n<\/li>\n<li>\n<p>&#8220;Presi\u00f3n sobre servicios p\u00fablicos&#8221;: Aumentar\u00eda la demanda en salud, educaci\u00f3n y empleo.<\/p>\n<\/li>\n<li>\n<p>&#8220;Riesgo de conflictos sociales&#8221;: Potenciales tensiones por competencia laboral y saturaci\u00f3n de comunidades.<\/p>\n<\/li>\n<li>\n<p>&#8220;Injerencia internacional&#8221;: Se\u00f1ala que habr\u00eda presiones de organismos globales para forzar la medida.<\/p>\n<\/li>\n<\/ul>\n<p>Castillo asegura que\u00a0grupos empresariales\u00a0(especialmente de sectores como construcci\u00f3n y agricultura) buscan\u00a0mano de obra barata, mientras que\u00a0algunos sindicatos\u00a0lo apoyar\u00edan por supuestos acuerdos pol\u00edticos.<\/p>\n<p>Sin embargo,\u00a0no present\u00f3 pruebas documentales, por lo que sus afirmaciones han generado tanto apoyo como escepticismo.<\/p>\n<p>Castillo argumenta que una regularizaci\u00f3n masiva\u00a0debilitar\u00eda la identidad dominicana\u00a0y allanar\u00eda el camino para una\u00a0unificaci\u00f3n pol\u00edtica no declarada, algo que sectores nacionalistas rechazan hist\u00f3ricamente.<\/p>\n","protected":false},"excerpt":{"rendered":"<p>El exdiputado y analista pol\u00edtico\u00a0Pelegr\u00edn Castillo ha encendido la pol\u00e9mica al denunciar que\u00a0&#8220;sectores empresariales y sindicales dominicanos&#8221;\u00a0estar\u00edan impulsando un\u00a0nuevo plan de regularizaci\u00f3n migratoria\u00a0para haitianos. Seg\u00fan \u00e9l, podr\u00eda llevar a una\u00a0&#8220;fusi\u00f3n de facto&#8221; con Hait\u00ed, agravando la crisis migratoria y la seguridad nacional. Castillo advirti\u00f3 que \u00e9ste supuesto plan busca\u00a0legalizar masivamente a migrantes haitianos, lo que [&hellip;]<\/p>\n","protected":false},"author":2,"featured_media":9687,"comment_status":"open","ping_status":"open","sticky":false,"template":"","format":"standard","meta":{"_et_pb_use_builder":"","_et_pb_old_content":"","_et_gb_content_width":"","footnotes":""},"categories":[84],"tags":[],"class_list":["post-9686","post","type-post","status-publish","format-standard","has-post-thumbnail","hentry","category-ultimomomento"],"_links":{"self":[{"href":"https:\/\/verdadincomodadiario.ar\/index.php?rest_route=\/wp\/v2\/posts\/9686","targetHints":{"allow":["GET"]}}],"collection":[{"href":"https:\/\/verdadincomodadiario.ar\/index.php?rest_route=\/wp\/v2\/posts"}],"about":[{"href":"https:\/\/verdadincomodadiario.ar\/index.php?rest_route=\/wp\/v2\/types\/post"}],"author":[{"embeddable":true,"href":"https:\/\/verdadincomodadiario.ar\/index.php?rest_route=\/wp\/v2\/users\/2"}],"replies":[{"embeddable":true,"href":"https:\/\/verdadincomodadiario.ar\/index.php?rest_route=%2Fwp%2Fv2%2Fcomments&post=9686"}],"version-history":[{"count":0,"href":"https:\/\/verdadincomodadiario.ar\/index.php?rest_route=\/wp\/v2\/posts\/9686\/revisions"}],"wp:featuredmedia":[{"embeddable":true,"href":"https:\/\/verdadincomodadiario.ar\/index.php?rest_route=\/wp\/v2\/media\/9687"}],"wp:attachment":[{"href":"https:\/\/verdadincomodadiario.ar\/index.php?rest_route=%2Fwp%2Fv2%2Fmedia&parent=9686"}],"wp:term":[{"taxonomy":"category","embeddable":true,"href":"https:\/\/verdadincomodadiario.ar\/index.php?rest_route=%2Fwp%2Fv2%2Fcategories&post=9686"},{"taxonomy":"post_tag","embeddable":true,"href":"https:\/\/verdadincomodadiario.ar\/index.php?rest_route=%2Fwp%2Fv2%2Ftags&post=9686"}],"curies":[{"name":"wp","href":"https:\/\/api.w.org\/{rel}","templated":true}]}}