{"id":9634,"date":"2025-07-02T13:24:39","date_gmt":"2025-07-02T13:24:39","guid":{"rendered":"https:\/\/verdadincomodadiario.ar\/?p=9634"},"modified":"2025-07-02T13:24:39","modified_gmt":"2025-07-02T13:24:39","slug":"la-odisea-el-teaser-filtrado-adelanta-la-pelicula-mas-epica-de-christopher-nolan","status":"publish","type":"post","link":"https:\/\/verdadincomodadiario.ar\/?p=9634","title":{"rendered":"La Odisea: el teaser filtrado adelanta la pel\u00edcula m\u00e1s \u00e9pica de Christopher Nolan"},"content":{"rendered":"<p><strong>El primer avance de <a href=\"https:\/\/derechadiario.com.ar\/entretenimiento\/christopher-nolan-revoluciona-cine-con-odisea-se-grabar-con-camaras-imax\" title=\"Christopher Nolan revoluciona el cine con La Odisea: se va a grabar con c\u00e1maras IMAX\">\u201cLa Odisea\u201d<\/a><\/strong>, la nueva pel\u00edcula de <strong>Christopher Nolan<\/strong>, ya se proyecta en cines. Aunque su estreno est\u00e1 previsto para 2026, el <strong><a href=\"https:\/\/derechadiario.com.ar\/entretenimiento\/juego-del-calamar-netflix-confirma-temporada-final-con-nuevo-trailer\" title=\"'El juego del calamar': Netflix confirma la temporada final con un nuevo tr\u00e1iler\">teaser<\/a><\/strong> ya circula online y deja entrever una historia mitol\u00f3gica llena de tensi\u00f3n y dramatismo.<\/p>\n<p>Con <strong>Tom Holland, Jon Bernthal y Matt Damon<\/strong> al frente del elenco, la adaptaci\u00f3n de la obra de Homero pinta como una de las grandes apuestas cinematogr\u00e1ficas de la d\u00e9cada.<\/p>\n<div class=\"inter_image image_horizontal\">\n<picture><source class=\"img-responsive\" type=\"image\/webp\" data-srcset=\"https:\/\/filesedc.com\/uploads\/image\/post\/christopher-nolan_300_200.webp 300w, https:\/\/filesedc.com\/uploads\/image\/post\/christopher-nolan_630_420.webp 630w, https:\/\/filesedc.com\/uploads\/image\/post\/christopher-nolan_760_507.webp 760w, https:\/\/filesedc.com\/uploads\/image\/post\/christopher-nolan_1200_800.webp 1200w, https:\/\/filesedc.com\/uploads\/image\/post\/christopher-nolan_1600_1067.webp 1600w, \"><img decoding=\"async\" src=\"https:\/\/derechadiario.com.ar\/filesedc\/uploads\/image\/post\/christopher-nolan_1200_800.webp\" class=\"img-responsive lazyload\" alt=\"Un hombre con traje gris y corbata negra posa frente a un fondo oscuro con letras naranjas.\" title=\"Un hombre con traje gris y corbata negra posa frente a un fondo oscuro con letras naranjas.\"><\/picture>\n<div>\n<span class=\"img_footer\">El primer avance de \u201cThe Odyssey\u201d, la nueva pel\u00edcula de Christopher Nolan, ya se proyecta en cines <\/span>| <span class=\"img_author\">La Derecha Diario<\/span>\n<\/div>\n<\/div>\n<h2><strong>Un teaser que adelanta una odisea inolvidable<\/strong><\/h2>\n<p>El tr\u00e1iler se proyecta de forma exclusiva en cines, pero <strong>se filtr\u00f3 en redes<\/strong> y gener\u00f3 una ola de comentarios. En \u00e9l se ven los primeros indicios del regreso de Ulises a \u00cdtaca tras la guerra de Troya.<\/p>\n<aside class=\"whatsappChannelText\"><a href=\"https:\/\/whatsapp.com\/channel\/0029VagEjILGE56eKjedWF2U\" rel=\"nofollow\" title=\"WhatsApp Link\"><img alt=\"Logo de WhatsApp\" class=\"lazyload\" data-src=\"https:\/\/derechadiario.com.ar\/filesedc\/uploads\/other\/whatsapp_icon_mid_article.png\" width=\"32\" height=\"32\"><\/a> <a href=\"https:\/\/whatsapp.com\/channel\/0029VagEjILGE56eKjedWF2U\" rel=\"nofollow\" title=\"WhatsApp Link\"><strong>NO SE PIERDAN NINGUNA NOTICIA<\/strong>: Click aqu\u00ed para sumarte <strong>GRATIS<\/strong> al canal de noticias de <strong>La Derecha Diario en WhatsApp.<\/strong><\/a><\/aside>\n<p>Robert Pattinson pone la voz en off al inicio, con una frase que impacta.\u00a0<em>\u201cOscuridad: las leyes de Zeus destrozadas. Un reino sin rey desde la muerte de mi se\u00f1or\u201d<\/em>.<\/p>\n<aside class=\"are-you-interested-container-photo\"><\/aside>\n<h2><strong>Tom Holland, Jon Bernthal y Matt Damon<\/strong><\/h2>\n<p>Holland interpreta a Tel\u00e9maco, el hijo de Ulises. En una de las escenas, le pregunta a Bernthal si sabe algo de su padre. La respuesta da paso al misterio: <em>\u201cNo s\u00e9 nada de Odiseo desde Troya\u201d<\/em>.<\/p>\n<aside class=\"render-tweet\" data-tweet-id=\"1940327544307531864\"><\/aside>\n<p>Con este di\u00e1logo, Nolan parece confirmar el uso de <strong>flashbacks y saltos temporales<\/strong>, una de sus marcas registradas. Tambi\u00e9n se ve a Matt Damon, encarnando a Odiseo, perdido en el mar.<\/p>\n<h2><strong>Un reparto repleto de figuras<\/strong><\/h2>\n<p>Adem\u00e1s del tr\u00edo principal, el filme suma nombres de peso como <strong>Anne Hathaway, Zendaya, Charlize Theron<\/strong>, <strong>Lupita Nyong\u2019o<\/strong> y <strong>Ben Safdie<\/strong>. Todo indica que ser\u00e1 una superproducci\u00f3n con escala global.<\/p>\n<p>La pel\u00edcula se estrena el <strong>17 de julio de 2026<\/strong>, en formato IMAX. Aunque falta mucho, el teaser ya posiciona a \u201cThe Odyssey\u201d como uno de los estrenos m\u00e1s esperados de los \u00faltimos a\u00f1os.<\/p>\n","protected":false},"excerpt":{"rendered":"<p>El primer avance de \u201cLa Odisea\u201d, la nueva pel\u00edcula de Christopher Nolan, ya se proyecta en cines. Aunque su estreno est\u00e1 previsto para 2026, el teaser ya circula online y deja entrever una historia mitol\u00f3gica llena de tensi\u00f3n y dramatismo. Con Tom Holland, Jon Bernthal y Matt Damon al frente del elenco, la adaptaci\u00f3n de [&hellip;]<\/p>\n","protected":false},"author":2,"featured_media":9635,"comment_status":"open","ping_status":"open","sticky":false,"template":"","format":"standard","meta":{"_et_pb_use_builder":"","_et_pb_old_content":"","_et_gb_content_width":"","footnotes":""},"categories":[84],"tags":[],"class_list":["post-9634","post","type-post","status-publish","format-standard","has-post-thumbnail","hentry","category-ultimomomento"],"_links":{"self":[{"href":"https:\/\/verdadincomodadiario.ar\/index.php?rest_route=\/wp\/v2\/posts\/9634","targetHints":{"allow":["GET"]}}],"collection":[{"href":"https:\/\/verdadincomodadiario.ar\/index.php?rest_route=\/wp\/v2\/posts"}],"about":[{"href":"https:\/\/verdadincomodadiario.ar\/index.php?rest_route=\/wp\/v2\/types\/post"}],"author":[{"embeddable":true,"href":"https:\/\/verdadincomodadiario.ar\/index.php?rest_route=\/wp\/v2\/users\/2"}],"replies":[{"embeddable":true,"href":"https:\/\/verdadincomodadiario.ar\/index.php?rest_route=%2Fwp%2Fv2%2Fcomments&post=9634"}],"version-history":[{"count":0,"href":"https:\/\/verdadincomodadiario.ar\/index.php?rest_route=\/wp\/v2\/posts\/9634\/revisions"}],"wp:featuredmedia":[{"embeddable":true,"href":"https:\/\/verdadincomodadiario.ar\/index.php?rest_route=\/wp\/v2\/media\/9635"}],"wp:attachment":[{"href":"https:\/\/verdadincomodadiario.ar\/index.php?rest_route=%2Fwp%2Fv2%2Fmedia&parent=9634"}],"wp:term":[{"taxonomy":"category","embeddable":true,"href":"https:\/\/verdadincomodadiario.ar\/index.php?rest_route=%2Fwp%2Fv2%2Fcategories&post=9634"},{"taxonomy":"post_tag","embeddable":true,"href":"https:\/\/verdadincomodadiario.ar\/index.php?rest_route=%2Fwp%2Fv2%2Ftags&post=9634"}],"curies":[{"name":"wp","href":"https:\/\/api.w.org\/{rel}","templated":true}]}}