{"id":963,"date":"2025-04-03T18:49:05","date_gmt":"2025-04-03T18:49:05","guid":{"rendered":"https:\/\/verdadincomodadiario.ar\/?p=963"},"modified":"2025-04-03T18:49:05","modified_gmt":"2025-04-03T18:49:05","slug":"el-auto-usado-mas-buscado-en-argentina-el-modelo-que-todos-quieren-comprar","status":"publish","type":"post","link":"https:\/\/verdadincomodadiario.ar\/?p=963","title":{"rendered":"El auto usado m\u00e1s buscado en Argentina: el modelo que todos quieren comprar"},"content":{"rendered":"<p><strong>El mercado de <a href=\"https:\/\/derechadiario.com.ar\/economia\/estos-son-los-modelos-autos-hibridos-y-electricos-que-llegaran-sin-arancel-2025\" title=\"Estos son los modelos de autos h\u00edbridos y el\u00e9ctricos que llegar\u00e1n sin arancel en 2025\">autos<\/a> usados sigue en alza y un modelo en particular se destac\u00f3 en marzo<\/strong>. Con una gran cantidad de transferencias, se consolida como la opci\u00f3n m\u00e1s elegida por quienes buscan un veh\u00edculo accesible y confiable.<\/p>\n<p>Seg\u00fan la <strong>C\u00e1mara del Comercio Automotor (CCA)<\/strong>, este modelo encabeza el ranking de ventas en el pa\u00eds. Su popularidad no es casualidad: es econ\u00f3mico, f\u00e1cil de mantener y tiene una fuerte demanda en el <a href=\"https:\/\/derechadiario.com.ar\/economia\/por-exigencia-gobierno-toyota-expuso-cuanto-encarecen-los-impuestos-sus-autos-argentina\" title=\"Por exigencia del Gobierno, Toyota expuso cu\u00e1nto encarecen los impuestos sus autos\">mercado<\/a> de segunda mano.<\/p>\n<div class=\"inter_image image_horizontal\">\n<picture><source class=\"img-responsive\" type=\"image\/webp\" data-srcset=\"\/filesedc\/uploads\/image\/post\/autos-usados-mas-vendido_300_200.webp 300w, \n\/filesedc\/uploads\/image\/post\/autos-usados-mas-vendido_630_420.webp 630w,\n                                \/filesedc\/uploads\/image\/post\/autos-usados-mas-vendido_760_507.webp 760w,\n                                \/filesedc\/uploads\/image\/post\/autos-usados-mas-vendido_1200_800.webp 1200w,\n                                \/filesedc\/uploads\/image\/post\/autos-usados-mas-vendido_1600_1067.webp 1600w\"><img decoding=\"async\" src=\"https:\/\/derechadiario.com.ar\/filesedc\/uploads\/image\/post\/autos-usados-mas-vendido_1200_800.webp\" class=\"img-responsive lazyload\" alt=\"Concesionario de autos usados con varios veh\u00edculos estacionados en el exterior.\" title=\"Concesionario de autos usados con varios veh\u00edculos estacionados en el exterior.\"><\/picture>\n<div>\n<span class=\"img_footer\">El mercado de autos usados sigue en alza <\/span>| <span class=\"img_author\">La Derecha Diario<\/span>\n<\/div>\n<\/div>\n<h2><strong>El auto usado m\u00e1s vendido en Argentina<\/strong><\/h2>\n<p>Durante marzo de 2025, los siguientes modelos fueron los m\u00e1s transferidos en los registros automotores de todo el pa\u00eds:<\/p>\n<ul>\n<li>\n<strong>VW Gol y Trend:<\/strong> 8.025 unidades<\/li>\n<li>\n<strong>Toyota Hilux:<\/strong> 5.434 unidades<\/li>\n<li>\n<strong>Corsa y Classic:<\/strong> 4.170 unidades<\/li>\n<li>\n<strong>Ford Ranger:<\/strong> 3.683 unidades<\/li>\n<li>\n<strong>VW Amarok:<\/strong> 3.638 unidades<\/li>\n<li>\n<strong>Ford EcoSport:<\/strong> 2.927 unidades<\/li>\n<li>\n<strong>Peugeot 208:<\/strong> 2.888 unidades<\/li>\n<li>\n<strong>Toyota Corolla:<\/strong> 2.750 unidades<\/li>\n<li>\n<strong>Fiat Palio:<\/strong> 2.721 unidades<\/li>\n<li>\n<strong>Ford Fiesta:<\/strong> 2.598 unidades<\/li>\n<\/ul>\n<p>El <strong>Volkswagen Gol<\/strong> fue durante a\u00f1os el <em>0 km<\/em> m\u00e1s vendido en Argentina. Esto explica por qu\u00e9 sigue siendo el l\u00edder en el mercado de usados. Es una opci\u00f3n accesible, con repuestos econ\u00f3micos y un mantenimiento sencillo.<\/p>\n<figure><img decoding=\"async\" src=\"https:\/\/derechadiario.com.ar\/filesedc\/uploads\/image\/post\/volkswagen-gol-venta-usados_1200_800.webp\" class=\"img-responsive lazyload\" alt=\"Un autom\u00f3vil compacto de color rojo estacionado en un entorno moderno.\" title=\"Un autom\u00f3vil compacto de color rojo estacionado en un entorno moderno.\"><\/figure>\n<h2><strong>\u00bfPor qu\u00e9 el Volkswagen Gol sigue siendo el m\u00e1s elegido?<\/strong><\/h2>\n<p>Adem\u00e1s de su popularidad hist\u00f3rica, el Gol se destaca por:<\/p>\n<ul>\n<li>Un <strong>motor confiable<\/strong> con bajo consumo.<\/li>\n<li>Costos de mantenimiento accesibles.<\/li>\n<li>Gran disponibilidad de repuestos.<\/li>\n<li>Facilidad de reventa por su alta demanda.<\/li>\n<\/ul>\n<p>Sin embargo, es importante destacar que el Volkswagen Gol no cuenta con <strong>control de estabilidad<\/strong>, un sistema de seguridad obligatorio para los autos nuevos desde 2022 en Argentina.<\/p>\n<aside class=\"whatsappChannelText\"><a href=\"https:\/\/whatsapp.com\/channel\/0029VagEjILGE56eKjedWF2U\" rel=\"nofollow\" title=\"WhatsApp Link\"><img alt=\"Logo de WhatsApp\" class=\"lazyload\" data-src=\"https:\/\/derechadiario.com.ar\/filesedc\/uploads\/other\/whatsapp_icon_mid_article.png\" width=\"32\" height=\"32\"><\/a> <a href=\"https:\/\/whatsapp.com\/channel\/0029VagEjILGE56eKjedWF2U\" rel=\"nofollow\" title=\"WhatsApp Link\"><strong>NO SE PIERDAN NINGUNA NOTICIA<\/strong>: Click aqu\u00ed para sumarte <strong>GRATIS<\/strong> al canal de noticias de <strong>La Derecha Diario en WhatsApp.<\/strong><\/a><\/aside>\n<h2><strong>Las ventas de autos usados crecieron en marzo<\/strong><\/h2>\n<p>El informe de la CCA revel\u00f3 que en marzo se realizaron <strong>142.383 transferencias<\/strong> en los registros automotores del pa\u00eds. Esto representa un <strong>crecimiento del 34,36%<\/strong> en comparaci\u00f3n con marzo de 2024, cuando se transfirieron 105.969 unidades.<\/p>\n<figure><img decoding=\"async\" src=\"https:\/\/derechadiario.com.ar\/filesedc\/uploads\/image\/post\/autos-usados-venta_1200_800.webp\" class=\"img-responsive lazyload\" alt=\"Un coche plateado con un cartel en el parabrisas que dice \" gran feria del usado title=\"Un coche plateado con un cartel en el parabrisas que dice \"><\/figure>\n<p>Sin embargo, en relaci\u00f3n a febrero de 2025, cuando se vendieron 149.004 unidades, el mes pasado registr\u00f3 una leve baja del 4,44%.<\/p>\n<p>En el acumulado del a\u00f1o, se comercializaron <strong>461.423 veh\u00edculos<\/strong>, lo que marca un incremento del <strong>40,54%<\/strong> frente al mismo per\u00edodo de 2024.<\/p>\n","protected":false},"excerpt":{"rendered":"<p>El mercado de autos usados sigue en alza y un modelo en particular se destac\u00f3 en marzo. Con una gran cantidad de transferencias, se consolida como la opci\u00f3n m\u00e1s elegida por quienes buscan un veh\u00edculo accesible y confiable. Seg\u00fan la C\u00e1mara del Comercio Automotor (CCA), este modelo encabeza el ranking de ventas en el pa\u00eds. [&hellip;]<\/p>\n","protected":false},"author":2,"featured_media":964,"comment_status":"open","ping_status":"open","sticky":false,"template":"","format":"standard","meta":{"_et_pb_use_builder":"","_et_pb_old_content":"","_et_gb_content_width":"","footnotes":""},"categories":[80],"tags":[],"class_list":["post-963","post","type-post","status-publish","format-standard","has-post-thumbnail","hentry","category-economia-2"],"_links":{"self":[{"href":"https:\/\/verdadincomodadiario.ar\/index.php?rest_route=\/wp\/v2\/posts\/963","targetHints":{"allow":["GET"]}}],"collection":[{"href":"https:\/\/verdadincomodadiario.ar\/index.php?rest_route=\/wp\/v2\/posts"}],"about":[{"href":"https:\/\/verdadincomodadiario.ar\/index.php?rest_route=\/wp\/v2\/types\/post"}],"author":[{"embeddable":true,"href":"https:\/\/verdadincomodadiario.ar\/index.php?rest_route=\/wp\/v2\/users\/2"}],"replies":[{"embeddable":true,"href":"https:\/\/verdadincomodadiario.ar\/index.php?rest_route=%2Fwp%2Fv2%2Fcomments&post=963"}],"version-history":[{"count":0,"href":"https:\/\/verdadincomodadiario.ar\/index.php?rest_route=\/wp\/v2\/posts\/963\/revisions"}],"wp:featuredmedia":[{"embeddable":true,"href":"https:\/\/verdadincomodadiario.ar\/index.php?rest_route=\/wp\/v2\/media\/964"}],"wp:attachment":[{"href":"https:\/\/verdadincomodadiario.ar\/index.php?rest_route=%2Fwp%2Fv2%2Fmedia&parent=963"}],"wp:term":[{"taxonomy":"category","embeddable":true,"href":"https:\/\/verdadincomodadiario.ar\/index.php?rest_route=%2Fwp%2Fv2%2Fcategories&post=963"},{"taxonomy":"post_tag","embeddable":true,"href":"https:\/\/verdadincomodadiario.ar\/index.php?rest_route=%2Fwp%2Fv2%2Ftags&post=963"}],"curies":[{"name":"wp","href":"https:\/\/api.w.org\/{rel}","templated":true}]}}