{"id":961,"date":"2025-04-03T18:49:06","date_gmt":"2025-04-03T18:49:06","guid":{"rendered":"https:\/\/verdadincomodadiario.ar\/?p=961"},"modified":"2025-04-03T18:49:06","modified_gmt":"2025-04-03T18:49:06","slug":"gracias-a-milei-volkswagen-anuncio-una-inversion-de-usd-580-millones-en-argentina","status":"publish","type":"post","link":"https:\/\/verdadincomodadiario.ar\/?p=961","title":{"rendered":"Gracias a Milei, Volkswagen anunci\u00f3 una inversi\u00f3n de USD 580 millones en Argentina"},"content":{"rendered":"<p>El vocero presidencial, <strong>Manuel Adorni<\/strong>, adelant\u00f3 que <strong>Volkswagen Argentina<\/strong>\u00a0anunciar\u00eda\u00a0&#8220;<strong>una de las inversiones m\u00e1s grandes de las \u00faltimas d\u00e9cadas<\/strong>&#8221; en el <a href=\"https:\/\/derechadiario.com.ar\/economia\/argentina-milei-exporto-gas-brasil-y-rompio-con-decadas-dependencia\" target=\"_blank\" title=\"A trav\u00e9s de Bolivia, Argentina export\u00f3 gas a Brasil por primera vez en la historia\">pa\u00eds<\/a>, gracias a la estabilidad macroecon\u00f3mica lograda por el Gobierno de <a href=\"https:\/\/derechadiario.com.ar\/economia\/argentina-recuperacion-reduccion-pobreza-y-impacto-del-ajuste-liberal\" target=\"_blank\" title=\"Argentina en recuperaci\u00f3n: la reducci\u00f3n de la pobreza y el impacto del ajuste liberal\"><strong>Javier Milei<\/strong><\/a>.<\/p>\n<p>La automotriz destinar\u00e1 una <strong>suma millonaria<\/strong> para la producci\u00f3n de una nueva pickup mediana en su planta local, con miras a <strong>fortalecer su presencia en el mercado regional<\/strong>, generando <strong>trabajo en Argentina<\/strong>\u00a0y\u00a0<strong>fortaleciendo el crecimiento econ\u00f3mico<\/strong>.<\/p>\n<p>Seg\u00fan trascendi\u00f3, el nuevo modelo comenzar\u00e1 a fabricarse en Argentina a partir de 2027, impulsando al pa\u00eds como un polo clave para la <strong>producci\u00f3n automotriz<\/strong>. Esta apuesta de Volkswagen reafirma la <strong>confianza del sector privado<\/strong> en el modelo econ\u00f3mico del Gobierno de Milei, que busca <strong>atraer inversiones<\/strong> y <strong>fomentar la industria<\/strong>.<\/p>\n<p>Este plan de inversi\u00f3n\u00a0generar\u00e1 <strong>miles de puestos de trabajo directos e indirectos<\/strong>, adem\u00e1s de <strong>impulsar la exportaci\u00f3n de veh\u00edculos<\/strong> a diversos mercados internacionales.<\/p>\n<aside class=\"are-you-interested-container-photo\"><\/aside>\n<div class=\"inter_image image_horizontal\">\n<picture><source class=\"img-responsive\" type=\"image\/webp\" data-srcset=\"\/filesedc\/uploads\/image\/post\/-1x-1-1739913552197_300_200.webp 300w, \n\/filesedc\/uploads\/image\/post\/-1x-1-1739913552197_630_420.webp 630w,\n                                \/filesedc\/uploads\/image\/post\/-1x-1-1739913552197_760_507.webp 760w,\n                                \/filesedc\/uploads\/image\/post\/-1x-1-1739913552197_1200_800.webp 1200w,\n                                \/filesedc\/uploads\/image\/post\/-1x-1-1739913552197_1600_1067.webp 1600w\"><img decoding=\"async\" src=\"https:\/\/derechadiario.com.ar\/filesedc\/uploads\/image\/post\/-1x-1-1739913552197_1200_800.webp\" class=\"img-responsive lazyload\" alt=\"Un hombre sonriente con el pu\u00f1o levantado en un evento en Nueva York.\" title=\"Un hombre sonriente con el pu\u00f1o levantado en un evento en Nueva York.\"><\/picture>\n<div>\n<span class=\"img_footer\">Javier Milei, presidente de Argentina. <\/span>| <span class=\"img_author\">La Derecha Diario<\/span>\n<\/div>\n<\/div>\n<p>Volkswagen confirm\u00f3 la inversi\u00f3n, que ser\u00e1 de\u00a0<strong>580 millones de d\u00f3lares<\/strong>, para la fabricaci\u00f3n de una <strong>nueva generaci\u00f3n de la Amarok<\/strong>, la pick-up mediana que compite con modelos como la Toyota Hilux y la Ford Ranger.<\/p>\n<p>&#8220;<strong>Sudam\u00e9rica tendr\u00e1 su propia nueva generaci\u00f3n de Amarok<\/strong>&#8220;, anunci\u00f3 la automotriz alemana. Este modelo ser\u00e1 dise\u00f1ado <strong>exclusivamente para la regi\u00f3n<\/strong>, producido en la planta de Pacheco y estar\u00e1 disponible a partir de 2027.<\/p>\n<p>El desembolso permitir\u00e1 a Volkswagen incorporar <strong>tecnolog\u00eda de \u00faltima generaci\u00f3n en su f\u00e1brica bonaerense<\/strong>, <strong>mejorando la eficiencia energ\u00e9tica<\/strong> y <strong>optimizando los procesos digitales<\/strong>, con el objetivo de garantizar la sustentabilidad operativa tanto en t\u00e9rminos econ\u00f3micos como tecnol\u00f3gicos.<\/p>\n<aside class=\"whatsappChannelText\"><a href=\"https:\/\/whatsapp.com\/channel\/0029VagEjILGE56eKjedWF2U\" rel=\"nofollow\" title=\"WhatsApp Link\"><img alt=\"Logo de WhatsApp\" class=\"lazyload\" data-src=\"https:\/\/derechadiario.com.ar\/filesedc\/uploads\/other\/whatsapp_icon_mid_article.png\" width=\"32\" height=\"32\"><\/a> <a href=\"https:\/\/whatsapp.com\/channel\/0029VagEjILGE56eKjedWF2U\" rel=\"nofollow\" title=\"WhatsApp Link\"><strong>NO SE PIERDAN NINGUNA NOTICIA<\/strong>: Click aqu\u00ed para sumarte <strong>GRATIS<\/strong> al canal de noticias de <strong>La Derecha Diario en WhatsApp.<\/strong><\/a><\/aside>\n<p><strong>Thomas Sch\u00e4fer<\/strong>, CEO global de Volkswagen, destac\u00f3: &#8220;El crecimiento regional y la localizaci\u00f3n son elementos clave de nuestro plan global para el futuro. Esta inversi\u00f3n refuerza nuestra posici\u00f3n en una regi\u00f3n estrat\u00e9gicamente importante para la marca Volkswagen. La nueva Amarok se desarrollar\u00e1, dise\u00f1ar\u00e1 y producir\u00e1 en Sudam\u00e9rica, para Sudam\u00e9rica. Esto significa que se adaptar\u00e1 perfectamente a las necesidades espec\u00edficas de nuestros clientes en este mercado&#8221;.<\/p>\n<figure><img decoding=\"async\" src=\"https:\/\/derechadiario.com.ar\/filesedc\/uploads\/image\/post\/javier-mileijpg-1735924188478_1200_800.webp\" class=\"img-responsive lazyload\" alt=\"Hombre con traje oscuro levantando el pu\u00f1o y sonriendo.\" title=\"Hombre con traje oscuro levantando el pu\u00f1o y sonriendo.\"><\/figure>\n<p>Por su parte, <strong>Alexander Seitz<\/strong>, CEO de Volkswagen Latinoam\u00e9rica, resalt\u00f3: &#8220;<strong>Argentina es un componente clave de nuestra estrategia en Sudam\u00e9rica. Esta inversi\u00f3n refuerza nuestra confianza en la capacidad industrial del pa\u00eds. La nueva Amarok establece nuevos est\u00e1ndares en t\u00e9rminos de rendimiento, innovaci\u00f3n y sostenibilidad<\/strong>&#8220;.<\/p>\n<p><strong>Marcellus Puig<\/strong>, Presidente y CEO de Volkswagen Argentina, subray\u00f3: &#8220;La Amarok ha sido un s\u00edmbolo de la fortaleza de Volkswagen en Argentina. Es un elemento clave de la historia de la marca en el pa\u00eds, una parte esencial de nuestro presente y lo seguir\u00e1 siendo en el futuro. Este nuevo modelo combinar\u00e1 el dise\u00f1o y el ADN de Volkswagen \u2014respaldados por 15 a\u00f1os de experiencia y m\u00e1s de 770.000 Amarok producidos con orgullo en nuestra planta de Pacheco\u2014 con software de vanguardia y tecnolog\u00eda avanzada, dando como resultado un producto innovador y competitivo para el mercado actual&#8221;.<\/p>\n","protected":false},"excerpt":{"rendered":"<p>El vocero presidencial, Manuel Adorni, adelant\u00f3 que Volkswagen Argentina\u00a0anunciar\u00eda\u00a0&#8220;una de las inversiones m\u00e1s grandes de las \u00faltimas d\u00e9cadas&#8221; en el pa\u00eds, gracias a la estabilidad macroecon\u00f3mica lograda por el Gobierno de Javier Milei. La automotriz destinar\u00e1 una suma millonaria para la producci\u00f3n de una nueva pickup mediana en su planta local, con miras a fortalecer [&hellip;]<\/p>\n","protected":false},"author":2,"featured_media":962,"comment_status":"open","ping_status":"open","sticky":false,"template":"","format":"standard","meta":{"_et_pb_use_builder":"","_et_pb_old_content":"","_et_gb_content_width":"","footnotes":""},"categories":[80],"tags":[],"class_list":["post-961","post","type-post","status-publish","format-standard","has-post-thumbnail","hentry","category-economia-2"],"_links":{"self":[{"href":"https:\/\/verdadincomodadiario.ar\/index.php?rest_route=\/wp\/v2\/posts\/961","targetHints":{"allow":["GET"]}}],"collection":[{"href":"https:\/\/verdadincomodadiario.ar\/index.php?rest_route=\/wp\/v2\/posts"}],"about":[{"href":"https:\/\/verdadincomodadiario.ar\/index.php?rest_route=\/wp\/v2\/types\/post"}],"author":[{"embeddable":true,"href":"https:\/\/verdadincomodadiario.ar\/index.php?rest_route=\/wp\/v2\/users\/2"}],"replies":[{"embeddable":true,"href":"https:\/\/verdadincomodadiario.ar\/index.php?rest_route=%2Fwp%2Fv2%2Fcomments&post=961"}],"version-history":[{"count":0,"href":"https:\/\/verdadincomodadiario.ar\/index.php?rest_route=\/wp\/v2\/posts\/961\/revisions"}],"wp:featuredmedia":[{"embeddable":true,"href":"https:\/\/verdadincomodadiario.ar\/index.php?rest_route=\/wp\/v2\/media\/962"}],"wp:attachment":[{"href":"https:\/\/verdadincomodadiario.ar\/index.php?rest_route=%2Fwp%2Fv2%2Fmedia&parent=961"}],"wp:term":[{"taxonomy":"category","embeddable":true,"href":"https:\/\/verdadincomodadiario.ar\/index.php?rest_route=%2Fwp%2Fv2%2Fcategories&post=961"},{"taxonomy":"post_tag","embeddable":true,"href":"https:\/\/verdadincomodadiario.ar\/index.php?rest_route=%2Fwp%2Fv2%2Ftags&post=961"}],"curies":[{"name":"wp","href":"https:\/\/api.w.org\/{rel}","templated":true}]}}