{"id":9606,"date":"2025-07-02T00:24:32","date_gmt":"2025-07-02T00:24:32","guid":{"rendered":"https:\/\/verdadincomodadiario.ar\/?p=9606"},"modified":"2025-07-02T00:24:32","modified_gmt":"2025-07-02T00:24:32","slug":"rio-cuarto-piden-procesar-a-5-docentes-por-uso-indebido-de-laboratorios-de-la-unrc","status":"publish","type":"post","link":"https:\/\/verdadincomodadiario.ar\/?p=9606","title":{"rendered":"R\u00edo Cuarto: piden procesar a 5 docentes por uso indebido de laboratorios de la UNRC"},"content":{"rendered":"<p>El fiscal federal Rodolfo Cabanillas solicit\u00f3 el <strong>procesamiento de cinco investigadores de la Universidad Nacional de <a href=\"https:\/\/derechadiario.com.ar\/politica\/rio-cuarto-lla-arrasa-encuestas-con-bornoroni-y-laje-y-deja-al-pj-sin-reaccion\" title=\"R\u00edo Cuarto: LLA arrasa en encuestas con Bornoroni y Laje, y deja al PJ sin reacci\u00f3n\">R\u00edo Cuarto<\/a>\u00a0(UNCR) y del Conicet por delitos contra la administraci\u00f3n p\u00fablica.<\/strong> Se los acusa de usar indebidamente laboratorios de la Facultad de Ciencias Exactas. Los imputados hab\u00edan sido detenidos en abril y luego excarcelados en mayo.<\/p>\n<p><strong>Entre los delitos atribuidos figuran peculado, administraci\u00f3n infiel y defraudaci\u00f3n<\/strong>, seg\u00fan la causa instruida por la justicia federal. Cabanillas tambi\u00e9n pidi\u00f3 que vuelvan a ser detenidos por posible entorpecimiento. El juez Carlos Ochoa deleg\u00f3 la investigaci\u00f3n en el fiscal en diciembre de 2024.<\/p>\n<p>Seg\u00fan trascendidos, <strong>una persona ajena a la universidad fue detenida por colaborar en la ocultaci\u00f3n de pruebas.<\/strong> Esa persona habr\u00eda actuado en complicidad con una de las imputadas. El hecho se vincula a un presunto intento de obstaculizar el proceso judicial.<\/p>\n<p>La acusaci\u00f3n indica que <strong>entre enero de 2022 y fines de 2024 los imputados realizaron estudios pagos con equipos p\u00fablicos.<\/strong> Se habr\u00edan vendido ensayos a m\u00e1s de seis empresas privadas del sector agrobiotecnol\u00f3gico. Usaban los laboratorios incluso fuera del horario laboral y durante fines de semana.<\/p>\n<aside class=\"are-you-interested-container-photo\"><\/aside>\n<div class=\"inter_image image_horizontal\">\n<picture><source class=\"img-responsive\" type=\"image\/webp\" data-srcset=\"https:\/\/filesedc.com\/uploads\/image\/post\/2025\/07\/captura-de-pantalla-2025-07-01-190807_300_200.webp 300w, https:\/\/filesedc.com\/uploads\/image\/post\/2025\/07\/captura-de-pantalla-2025-07-01-190807_630_420.webp 630w, https:\/\/filesedc.com\/uploads\/image\/post\/2025\/07\/captura-de-pantalla-2025-07-01-190807_760_507.webp 760w, https:\/\/filesedc.com\/uploads\/image\/post\/2025\/07\/captura-de-pantalla-2025-07-01-190807_1200_800.webp 1200w, https:\/\/filesedc.com\/uploads\/image\/post\/2025\/07\/captura-de-pantalla-2025-07-01-190807_1600_1067.webp 1600w, \"><img decoding=\"async\" src=\"https:\/\/derechadiario.com.ar\/filesedc\/uploads\/image\/post\/2025\/07\/captura-de-pantalla-2025-07-01-190807_1200_800.webp\" class=\"img-responsive lazyload\" alt=\"Mujer rubia hablando frente a un micr\u00f3fono mientras un hombre con gafas revisa documentos a su lado en una mesa de trabajo\" title=\"Mujer rubia hablando frente a un micr\u00f3fono mientras un hombre con gafas revisa documentos a su lado en una mesa de trabajo\"><\/picture>\n<div>\n<span class=\"img_footer\">La rectora Marisa Rovera solicit\u00f3 informaci\u00f3n formal al fiscal federal Rodolfo Cabanillas <\/span>| <span class=\"img_author\">La Derecha Diario<\/span>\n<\/div>\n<\/div>\n<h2>La UNRC no podr\u00e1 ser querellante<\/h2>\n<p>La Universidad Nacional de <a href=\"https:\/\/derechadiario.com.ar\/politica\/otro-golpe-al-sentido-comun-rivas-blanquea-los-trapitos-rio-cuarto\" title=\"Otro golpe al sentido com\u00fan: De Rivas blanquea a los trapitos en R\u00edo Cuarto\">R\u00edo Cuarto<\/a> pidi\u00f3 ser querellante en la causa a trav\u00e9s de su rectora Marisa Rovera. <strong>El juez Ochoa rechaz\u00f3 el pedido<\/strong>, al considerar que a\u00fan es prematuro. Argument\u00f3 que podr\u00eda poner en riesgo la investigaci\u00f3n en curso.<\/p>\n<p>La presentaci\u00f3n se\u00f1alaba que la UNRC se consideraba \u201cofendida\u201d por los hechos investigados. Tambi\u00e9n aleg\u00f3 que la universidad habr\u00eda sido econ\u00f3micamente perjudicada. <strong>Algunos imputados incluso habr\u00edan cobrado \u201choras extras\u201d mientras hac\u00edan trabajos privados.<\/strong><\/p>\n<p><strong>La causa sostiene que los acusados utilizaron bienes p\u00fablicos en beneficio personal.<\/strong> <strong>Se tratar\u00eda de insumos, equipos e instalaciones bajo su responsabilidad laboral<\/strong>. El juez remarc\u00f3 que eso afectar\u00eda a la administraci\u00f3n p\u00fablica y a la sociedad en general.<\/p>\n<p><strong>Ochoa advirti\u00f3 que podr\u00edan surgir m\u00e1s involucrados durante la investigaci\u00f3n.<\/strong> Se\u00f1al\u00f3 que estos podr\u00edan ser miembros internos o externos a la universidad. Por eso, a\u00fan no se habilita la participaci\u00f3n institucional de la UNRC en la causa.<\/p>\n<figure><img decoding=\"async\" src=\"https:\/\/derechadiario.com.ar\/filesedc\/uploads\/image\/post\/2025\/07\/captura-de-pantalla-2025-07-01-191207_1200_800.webp\" class=\"img-responsive lazyload\" alt=\"Edificio de dos pisos con paredes color beige y varias ventanas rectangulares, visto desde una esquina exterior en un d\u00eda soleado\" title=\"Edificio de dos pisos con paredes color beige y varias ventanas rectangulares, visto desde una esquina exterior en un d\u00eda soleado\"><\/figure>\n<h2>Lo que resta resolver<\/h2>\n<p>Aunque el fiscal advirti\u00f3 sobre entorpecimientos, <strong>el juez no orden\u00f3 nuevas detenciones.<\/strong>\u00a0As\u00ed, considera que no es necesaria la prisi\u00f3n preventiva en esta etapa. La situaci\u00f3n procesal de los imputados se definir\u00e1 despu\u00e9s de la feria judicial de julio.<\/p>\n<aside class=\"whatsappChannelText\"><a href=\"https:\/\/whatsapp.com\/channel\/0029VagEjILGE56eKjedWF2U\" rel=\"nofollow\" title=\"WhatsApp Link\"><img alt=\"Logo de WhatsApp\" class=\"lazyload\" data-src=\"https:\/\/derechadiario.com.ar\/filesedc\/uploads\/other\/whatsapp_icon_mid_article.png\" width=\"32\" height=\"32\"><\/a> <a href=\"https:\/\/whatsapp.com\/channel\/0029VagEjILGE56eKjedWF2U\" rel=\"nofollow\" title=\"WhatsApp Link\"><strong>NO SE PIERDAN NINGUNA NOTICIA<\/strong>: Click aqu\u00ed para sumarte <strong>GRATIS<\/strong> al canal de noticias de <strong>La Derecha Diario en WhatsApp.<\/strong><\/a><\/aside>\n<p><strong>La denuncia original fue realizada por una abogada en un programa radial de R\u00edo Cuarto<\/strong>. La UNRC inici\u00f3 un sumario pero no aplic\u00f3 sanciones formales. Sostuvo que los investigados no depend\u00edan directamente de la universidad, sino del Conicet.<\/p>\n<p><strong>Los hechos habr\u00edan ocurrido en los laboratorios de Fisiolog\u00eda Vegetal y Biolog\u00eda Molecular.<\/strong>\u00a0 La tecnolog\u00eda utilizada pertenece a la Facultad de Ciencias Exactas, F\u00edsico-Qu\u00edmicas y Naturales. <strong>Las tareas se realizaban sin autorizaci\u00f3n oficial y fuera de horario.<\/strong><\/p>\n<p><strong>Hasta ahora no se ha determinado el perjuicio econ\u00f3mico exacto.<\/strong>\u00a0 Tampoco se conoce cu\u00e1ntas empresas contrataban los ensayos presuntamente irregulares. La investigaci\u00f3n sigue en curso bajo secreto de sumario.<\/p>\n","protected":false},"excerpt":{"rendered":"<p>El fiscal federal Rodolfo Cabanillas solicit\u00f3 el procesamiento de cinco investigadores de la Universidad Nacional de R\u00edo Cuarto\u00a0(UNCR) y del Conicet por delitos contra la administraci\u00f3n p\u00fablica. Se los acusa de usar indebidamente laboratorios de la Facultad de Ciencias Exactas. Los imputados hab\u00edan sido detenidos en abril y luego excarcelados en mayo. Entre los delitos [&hellip;]<\/p>\n","protected":false},"author":2,"featured_media":9607,"comment_status":"open","ping_status":"open","sticky":false,"template":"","format":"standard","meta":{"_et_pb_use_builder":"","_et_pb_old_content":"","_et_gb_content_width":"","footnotes":""},"categories":[84],"tags":[],"class_list":["post-9606","post","type-post","status-publish","format-standard","has-post-thumbnail","hentry","category-ultimomomento"],"_links":{"self":[{"href":"https:\/\/verdadincomodadiario.ar\/index.php?rest_route=\/wp\/v2\/posts\/9606","targetHints":{"allow":["GET"]}}],"collection":[{"href":"https:\/\/verdadincomodadiario.ar\/index.php?rest_route=\/wp\/v2\/posts"}],"about":[{"href":"https:\/\/verdadincomodadiario.ar\/index.php?rest_route=\/wp\/v2\/types\/post"}],"author":[{"embeddable":true,"href":"https:\/\/verdadincomodadiario.ar\/index.php?rest_route=\/wp\/v2\/users\/2"}],"replies":[{"embeddable":true,"href":"https:\/\/verdadincomodadiario.ar\/index.php?rest_route=%2Fwp%2Fv2%2Fcomments&post=9606"}],"version-history":[{"count":0,"href":"https:\/\/verdadincomodadiario.ar\/index.php?rest_route=\/wp\/v2\/posts\/9606\/revisions"}],"wp:featuredmedia":[{"embeddable":true,"href":"https:\/\/verdadincomodadiario.ar\/index.php?rest_route=\/wp\/v2\/media\/9607"}],"wp:attachment":[{"href":"https:\/\/verdadincomodadiario.ar\/index.php?rest_route=%2Fwp%2Fv2%2Fmedia&parent=9606"}],"wp:term":[{"taxonomy":"category","embeddable":true,"href":"https:\/\/verdadincomodadiario.ar\/index.php?rest_route=%2Fwp%2Fv2%2Fcategories&post=9606"},{"taxonomy":"post_tag","embeddable":true,"href":"https:\/\/verdadincomodadiario.ar\/index.php?rest_route=%2Fwp%2Fv2%2Ftags&post=9606"}],"curies":[{"name":"wp","href":"https:\/\/api.w.org\/{rel}","templated":true}]}}