{"id":9586,"date":"2025-07-01T22:24:28","date_gmt":"2025-07-01T22:24:28","guid":{"rendered":"https:\/\/verdadincomodadiario.ar\/?p=9586"},"modified":"2025-07-01T22:24:28","modified_gmt":"2025-07-01T22:24:28","slug":"habilitan-un-carril-de-bv-san-juan-tras-finalizar-la-obra-de-demolicion-del-edificio","status":"publish","type":"post","link":"https:\/\/verdadincomodadiario.ar\/?p=9586","title":{"rendered":"Habilitan un carril de Bv. San Juan tras finalizar la obra de demolici\u00f3n del edificio"},"content":{"rendered":"<p>La <a href=\"https:\/\/derechadiario.com.ar\/politica\/cordoba-intentara-imponer-especie-cepo-las-apps-transporte\" title=\"C\u00f3rdoba intentar\u00e1 imponer una especie de cepo a las apps de transporte\">Municipalidad de C\u00f3rdoba<\/a> inform\u00f3 que este lunes <strong>se habilit\u00f3 la calzada norte de Bv\u00a0San Juan, entre las calles Arturo M\u00a0Bas y Corro.<\/strong> <strong>La apertura al tr\u00e1nsito ser\u00e1 a partir de las 17 horas<\/strong>, tras concluir la remoci\u00f3n del revestimiento de ladrillos. La estructura lateral pertenec\u00eda al edificio Mar\u00eda Reina V, donde ocurri\u00f3 el derrumbe.<\/p>\n<p>Guillermo Brasca, integrante de la empresa encargada de los trabajos, confirm\u00f3 que <strong>ya finalizaron los trabajos en el frente del edificio<\/strong>. Indic\u00f3 que se desmont\u00f3 completamente el revestimiento exterior de ladrillos de la pared que presentaba riesgo. <strong>El \u00e1rea hab\u00eda sido cercada a modo<\/strong> de precauci\u00f3n mientras avanzaban las tareas t\u00e9cnicas.<\/p>\n<div class=\"inter_image image_horizontal\">\n<picture><source class=\"img-responsive\" type=\"image\/webp\" data-srcset=\"https:\/\/filesedc.com\/uploads\/image\/post\/2025\/07\/captura-de-pantalla-2025-07-01-183421_300_200.webp 300w, https:\/\/filesedc.com\/uploads\/image\/post\/2025\/07\/captura-de-pantalla-2025-07-01-183421_630_420.webp 630w, https:\/\/filesedc.com\/uploads\/image\/post\/2025\/07\/captura-de-pantalla-2025-07-01-183421_760_507.webp 760w, https:\/\/filesedc.com\/uploads\/image\/post\/2025\/07\/captura-de-pantalla-2025-07-01-183421_1200_800.webp 1200w, https:\/\/filesedc.com\/uploads\/image\/post\/2025\/07\/captura-de-pantalla-2025-07-01-183421_1600_1067.webp 1600w, \"><img decoding=\"async\" src=\"https:\/\/derechadiario.com.ar\/filesedc\/uploads\/image\/post\/2025\/07\/captura-de-pantalla-2025-07-01-183421_1200_800.webp\" class=\"img-responsive lazyload\" alt=\"Calle urbana cerrada por obras con maquinaria y trabajadores, rodeada de edificios y \u00e1rboles\" title=\"Calle urbana cerrada por obras con maquinaria y trabajadores, rodeada de edificios y \u00e1rboles\"><\/picture>\n<div>\n<span class=\"img_footer\">El \u00e1rea hab\u00eda sido cercada a modo de precauci\u00f3n <\/span>| <span class=\"img_author\">La Derecha Diario<\/span>\n<\/div>\n<\/div>\n<h2>Regresa la normalizaci\u00f3n vial a la zona<\/h2>\n<p>Brasca explic\u00f3 que <strong>actualmente se est\u00e1n limpiando los escombros acumulados<\/strong> durante la <a href=\"https:\/\/derechadiario.com.ar\/sociedad\/cordoba-tras-27-dias-comenzo-demolicion-del-edificio-que-colapso-barrio-guemes\" title=\"C\u00f3rdoba: tras 27 d\u00edas, comenz\u00f3 la demolici\u00f3n del edificio que colaps\u00f3 en barrio G\u00fcemes\">etapa de demolici\u00f3n<\/a> del material de fachada. Agreg\u00f3 que reemplazar\u00e1n el vallado de seguridad por uno m\u00e1s peque\u00f1o para liberar espacio en la calle. Una vez finalizada esa tarea, el equipo t\u00e9cnico de la empresa se retirar\u00e1 del lugar.<\/p>\n<p>Ese accionar form\u00f3 parte de un compromiso asumido entre la empresa y el consorcio de propietarios del edificio durante el mes de junio. La intenci\u00f3n fue <strong>evitar un agravamiento de los da\u00f1os causados<\/strong> por el derrumbe ocurrido semanas atr\u00e1s. El hecho tuvo lugar el 17 de mayo y dej\u00f3 como saldo una v\u00edctima fatal y siete heridos.<\/p>\n<aside class=\"are-you-interested-container-photo\"><\/aside>\n<figure><img decoding=\"async\" src=\"https:\/\/derechadiario.com.ar\/filesedc\/uploads\/image\/post\/2025\/07\/captura-de-pantalla-2025-07-01-183628_1200_800.webp\" class=\"img-responsive lazyload\" alt=\"Edificio de ladrillos con una pared lateral parcialmente derrumbada que deja al descubierto la estructura interna\" title=\"Edificio de ladrillos con una pared lateral parcialmente derrumbada que deja al descubierto la estructura interna\"><\/figure>\n<aside class=\"whatsappChannelText\"><a href=\"https:\/\/whatsapp.com\/channel\/0029VagEjILGE56eKjedWF2U\" rel=\"nofollow\" title=\"WhatsApp Link\"><img alt=\"Logo de WhatsApp\" class=\"lazyload\" data-src=\"https:\/\/derechadiario.com.ar\/filesedc\/uploads\/other\/whatsapp_icon_mid_article.png\" width=\"32\" height=\"32\"><\/a> <a href=\"https:\/\/whatsapp.com\/channel\/0029VagEjILGE56eKjedWF2U\" rel=\"nofollow\" title=\"WhatsApp Link\"><strong>NO SE PIERDAN NINGUNA NOTICIA<\/strong>: Click aqu\u00ed para sumarte <strong>GRATIS<\/strong> al canal de noticias de <strong>La Derecha Diario en WhatsApp.<\/strong><\/a><\/aside>\n<h2>Pr\u00f3ximas etapas en la obra<\/h2>\n<p><a href=\"https:\/\/derechadiario.com.ar\/sociedad\/cordoba-municipio-busca-aprobar-julio-nuevo-marco-para-transporte-urbano\" title=\"C\u00f3rdoba: el municipio busca aprobar en julio el nuevo marco para el transporte urbano\">La Municipalidad<\/a> inform\u00f3 que <strong>resta habilitar el otro carril del Bv\u00a0San Juan, aunque todav\u00eda no hay fecha definida para esa segunda etapa<\/strong>. Mientras tanto, el consorcio del edificio deber\u00e1 presentar un nuevo plan de obra correctiva. El plan necesitar\u00e1 ser revisado y aprobado por las autoridades antes de su ejecuci\u00f3n.<\/p>\n<p>Voceros municipales se\u00f1alaron que <strong>tras la reducci\u00f3n del riesgo, los trabajos se concentrar\u00e1n en la zona afectada por el colapso estructural<\/strong>. <strong>El inmueble donde ocurri\u00f3 el siniestro permanece clausurado<\/strong>\u00a0 y bajo control de seguridad urbana. Tambi\u00e9n est\u00e1 previsto que en los pr\u00f3ximos d\u00edas inicie la pericia oficial, sin fecha confirmada.<\/p>\n<p>Asimismo, <strong>comerciantes y vecinos de la zona afectada<\/strong> por el derrumbe expresaron su preocupaci\u00f3n por las consecuencias del corte en Bv\u00a0San Juan. Seg\u00fan manifestaron, <strong>la interrupci\u00f3n del tr\u00e1nsito redujo notablemente la circulaci\u00f3n de personas y afect\u00f3 directamente sus ingresos<\/strong>. Algunos comerciantes aseguran que <strong>las ventas bajaron hasta un 50%<\/strong> desde el inicio de la obra.<\/p>\n","protected":false},"excerpt":{"rendered":"<p>La Municipalidad de C\u00f3rdoba inform\u00f3 que este lunes se habilit\u00f3 la calzada norte de Bv\u00a0San Juan, entre las calles Arturo M\u00a0Bas y Corro. La apertura al tr\u00e1nsito ser\u00e1 a partir de las 17 horas, tras concluir la remoci\u00f3n del revestimiento de ladrillos. La estructura lateral pertenec\u00eda al edificio Mar\u00eda Reina V, donde ocurri\u00f3 el derrumbe. [&hellip;]<\/p>\n","protected":false},"author":2,"featured_media":9587,"comment_status":"open","ping_status":"open","sticky":false,"template":"","format":"standard","meta":{"_et_pb_use_builder":"","_et_pb_old_content":"","_et_gb_content_width":"","footnotes":""},"categories":[84],"tags":[],"class_list":["post-9586","post","type-post","status-publish","format-standard","has-post-thumbnail","hentry","category-ultimomomento"],"_links":{"self":[{"href":"https:\/\/verdadincomodadiario.ar\/index.php?rest_route=\/wp\/v2\/posts\/9586","targetHints":{"allow":["GET"]}}],"collection":[{"href":"https:\/\/verdadincomodadiario.ar\/index.php?rest_route=\/wp\/v2\/posts"}],"about":[{"href":"https:\/\/verdadincomodadiario.ar\/index.php?rest_route=\/wp\/v2\/types\/post"}],"author":[{"embeddable":true,"href":"https:\/\/verdadincomodadiario.ar\/index.php?rest_route=\/wp\/v2\/users\/2"}],"replies":[{"embeddable":true,"href":"https:\/\/verdadincomodadiario.ar\/index.php?rest_route=%2Fwp%2Fv2%2Fcomments&post=9586"}],"version-history":[{"count":0,"href":"https:\/\/verdadincomodadiario.ar\/index.php?rest_route=\/wp\/v2\/posts\/9586\/revisions"}],"wp:featuredmedia":[{"embeddable":true,"href":"https:\/\/verdadincomodadiario.ar\/index.php?rest_route=\/wp\/v2\/media\/9587"}],"wp:attachment":[{"href":"https:\/\/verdadincomodadiario.ar\/index.php?rest_route=%2Fwp%2Fv2%2Fmedia&parent=9586"}],"wp:term":[{"taxonomy":"category","embeddable":true,"href":"https:\/\/verdadincomodadiario.ar\/index.php?rest_route=%2Fwp%2Fv2%2Fcategories&post=9586"},{"taxonomy":"post_tag","embeddable":true,"href":"https:\/\/verdadincomodadiario.ar\/index.php?rest_route=%2Fwp%2Fv2%2Ftags&post=9586"}],"curies":[{"name":"wp","href":"https:\/\/api.w.org\/{rel}","templated":true}]}}