{"id":9578,"date":"2025-07-01T21:24:47","date_gmt":"2025-07-01T21:24:47","guid":{"rendered":"https:\/\/verdadincomodadiario.ar\/?p=9578"},"modified":"2025-07-01T21:24:47","modified_gmt":"2025-07-01T21:24:47","slug":"que-pasaria-si-en-republica-dominicana-se-aplicara-la-motosierra-de-milei","status":"publish","type":"post","link":"https:\/\/verdadincomodadiario.ar\/?p=9578","title":{"rendered":"\u00bfQu\u00e9 pasar\u00eda si en Rep\u00fablica Dominicana se aplicara la motosierra de Milei?"},"content":{"rendered":"<p>Una pol\u00edtica similar a la &#8220;motosierra&#8221; de Javier Milei\u00a0en Rep\u00fablica Dominicana, se aplicar\u00e1\u00a0una pol\u00edtica similar a la &#8220;motosierra&#8221; de Javier Milei caracterizada por recortes dr\u00e1sticos del gasto p\u00fablico, desregulaci\u00f3n y reducci\u00f3n del Estado, los efectos podr\u00edan ser significativos y multidimensionales.\u00a0<\/p>\n<p>Aplicar las mismas pol\u00edticas en Rep\u00fablica Dominicana que se han implementado en Argentina\u00a0 podr\u00eda eliminar gastos innecesarios o programas ineficientes, mejorando la gesti\u00f3n p\u00fablica.<\/p>\n<p>Si se logra reducir el gasto p\u00fablico de manera sostenible, podr\u00eda aliviarse la presi\u00f3n fiscal y mejorar la estabilidad macroecon\u00f3mica, como se ha intentado en Argentina con la devaluaci\u00f3n del peso y recortes presupuestarios.<\/p>\n<p>En Rep\u00fablica Dominicana, medidas similares podr\u00edan ayudar a frenar la inflaci\u00f3n y estabilizar el peso dominicano.<\/p>\n<p>La medida significar\u00eda un ajuste de m\u00e1s de R.D. $ 360 mil millones, suficiente para reordenar las finanzas p\u00fablicas y cambiar la estructura del gasto sin tocar los servicios esenciales.<\/p>\n<p>La desregulaci\u00f3n y apertura econ\u00f3mica en Argentina llevaron a un\u00a0crecimiento del PIB del 8% en abril de 2025, el m\u00e1s alto en a\u00f1os.<\/p>\n<p>Un acontecimiento as\u00ed\u00a0en el pa\u00eds, como\u00a0flexibilizar regulaciones y ofrecer seguridad jur\u00eddica podr\u00eda dinamizar la inversi\u00f3n privada y el empleo.<\/p>\n","protected":false},"excerpt":{"rendered":"<p>Una pol\u00edtica similar a la &#8220;motosierra&#8221; de Javier Milei\u00a0en Rep\u00fablica Dominicana, se aplicar\u00e1\u00a0una pol\u00edtica similar a la &#8220;motosierra&#8221; de Javier Milei caracterizada por recortes dr\u00e1sticos del gasto p\u00fablico, desregulaci\u00f3n y reducci\u00f3n del Estado, los efectos podr\u00edan ser significativos y multidimensionales.\u00a0 Aplicar las mismas pol\u00edticas en Rep\u00fablica Dominicana que se han implementado en Argentina\u00a0 podr\u00eda eliminar [&hellip;]<\/p>\n","protected":false},"author":2,"featured_media":9579,"comment_status":"open","ping_status":"open","sticky":false,"template":"","format":"standard","meta":{"_et_pb_use_builder":"","_et_pb_old_content":"","_et_gb_content_width":"","footnotes":""},"categories":[84],"tags":[],"class_list":["post-9578","post","type-post","status-publish","format-standard","has-post-thumbnail","hentry","category-ultimomomento"],"_links":{"self":[{"href":"https:\/\/verdadincomodadiario.ar\/index.php?rest_route=\/wp\/v2\/posts\/9578","targetHints":{"allow":["GET"]}}],"collection":[{"href":"https:\/\/verdadincomodadiario.ar\/index.php?rest_route=\/wp\/v2\/posts"}],"about":[{"href":"https:\/\/verdadincomodadiario.ar\/index.php?rest_route=\/wp\/v2\/types\/post"}],"author":[{"embeddable":true,"href":"https:\/\/verdadincomodadiario.ar\/index.php?rest_route=\/wp\/v2\/users\/2"}],"replies":[{"embeddable":true,"href":"https:\/\/verdadincomodadiario.ar\/index.php?rest_route=%2Fwp%2Fv2%2Fcomments&post=9578"}],"version-history":[{"count":0,"href":"https:\/\/verdadincomodadiario.ar\/index.php?rest_route=\/wp\/v2\/posts\/9578\/revisions"}],"wp:featuredmedia":[{"embeddable":true,"href":"https:\/\/verdadincomodadiario.ar\/index.php?rest_route=\/wp\/v2\/media\/9579"}],"wp:attachment":[{"href":"https:\/\/verdadincomodadiario.ar\/index.php?rest_route=%2Fwp%2Fv2%2Fmedia&parent=9578"}],"wp:term":[{"taxonomy":"category","embeddable":true,"href":"https:\/\/verdadincomodadiario.ar\/index.php?rest_route=%2Fwp%2Fv2%2Fcategories&post=9578"},{"taxonomy":"post_tag","embeddable":true,"href":"https:\/\/verdadincomodadiario.ar\/index.php?rest_route=%2Fwp%2Fv2%2Ftags&post=9578"}],"curies":[{"name":"wp","href":"https:\/\/api.w.org\/{rel}","templated":true}]}}