{"id":9576,"date":"2025-07-01T21:24:48","date_gmt":"2025-07-01T21:24:48","guid":{"rendered":"https:\/\/verdadincomodadiario.ar\/?p=9576"},"modified":"2025-07-01T21:24:48","modified_gmt":"2025-07-01T21:24:48","slug":"debate-en-r-d-alianza-cristiana-dominicana-entrega-propuesta-pro-aborto","status":"publish","type":"post","link":"https:\/\/verdadincomodadiario.ar\/?p=9576","title":{"rendered":"Debate en R.D.: Alianza Cristiana Dominicana entrega propuesta pro-aborto"},"content":{"rendered":"<p>Un grupo de j\u00f3venes pertenecientes a la\u00a0<strong>Alianza Cristiana Dominicana<\/strong>\u00a0 (ACD) entreg\u00f3\u00a0una carta al senador\u00a0Santiago Zorrilla, miembro de la Comisi\u00f3n de Justicia del Senado, en la que exigen la inclusi\u00f3n de causales para\u00a0despenalizar el aborto\u00a0en el\u00a0C\u00f3digo Penal dominicano.<\/p>\n<p>La iniciativa ha generado un fuerte rechazo entre sectores provida y la Iglesia Cat\u00f3lica, que califican la medida como una\u00a0&#8220;legalizaci\u00f3n del asesinato de inocentes&#8221;.<\/p>\n<p>Los j\u00f3venes, bajo el argumento de\u00a0&#8220;derechos humanos y salud p\u00fablica&#8221;, buscan que se aprueben las tres causales m\u00e1s comunes en las legislaciones pro-aborto:<\/p>\n<ul>\n<li>\n<p><strong>Riesgo para la vida de la madre<\/strong><\/p>\n<\/li>\n<li>\n<p><strong>Inviabilidad fetal<\/strong><\/p>\n<\/li>\n<li>\n<p><strong>Embarazo producto de violaci\u00f3n o incesto<\/strong><\/p>\n<\/li>\n<\/ul>\n<p>Cr\u00edticos se\u00f1alan que estas excepciones abrir\u00edan la puerta a un\u00a0aborto libre\u00a0encubierto, ya que, en la pr\u00e1ctica, se podr\u00edan manipular diagn\u00f3sticos o alegar violencia sexual sin pruebas contundentes.<\/p>\n<p>Organizaciones como\u00a0Vida y Familia Dominicana\u00a0y la\u00a0Conferencia del Episcopado Dominicano\u00a0han condenado la iniciativa, recordando que la\u00a0Constituci\u00f3n dominicana\u00a0(Art. 37) protege la vida\u00a0&#8220;desde la concepci\u00f3n hasta la muerte natural&#8221;. Adem\u00e1s, se\u00f1alan que:<\/p>\n<ul>\n<li>\n<p><strong>El aborto no es un\u00a0&#8220;derecho&#8221;, sino una\u00a0violaci\u00f3n al primer derecho humano: la vida.<\/strong><\/p>\n<\/li>\n<li>\n<p><strong>Existen alternativas como la\u00a0adopci\u00f3n\u00a0y mejores pol\u00edticas de apoyo a madres en crisis.<\/strong><\/p>\n<\/li>\n<li>\n<p><strong>Pa\u00edses que han legalizado el aborto (como Argentina y Colombia) han visto un\u00a0aumento dr\u00e1stico\u00a0en las cifras de interrupciones, sin reducir los problemas sociales que alegan combatir.<\/strong><\/p>\n<\/li>\n<\/ul>\n<p>\u00a0La discusi\u00f3n podr\u00eda polarizarse en los pr\u00f3ximos meses, especialmente en un a\u00f1o electoral donde temas val\u00f3ricos suelen ser utilizados pol\u00edticamente.<\/p>\n","protected":false},"excerpt":{"rendered":"<p>Un grupo de j\u00f3venes pertenecientes a la\u00a0Alianza Cristiana Dominicana\u00a0 (ACD) entreg\u00f3\u00a0una carta al senador\u00a0Santiago Zorrilla, miembro de la Comisi\u00f3n de Justicia del Senado, en la que exigen la inclusi\u00f3n de causales para\u00a0despenalizar el aborto\u00a0en el\u00a0C\u00f3digo Penal dominicano. La iniciativa ha generado un fuerte rechazo entre sectores provida y la Iglesia Cat\u00f3lica, que califican la medida [&hellip;]<\/p>\n","protected":false},"author":2,"featured_media":9577,"comment_status":"open","ping_status":"open","sticky":false,"template":"","format":"standard","meta":{"_et_pb_use_builder":"","_et_pb_old_content":"","_et_gb_content_width":"","footnotes":""},"categories":[84],"tags":[],"class_list":["post-9576","post","type-post","status-publish","format-standard","has-post-thumbnail","hentry","category-ultimomomento"],"_links":{"self":[{"href":"https:\/\/verdadincomodadiario.ar\/index.php?rest_route=\/wp\/v2\/posts\/9576","targetHints":{"allow":["GET"]}}],"collection":[{"href":"https:\/\/verdadincomodadiario.ar\/index.php?rest_route=\/wp\/v2\/posts"}],"about":[{"href":"https:\/\/verdadincomodadiario.ar\/index.php?rest_route=\/wp\/v2\/types\/post"}],"author":[{"embeddable":true,"href":"https:\/\/verdadincomodadiario.ar\/index.php?rest_route=\/wp\/v2\/users\/2"}],"replies":[{"embeddable":true,"href":"https:\/\/verdadincomodadiario.ar\/index.php?rest_route=%2Fwp%2Fv2%2Fcomments&post=9576"}],"version-history":[{"count":0,"href":"https:\/\/verdadincomodadiario.ar\/index.php?rest_route=\/wp\/v2\/posts\/9576\/revisions"}],"wp:featuredmedia":[{"embeddable":true,"href":"https:\/\/verdadincomodadiario.ar\/index.php?rest_route=\/wp\/v2\/media\/9577"}],"wp:attachment":[{"href":"https:\/\/verdadincomodadiario.ar\/index.php?rest_route=%2Fwp%2Fv2%2Fmedia&parent=9576"}],"wp:term":[{"taxonomy":"category","embeddable":true,"href":"https:\/\/verdadincomodadiario.ar\/index.php?rest_route=%2Fwp%2Fv2%2Fcategories&post=9576"},{"taxonomy":"post_tag","embeddable":true,"href":"https:\/\/verdadincomodadiario.ar\/index.php?rest_route=%2Fwp%2Fv2%2Ftags&post=9576"}],"curies":[{"name":"wp","href":"https:\/\/api.w.org\/{rel}","templated":true}]}}