{"id":9574,"date":"2025-07-01T21:24:49","date_gmt":"2025-07-01T21:24:49","guid":{"rendered":"https:\/\/verdadincomodadiario.ar\/?p=9574"},"modified":"2025-07-01T21:24:49","modified_gmt":"2025-07-01T21:24:49","slug":"cordoba-cortes-en-rutas-nacionales-y-provinciales-por-nieve-y-hielo-tras-ola-polar","status":"publish","type":"post","link":"https:\/\/verdadincomodadiario.ar\/?p=9574","title":{"rendered":"C\u00f3rdoba: cortes en rutas nacionales y provinciales por nieve y hielo tras ola polar"},"content":{"rendered":"<p>Una masa de aire polar ingres\u00f3 al centro del pa\u00eds y dej\u00f3 nevadas y aguanieve sobre varias localidades serranas cordobesas durante el fin de semana. En ese contexto, la <a href=\"https:\/\/derechadiario.com.ar\/politica\/escandalo-caminera-cordoba-detalles-causa-y-todos-los-implicados\" title=\"Esc\u00e1ndalo de la Caminera de C\u00f3rdoba: detalles de la causa y todos los implicados\">Polic\u00eda Caminera de C\u00f3rdoba<\/a> advirti\u00f3 que <strong>varios tramos presentan hielo acumulado y resolvi\u00f3 interrumpir la circulaci\u00f3n para evitar siniestros.<\/strong> El operativo incluye desv\u00edos y controles de velocidad.<\/p>\n<p>Desde primeras horas del domingo qued\u00f3 cerrado el tramo de la ruta nacional\u202f38 donde la nieve form\u00f3 una capa resbaladiza que impide el tr\u00e1nsito seguro. <strong><a href=\"https:\/\/derechadiario.com.ar\/sociedad\/cayo-jefe-caminera-cordoba-corrupcion-bandas-criminales-y-escandalo\" title=\"Cay\u00f3 el jefe de la Caminera en C\u00f3rdoba: corrupci\u00f3n, bandas criminales y esc\u00e1ndalo\">La Caminera<\/a> dispuso un corte en la Ruta Provincial\u202f28<\/strong>, afectada por desmoronamientos junto a los t\u00faneles de Taninga, Pareja de los Potreros y El\u202fCadillo. <strong>Completan el cuadro bloqueos en el Camino del Cuadrado y las Altas Cumbres<\/strong>, donde el hielo cubre la ruta y obliga a detener la circulaci\u00f3n.<\/p>\n<p><strong>La fuerza recomend\u00f3 circular con luces, disminuir la velocidad y respetar la se\u00f1alizaci\u00f3n, pues persisten tramos con aguanieve y baja visibilidad.<\/strong> Paralelamente, el Servicio Meteorol\u00f3gico Nacional emiti\u00f3 una alerta por fr\u00edo extremo que abarca el norte, oeste y sur provincial para las pr\u00f3ximas horas. El organismo record\u00f3 que &#8220;las temperaturas extremas pueden ser peligrosas para grupos de riesgo&#8221; e inst\u00f3 a extremar cuidados en hogares y traslados.<\/p>\n<div class=\"inter_image image_horizontal\">\n<picture><source class=\"img-responsive\" type=\"image\/webp\" data-srcset=\"https:\/\/filesedc.com\/uploads\/image\/post\/2025\/07\/captura-de-pantalla-2025-07-01-143843_300_200.webp 300w, https:\/\/filesedc.com\/uploads\/image\/post\/2025\/07\/captura-de-pantalla-2025-07-01-143843_630_420.webp 630w, https:\/\/filesedc.com\/uploads\/image\/post\/2025\/07\/captura-de-pantalla-2025-07-01-143843_760_507.webp 760w, https:\/\/filesedc.com\/uploads\/image\/post\/2025\/07\/captura-de-pantalla-2025-07-01-143843_1200_800.webp 1200w, https:\/\/filesedc.com\/uploads\/image\/post\/2025\/07\/captura-de-pantalla-2025-07-01-143843_1600_1067.webp 1600w, \"><img decoding=\"async\" src=\"https:\/\/derechadiario.com.ar\/filesedc\/uploads\/image\/post\/2025\/07\/captura-de-pantalla-2025-07-01-143843_1200_800.webp\" class=\"img-responsive lazyload\" alt=\"Un auto naranja circula por un camino de terracer\u00eda rodeado de \u00e1rboles cubiertos de escarcha en un ambiente fr\u00edo y neblinoso.\" title=\"Un auto naranja circula por un camino de terracer\u00eda rodeado de \u00e1rboles cubiertos de escarcha en un ambiente fr\u00edo y neblinoso.\"><\/picture>\n<div>\n<span class=\"img_footer\">Ruta Provincial 28, con corte dispuesto por la caminera <\/span>| <span class=\"img_author\">La Derecha Diario<\/span>\n<\/div>\n<\/div>\n<h2>Estado de las rutas y desv\u00edos vigentes<\/h2>\n<p>En la nacional\u202f38 hubo retenes en los accesos a Capilla del Monte y <a href=\"https:\/\/derechadiario.com.ar\/politica\/intendente-valle-hermoso-despilfarra-recursos-publicos-agenda-genero\" title=\"El intendente de Valle Hermoso despilfarra recursos p\u00fablicos en la agenda de g\u00e9nero\">Valle Hermoso<\/a>, porque <strong>la nieve super\u00f3 cinco cent\u00edmetros sobre puentes y banquinas.<\/strong> Vialidad esparci\u00f3 sal y mueve motoniveladoras para despejar el hielo, aunque <strong>las temperaturas bajo cero dificultaron el derretimiento y extienden la clausura.<\/strong> Quienes viajen a Punilla deben usar los desv\u00edos indicados por la ruta\u202fE\u201155 y la autopista Justiniano Posse, donde el tr\u00e1nsito es m\u00e1s lento pero constante.<\/p>\n<aside class=\"are-you-interested-container-photo\"><\/aside>\n<p><strong>La Ruta Provincial\u202f28 estuvo cerrada entre Taninga y El\u202fCadillo<\/strong> debido a desmoronamientos que dejaron rocas sobre la calzada y comprometen la seguridad vial. <strong>Los trabajos de remoci\u00f3n comenzaron el domingo<\/strong> y durar\u00e1n varios d\u00edas, ya que las m\u00e1quinas deben operar con precauci\u00f3n por la inestabilidad del talud. Se aconseja a quienes circulan rumbo a La\u202fRioja posponer el viaje o desviar por la ruta\u202f148, opci\u00f3n que agrega aproximadamente una hora de recorrido.<\/p>\n<p><strong>El Camino del Cuadrado y la ruta de Altas Cumbres estuvieron clausurados porque el congelamiento forma planchones<\/strong> que hacen cr\u00edtica la maniobra de frenado. Guardaparques y gendarmes colocaron vallas en la Usina Bamba y el ingreso a Mina Clavero para evitar que conductores se aventuren pese a la prohibici\u00f3n.<\/p>\n<figure><img decoding=\"async\" src=\"https:\/\/derechadiario.com.ar\/filesedc\/uploads\/image\/post\/2025\/07\/captura-de-pantalla-2025-07-01-143648_1200_800.webp\" class=\"img-responsive lazyload\" alt=\"Cartel azul en la carretera que indica que el camino Altas Cumbres est\u00e1 cerrado por hielo con nieve alrededor\" title=\"Cartel azul en la carretera que indica que el camino Altas Cumbres est\u00e1 cerrado por hielo con nieve alrededor\"><\/figure>\n<h2>Impacto del fr\u00edo en el interior serrano<\/h2>\n<p><strong>La ola polar cubri\u00f3 localidades como La\u202fCumbrecita, Los\u202fCocos y Villa\u202fGiardino<\/strong>, donde la nieve tap\u00f3 techos y \u00e1rboles y gener\u00f3 postales inesperadas. <strong>En Pampa de Achala la m\u00ednima fue de -9\u202f\u00b0C y en La\u202fFalda marc\u00f3 -4\u202f\u00b0C.<\/strong>\u00a0 Estas\u00a0temperaturas forzaron la cancelaci\u00f3n de excursiones y el cierre de complejos tur\u00edsticos.<\/p>\n<p><strong>El SMN aconsej\u00f3 refugiarse<\/strong> en ambientes calefaccionados, ventilar y revisar estufas para evitar intoxicaciones por mon\u00f3xido y cuadros respiratorios. El parte se\u00f1ala que ni\u00f1os, adultos mayores y pacientes cr\u00f3nicos son m\u00e1s vulnerables, por lo que deben evitar salir durante la madrugada y el amanecer. Tambi\u00e9n se recomend\u00f3 ingerir bebidas calientes y comidas energ\u00e9ticas, pr\u00e1ctica que ayuda a sostener la temperatura corporal en d\u00edas bajo cero.<\/p>\n<figure><img decoding=\"async\" src=\"https:\/\/derechadiario.com.ar\/filesedc\/uploads\/image\/post\/2025\/07\/captura-de-pantalla-2025-07-01-144223_1200_1600.webp\" class=\"img-responsive lazyload\" alt=\"Mapa de Argentina con regiones en verde y amarillo que indica alertas por temperaturas extremas por fr\u00edo\" title=\"Mapa de Argentina con regiones en verde y amarillo que indica alertas por temperaturas extremas por fr\u00edo\"><\/figure>\n<h2>Pron\u00f3stico extendido para los pr\u00f3ximos d\u00edas<\/h2>\n<p><strong>El Servicio Meteorol\u00f3gico pronostica m\u00e1ximas inferiores a 10\u202f\u00b0C hasta el s\u00e1bado<\/strong>, con amaneceres g\u00e9lidos y nubosidad variable sobre la ciudad. <strong>Se descartan nuevas nevadas en el llano<\/strong>, pero la presencia de heladas matinales exigir\u00e1 precauci\u00f3n extra en calzadas h\u00famedas y zonas de sombra prolongada.<\/p>\n<p>Lunes\u202f30: M\u00e1x\u202f9\u202f\u00b0C \/ M\u00edn\u202f-1\u202f\u00b0C \u2022 Cielo algo a parcialmente nublado<\/p>\n<aside class=\"whatsappChannelText\"><a href=\"https:\/\/whatsapp.com\/channel\/0029VagEjILGE56eKjedWF2U\" rel=\"nofollow\" title=\"WhatsApp Link\"><img alt=\"Logo de WhatsApp\" class=\"lazyload\" data-src=\"https:\/\/derechadiario.com.ar\/filesedc\/uploads\/other\/whatsapp_icon_mid_article.png\" width=\"32\" height=\"32\"><\/a> <a href=\"https:\/\/whatsapp.com\/channel\/0029VagEjILGE56eKjedWF2U\" rel=\"nofollow\" title=\"WhatsApp Link\"><strong>NO SE PIERDAN NINGUNA NOTICIA<\/strong>: Click aqu\u00ed para sumarte <strong>GRATIS<\/strong> al canal de noticias de <strong>La Derecha Diario en WhatsApp.<\/strong><\/a><\/aside>\n<p>Martes\u202f1: M\u00e1x\u202f12\u202f\u00b0C \/ M\u00edn\u202f-1\u202f\u00b0C \u2022 Cielo algo nublado<\/p>\n<p>Mi\u00e9rcoles\u202f2: M\u00e1x\u202f14\u202f\u00b0C \/ M\u00edn\u202f-1\u202f\u00b0C \u2022 Cielo parcialmente nublado<\/p>\n<p>Jueves\u202f3: M\u00e1x\u202f14\u202f\u00b0C \/ M\u00edn\u202f1\u202f\u00b0C \u2022 Cielo parcialmente nublado<\/p>\n<p>Viernes\u202f4: M\u00e1x\u202f15\u202f\u00b0C \/ M\u00edn\u202f5\u202f\u00b0C \u2022 Cielo parcialmente nublado<\/p>\n<p>S\u00e1bado\u202f5: M\u00e1x\u202f16\u202f\u00b0C \/ M\u00edn\u202f10\u202f\u00b0C \u2022 Cielo mayor a parcialmente nublado<\/p>\n","protected":false},"excerpt":{"rendered":"<p>Una masa de aire polar ingres\u00f3 al centro del pa\u00eds y dej\u00f3 nevadas y aguanieve sobre varias localidades serranas cordobesas durante el fin de semana. En ese contexto, la Polic\u00eda Caminera de C\u00f3rdoba advirti\u00f3 que varios tramos presentan hielo acumulado y resolvi\u00f3 interrumpir la circulaci\u00f3n para evitar siniestros. El operativo incluye desv\u00edos y controles de [&hellip;]<\/p>\n","protected":false},"author":2,"featured_media":9575,"comment_status":"open","ping_status":"open","sticky":false,"template":"","format":"standard","meta":{"_et_pb_use_builder":"","_et_pb_old_content":"","_et_gb_content_width":"","footnotes":""},"categories":[84],"tags":[],"class_list":["post-9574","post","type-post","status-publish","format-standard","has-post-thumbnail","hentry","category-ultimomomento"],"_links":{"self":[{"href":"https:\/\/verdadincomodadiario.ar\/index.php?rest_route=\/wp\/v2\/posts\/9574","targetHints":{"allow":["GET"]}}],"collection":[{"href":"https:\/\/verdadincomodadiario.ar\/index.php?rest_route=\/wp\/v2\/posts"}],"about":[{"href":"https:\/\/verdadincomodadiario.ar\/index.php?rest_route=\/wp\/v2\/types\/post"}],"author":[{"embeddable":true,"href":"https:\/\/verdadincomodadiario.ar\/index.php?rest_route=\/wp\/v2\/users\/2"}],"replies":[{"embeddable":true,"href":"https:\/\/verdadincomodadiario.ar\/index.php?rest_route=%2Fwp%2Fv2%2Fcomments&post=9574"}],"version-history":[{"count":0,"href":"https:\/\/verdadincomodadiario.ar\/index.php?rest_route=\/wp\/v2\/posts\/9574\/revisions"}],"wp:featuredmedia":[{"embeddable":true,"href":"https:\/\/verdadincomodadiario.ar\/index.php?rest_route=\/wp\/v2\/media\/9575"}],"wp:attachment":[{"href":"https:\/\/verdadincomodadiario.ar\/index.php?rest_route=%2Fwp%2Fv2%2Fmedia&parent=9574"}],"wp:term":[{"taxonomy":"category","embeddable":true,"href":"https:\/\/verdadincomodadiario.ar\/index.php?rest_route=%2Fwp%2Fv2%2Fcategories&post=9574"},{"taxonomy":"post_tag","embeddable":true,"href":"https:\/\/verdadincomodadiario.ar\/index.php?rest_route=%2Fwp%2Fv2%2Ftags&post=9574"}],"curies":[{"name":"wp","href":"https:\/\/api.w.org\/{rel}","templated":true}]}}