{"id":9524,"date":"2025-07-01T16:27:55","date_gmt":"2025-07-01T16:27:55","guid":{"rendered":"https:\/\/verdadincomodadiario.ar\/?p=9524"},"modified":"2025-07-01T16:27:55","modified_gmt":"2025-07-01T16:27:55","slug":"el-presidente-yamandu-orsi-volvio-a-mostrarse-como-un-entusiasta-defensor-de-la-agenda","status":"publish","type":"post","link":"https:\/\/verdadincomodadiario.ar\/?p=9524","title":{"rendered":"El presidente Yamand\u00fa Orsi volvi\u00f3 a mostrarse como un entusiasta defensor de la Agenda"},"content":{"rendered":"<p><strong>El presidente Yamand\u00fa Orsi volvi\u00f3 a mostrarse como un entusiasta defensor de la Agenda 2030 de Naciones Unidas<\/strong>, al destacar este fin de semana, durante el lanzamiento de la Plataforma de Sevilla, que \u201cun tercio de la Agenda 2030 se cumpli\u00f3\u201d. <strong>La frase busca transmitir optimismo, pero deja en evidencia el verdadero problema: un pa\u00eds que sigue atado a un programa internacional dise\u00f1ado lejos de sus realidades, prioridades y necesidades.<\/strong><\/p>\n<p><strong>Orsi celebr\u00f3 que \u201chay gente que logr\u00f3 salir de la situaci\u00f3n en la que estaba\u201d<\/strong>, como si los resultados fueran m\u00e9rito de los costosos planes estatales impulsados bajo la bandera de la Agenda 2030. La realidad es que ese progreso, all\u00ed donde existe, ha sido posible gracias al esfuerzo de individuos y empresas que sortean a diario las trabas burocr\u00e1ticas y regulatorias que estos mismos marcos globalistas promueven.<\/p>\n<p>Quiz\u00e1s tambi\u00e9n te interese <a href=\"https:\/\/derechadiario.com.ar\/uruguay\/politica\/mujica-delato-sus-companeros-y-colaboro-con-los-militares-1972\">este repaso hist\u00f3rico sobre personajes que marcaron el pasado reciente de Uruguay<\/a>.<\/p>\n<p><strong>La Plataforma de Sevilla fue presentada como un \u201cacto de optimismo\u201d, en palabras de Orsi<\/strong>. Pero detr\u00e1s de ese optimismo se esconde el mismo modelo que ya ha fracasado: <strong>m\u00e1s compromisos internacionales, m\u00e1s informes, m\u00e1s foros y menos soluciones concretas para un pa\u00eds que necesita menos discursos y m\u00e1s libertades econ\u00f3micas.<\/strong><\/p>\n<p><strong>Los dos tercios de metas a\u00fan pendientes no se deben a falta de voluntad de los pueblos<\/strong>, sino al error de apostar por agendas impuestas desde organismos internacionales que privilegian la planificaci\u00f3n centralizada sobre el dinamismo del mercado y la iniciativa privada.<\/p>\n<p>Quiz\u00e1s tambi\u00e9n te interese <a href=\"https:\/\/derechadiario.com.ar\/uruguay\/opinion\/asi-luce-socialdemocracia\">un an\u00e1lisis sobre fen\u00f3menos pol\u00edticos en otras regiones<\/a>.<\/p>\n<p><strong>Uruguay no necesita nuevas plataformas ni conferencias<\/strong>: necesita menos impuestos, menos trabas al comercio, menos regulaciones asfixiantes y un Estado que se limite a cumplir un rol facilitador. <strong>Los desaf\u00edos del desarrollo no se resuelven rindiendo cuentas a bur\u00f3cratas en Ginebra o Nueva York, sino dejando de lado las recetas globalistas y confiando en la capacidad productiva de su gente.<\/strong><\/p>\n<p><strong>El presidente vuelve de Sevilla con compromisos renovados ante Naciones Unidas<\/strong>, pero lo que el pa\u00eds espera es un compromiso firme con el crecimiento, la libertad y la prosperidad que solo el mercado puede ofrecer.<\/p>\n","protected":false},"excerpt":{"rendered":"<p>El presidente Yamand\u00fa Orsi volvi\u00f3 a mostrarse como un entusiasta defensor de la Agenda 2030 de Naciones Unidas, al destacar este fin de semana, durante el lanzamiento de la Plataforma de Sevilla, que \u201cun tercio de la Agenda 2030 se cumpli\u00f3\u201d. La frase busca transmitir optimismo, pero deja en evidencia el verdadero problema: un pa\u00eds [&hellip;]<\/p>\n","protected":false},"author":2,"featured_media":9525,"comment_status":"open","ping_status":"open","sticky":false,"template":"","format":"standard","meta":{"_et_pb_use_builder":"","_et_pb_old_content":"","_et_gb_content_width":"","footnotes":""},"categories":[84],"tags":[],"class_list":["post-9524","post","type-post","status-publish","format-standard","has-post-thumbnail","hentry","category-ultimomomento"],"_links":{"self":[{"href":"https:\/\/verdadincomodadiario.ar\/index.php?rest_route=\/wp\/v2\/posts\/9524","targetHints":{"allow":["GET"]}}],"collection":[{"href":"https:\/\/verdadincomodadiario.ar\/index.php?rest_route=\/wp\/v2\/posts"}],"about":[{"href":"https:\/\/verdadincomodadiario.ar\/index.php?rest_route=\/wp\/v2\/types\/post"}],"author":[{"embeddable":true,"href":"https:\/\/verdadincomodadiario.ar\/index.php?rest_route=\/wp\/v2\/users\/2"}],"replies":[{"embeddable":true,"href":"https:\/\/verdadincomodadiario.ar\/index.php?rest_route=%2Fwp%2Fv2%2Fcomments&post=9524"}],"version-history":[{"count":0,"href":"https:\/\/verdadincomodadiario.ar\/index.php?rest_route=\/wp\/v2\/posts\/9524\/revisions"}],"wp:featuredmedia":[{"embeddable":true,"href":"https:\/\/verdadincomodadiario.ar\/index.php?rest_route=\/wp\/v2\/media\/9525"}],"wp:attachment":[{"href":"https:\/\/verdadincomodadiario.ar\/index.php?rest_route=%2Fwp%2Fv2%2Fmedia&parent=9524"}],"wp:term":[{"taxonomy":"category","embeddable":true,"href":"https:\/\/verdadincomodadiario.ar\/index.php?rest_route=%2Fwp%2Fv2%2Fcategories&post=9524"},{"taxonomy":"post_tag","embeddable":true,"href":"https:\/\/verdadincomodadiario.ar\/index.php?rest_route=%2Fwp%2Fv2%2Ftags&post=9524"}],"curies":[{"name":"wp","href":"https:\/\/api.w.org\/{rel}","templated":true}]}}