{"id":9490,"date":"2025-07-01T13:27:05","date_gmt":"2025-07-01T13:27:05","guid":{"rendered":"https:\/\/verdadincomodadiario.ar\/?p=9490"},"modified":"2025-07-01T13:27:05","modified_gmt":"2025-07-01T13:27:05","slug":"cientificos-revelaron-la-edad-exacta-de-las-rocas-mas-antiguas-del-planeta","status":"publish","type":"post","link":"https:\/\/verdadincomodadiario.ar\/?p=9490","title":{"rendered":"Cient\u00edficos revelaron la edad exacta de las rocas m\u00e1s antiguas del planeta"},"content":{"rendered":"<p>Un <strong><a href=\"https:\/\/derechadiario.com.ar\/sociedad\/descubren-latidos-manto-terrestre-que-podrian-abrir-oceano-bajo-africa\" title=\"Descubren latidos en el manto terrestre que podr\u00edan abrir un oc\u00e9ano bajo \u00c1frica\">nuevo estudio<\/a> confirm\u00f3 la edad exacta<\/strong> de un conjunto de <strong>formaciones rocosas<\/strong> en el noreste de <strong>Canad\u00e1<\/strong>. El hallazgo pone fin a un debate cient\u00edfico que dur\u00f3 m\u00e1s de 15 a\u00f1os.<\/p>\n<p>Las <strong>rocas del cintur\u00f3n Nuvvuagittuq<\/strong>, ubicadas cerca de la bah\u00eda de Hudson, fueron analizadas con t\u00e9cnicas precisas y se determin\u00f3 que datan de hace <strong>4.160 millones de a\u00f1os<\/strong>. Esto las convierte en las m\u00e1s antiguas conocidas de la <a href=\"https:\/\/derechadiario.com.ar\/sociedad\/africa-se-divide-cientificos-advierten-que-nuevo-oceano-cambiaria-continente\" title=\"\u00c1frica se divide: cient\u00edficos advierten que un nuevo oc\u00e9ano cambiar\u00eda el continente\">superficie terrestre<\/a>.<\/p>\n<div class=\"inter_image image_horizontal\">\n<picture><source class=\"img-responsive\" type=\"image\/webp\" data-srcset=\"https:\/\/filesedc.com\/uploads\/image\/post\/2025\/07\/cientificos-canada-piedras-mas-antiguas_300_200.webp 300w, https:\/\/filesedc.com\/uploads\/image\/post\/2025\/07\/cientificos-canada-piedras-mas-antiguas_630_420.webp 630w, https:\/\/filesedc.com\/uploads\/image\/post\/2025\/07\/cientificos-canada-piedras-mas-antiguas_760_507.webp 760w, https:\/\/filesedc.com\/uploads\/image\/post\/2025\/07\/cientificos-canada-piedras-mas-antiguas_1200_800.webp 1200w, https:\/\/filesedc.com\/uploads\/image\/post\/2025\/07\/cientificos-canada-piedras-mas-antiguas_1600_1067.webp 1600w, \"><img decoding=\"async\" src=\"https:\/\/derechadiario.com.ar\/filesedc\/uploads\/image\/post\/2025\/07\/cientificos-canada-piedras-mas-antiguas_1200_800.webp\" class=\"img-responsive lazyload\" alt=\"Tres personas de pie sobre rocas junto a un lago en un paisaje natural, con equipo de excursi\u00f3n y herramientas\" title=\"Tres personas de pie sobre rocas junto a un lago en un paisaje natural, con equipo de excursi\u00f3n y herramientas\"><\/picture>\n<div>\n<span class=\"img_footer\">Christian Sole, Hanika Rizo y Jonathan O&#8217;Neil, coautores del estudio <\/span>| <span class=\"img_author\">La Derecha Diario<\/span>\n<\/div>\n<\/div>\n<h2><strong>\u00bfD\u00f3nde est\u00e1n y por qu\u00e9 son tan importantes?<\/strong><\/h2>\n<p>El hallazgo se dio en el <strong>Cintur\u00f3n de Piedra Verde de Nuvvuagittuq<\/strong>, en Quebec, Canad\u00e1. Se trata de un \u00e1rea remota, cerca del municipio inuit de Inukjuak.<\/p>\n<p>Estas formaciones corresponden al <em>e\u00f3n H\u00e1dico<\/em>, el primer cap\u00edtulo de la historia de la Tierra. El planeta era un entorno volc\u00e1nico extremo y todav\u00eda no exist\u00eda la vida.<\/p>\n<h2><strong>Una discusi\u00f3n cient\u00edfica que dur\u00f3 m\u00e1s de 15 a\u00f1os<\/strong><\/h2>\n<p>La comunidad cient\u00edfica discut\u00eda hace m\u00e1s de una d\u00e9cada la edad real de estas rocas. Estudios anteriores estimaban entre 3.300 y 4.300 millones de a\u00f1os, pero no hab\u00eda consenso.<\/p>\n<figure><img decoding=\"async\" src=\"https:\/\/derechadiario.com.ar\/filesedc\/uploads\/image\/post\/2025\/07\/piedras-mas-antiguas-tierra_1200_800.webp\" class=\"img-responsive lazyload\" alt=\"Cuchillo de mango de madera sobre una roca con vetas oscuras y claras\" title=\"Cuchillo de mango de madera sobre una roca con vetas oscuras y claras\"><\/figure>\n<p>Seg\u00fan el ge\u00f3logo <strong>Jonathan O\u2019Neil<\/strong>, autor del estudio publicado en la revista Science, esta nueva investigaci\u00f3n fue clave porque se analizaron muestras de una zona nunca antes estudiada.<\/p>\n<h3><strong>\u00bfC\u00f3mo se determin\u00f3 la edad?<\/strong><\/h3>\n<p>Los investigadores usaron dos m\u00e9todos de dataci\u00f3n radiom\u00e9trica distintos: uno basado en <strong>samario y neodimio<\/strong>, y otro, m\u00e1s preciso, en <strong>uranio y plomo<\/strong>.<\/p>\n<aside class=\"whatsappChannelText\"><a href=\"https:\/\/whatsapp.com\/channel\/0029VagEjILGE56eKjedWF2U\" rel=\"nofollow\" title=\"WhatsApp Link\"><img alt=\"Logo de WhatsApp\" class=\"lazyload\" data-src=\"https:\/\/derechadiario.com.ar\/filesedc\/uploads\/other\/whatsapp_icon_mid_article.png\" width=\"32\" height=\"32\"><\/a> <a href=\"https:\/\/whatsapp.com\/channel\/0029VagEjILGE56eKjedWF2U\" rel=\"nofollow\" title=\"WhatsApp Link\"><strong>NO SE PIERDAN NINGUNA NOTICIA<\/strong>: Click aqu\u00ed para sumarte <strong>GRATIS<\/strong> al canal de noticias de <strong>La Derecha Diario en WhatsApp.<\/strong><\/a><\/aside>\n<figure><img decoding=\"async\" src=\"https:\/\/derechadiario.com.ar\/filesedc\/uploads\/image\/post\/2025\/07\/piedras-mas-viejas-de-la-tierra_1200_800.webp\" class=\"img-responsive lazyload\" alt=\"Superficie de granito con textura moteada en tonos oscuros y destellos claros\" title=\"Superficie de granito con textura moteada en tonos oscuros y destellos claros\"><\/figure>\n<p>Ambos coincidieron en la misma cifra: <strong>4.160 millones de a\u00f1os<\/strong>. Eso coloca a estas rocas por encima del Complejo Acasta, que tiene 4.030 millones.<\/p>\n<h2><strong>\u00bfPor qu\u00e9 esto cambia lo que sabemos del planeta?<\/strong><\/h2>\n<p>Este descubrimiento ofrece una <strong>ventana \u00fanica a los or\u00edgenes de la Tierra<\/strong>. Las rocas no solo son antiguas, sino que preservan huellas qu\u00edmicas del contacto con agua.<\/p>\n<p>Se cree que algunas intrusiones rocosas se enfriaron cuando <em>lluvias primigenias<\/em> cayeron sobre magma. Esa agua se habr\u00eda evaporado de los primeros mares del planeta.<\/p>\n<figure><img decoding=\"async\" src=\"https:\/\/derechadiario.com.ar\/filesedc\/uploads\/image\/post\/2025\/07\/canada-piedras-mas-antiguas_1200_800.webp\" class=\"img-responsive lazyload\" alt=\"Formaciones rocosas oscuras junto a un cuerpo de agua bajo un cielo parcialmente nublado\" title=\"Formaciones rocosas oscuras junto a un cuerpo de agua bajo un cielo parcialmente nublado\"><\/figure>\n<h3><strong>Una c\u00e1psula del tiempo geol\u00f3gica<\/strong><\/h3>\n<p>Estas rocas permiten a los cient\u00edficos reconstruir c\u00f3mo se form\u00f3 la <strong>corteza terrestre<\/strong> y entender el entorno donde posiblemente surgi\u00f3 la vida.<\/p>\n<p>\u201cComprender estas rocas es volver al origen del planeta\u201d, sostuvo O\u2019Neil. El hallazgo abre nuevas puertas para estudiar la evoluci\u00f3n de la Tierra antes de que existiera la vida tal como la conocemos.<\/p>\n","protected":false},"excerpt":{"rendered":"<p>Un nuevo estudio confirm\u00f3 la edad exacta de un conjunto de formaciones rocosas en el noreste de Canad\u00e1. El hallazgo pone fin a un debate cient\u00edfico que dur\u00f3 m\u00e1s de 15 a\u00f1os. Las rocas del cintur\u00f3n Nuvvuagittuq, ubicadas cerca de la bah\u00eda de Hudson, fueron analizadas con t\u00e9cnicas precisas y se determin\u00f3 que datan de [&hellip;]<\/p>\n","protected":false},"author":2,"featured_media":9491,"comment_status":"open","ping_status":"open","sticky":false,"template":"","format":"standard","meta":{"_et_pb_use_builder":"","_et_pb_old_content":"","_et_gb_content_width":"","footnotes":""},"categories":[84],"tags":[],"class_list":["post-9490","post","type-post","status-publish","format-standard","has-post-thumbnail","hentry","category-ultimomomento"],"_links":{"self":[{"href":"https:\/\/verdadincomodadiario.ar\/index.php?rest_route=\/wp\/v2\/posts\/9490","targetHints":{"allow":["GET"]}}],"collection":[{"href":"https:\/\/verdadincomodadiario.ar\/index.php?rest_route=\/wp\/v2\/posts"}],"about":[{"href":"https:\/\/verdadincomodadiario.ar\/index.php?rest_route=\/wp\/v2\/types\/post"}],"author":[{"embeddable":true,"href":"https:\/\/verdadincomodadiario.ar\/index.php?rest_route=\/wp\/v2\/users\/2"}],"replies":[{"embeddable":true,"href":"https:\/\/verdadincomodadiario.ar\/index.php?rest_route=%2Fwp%2Fv2%2Fcomments&post=9490"}],"version-history":[{"count":0,"href":"https:\/\/verdadincomodadiario.ar\/index.php?rest_route=\/wp\/v2\/posts\/9490\/revisions"}],"wp:featuredmedia":[{"embeddable":true,"href":"https:\/\/verdadincomodadiario.ar\/index.php?rest_route=\/wp\/v2\/media\/9491"}],"wp:attachment":[{"href":"https:\/\/verdadincomodadiario.ar\/index.php?rest_route=%2Fwp%2Fv2%2Fmedia&parent=9490"}],"wp:term":[{"taxonomy":"category","embeddable":true,"href":"https:\/\/verdadincomodadiario.ar\/index.php?rest_route=%2Fwp%2Fv2%2Fcategories&post=9490"},{"taxonomy":"post_tag","embeddable":true,"href":"https:\/\/verdadincomodadiario.ar\/index.php?rest_route=%2Fwp%2Fv2%2Ftags&post=9490"}],"curies":[{"name":"wp","href":"https:\/\/api.w.org\/{rel}","templated":true}]}}