{"id":9452,"date":"2025-07-01T00:32:16","date_gmt":"2025-07-01T00:32:16","guid":{"rendered":"https:\/\/verdadincomodadiario.ar\/?p=9452"},"modified":"2025-07-01T00:32:16","modified_gmt":"2025-07-01T00:32:16","slug":"el-presidente-noboa-atrajo-inversion-de-usd-700-millones-con-megaproyectos-solares","status":"publish","type":"post","link":"https:\/\/verdadincomodadiario.ar\/?p=9452","title":{"rendered":"El presidente Noboa atrajo inversi\u00f3n de USD 700 millones con megaproyectos solares"},"content":{"rendered":"<p>El presidente <strong>Daniel Noboa<\/strong> consolid\u00f3 una alianza estrat\u00e9gica con la empresa <strong>Cox<\/strong>, que invertir\u00e1 m\u00e1s de 700 millones de d\u00f3lares en ocho concesiones solares en Ecuador. Este acuerdo fue firmado durante la Conferencia de la ONU sobre Financiaci\u00f3n para el Desarrollo en Sevilla, un evento clave donde se discutieron los retos globales en materia de desarrollo sostenible y transici\u00f3n energ\u00e9tica.<\/p>\n<p>El proyecto contempla m\u00e1s de 600 MW de energ\u00eda solar combinados con 1.200 MW de almacenamiento en bater\u00edas, adem\u00e1s de una nueva l\u00ednea de transmisi\u00f3n que <a href=\"https:\/\/derechadiario.com.ar\/ecuador\/politica\/consejo-evalua-patrimonios-para-blindar-eleccion-del-nuevo-fiscal\" title=\"El Consejo eval\u00faa patrimonios para blindar la elecci\u00f3n del nuevo fiscal\">fortalecer\u00e1 significativamente el sistema<\/a> el\u00e9ctrico nacional. Estas infraestructuras no solo mejorar\u00e1n la estabilidad energ\u00e9tica del pa\u00eds, sino que tambi\u00e9n abrir\u00e1n nuevas posibilidades para la expansi\u00f3n de <strong>industrias limpias<\/strong>.<\/p>\n<p>Se estima que los proyectos iniciar\u00e1n operaciones entre 2026 y 2027, permitiendo que <strong>Ecuador avance con firmeza hacia su meta de descarbonizaci\u00f3n<\/strong>. Las obras se desarrollar\u00e1n en las provincias de Loja, Pichincha y Chimborazo, incluyendo los proyectos La Ceiba I y II, M\u00e1tala, Tocachi, Malchingu\u00ed e Ilapo I y II.<\/p>\n<p>Esta inversi\u00f3n generar\u00e1 hasta <strong>3.000 empleos<\/strong> y contribuir\u00e1 a diversificar la matriz energ\u00e9tica del pa\u00eds, impulsando la sostenibilidad y reduciendo la dependencia de combustibles f\u00f3siles. Adem\u00e1s, se prev\u00e9 una dinamizaci\u00f3n de las econom\u00edas locales a trav\u00e9s de la contrataci\u00f3n de proveedores regionales y capacitaci\u00f3n t\u00e9cnica de mano de obra local.<\/p>\n<div class=\"inter_image image_horizontal\">\n<picture><source class=\"img-responsive\" type=\"image\/webp\" data-srcset=\"https:\/\/filesedc.com\/uploads\/image\/post\/2025\/06\/screenshot-2025-06-30-at-14-15-09-cox-se-adjudica-en-el-ecuador-activos-----buscar-con-google_300_200.webp 300w, https:\/\/filesedc.com\/uploads\/image\/post\/2025\/06\/screenshot-2025-06-30-at-14-15-09-cox-se-adjudica-en-el-ecuador-activos-----buscar-con-google_630_420.webp 630w, https:\/\/filesedc.com\/uploads\/image\/post\/2025\/06\/screenshot-2025-06-30-at-14-15-09-cox-se-adjudica-en-el-ecuador-activos-----buscar-con-google_760_507.webp 760w, https:\/\/filesedc.com\/uploads\/image\/post\/2025\/06\/screenshot-2025-06-30-at-14-15-09-cox-se-adjudica-en-el-ecuador-activos-----buscar-con-google_1200_800.webp 1200w, https:\/\/filesedc.com\/uploads\/image\/post\/2025\/06\/screenshot-2025-06-30-at-14-15-09-cox-se-adjudica-en-el-ecuador-activos-----buscar-con-google_1600_1067.webp 1600w, \"><img decoding=\"async\" src=\"https:\/\/derechadiario.com.ar\/filesedc\/uploads\/image\/post\/2025\/06\/screenshot-2025-06-30-at-14-15-09-cox-se-adjudica-en-el-ecuador-activos-----buscar-con-google_1200_800.webp\" class=\"img-responsive lazyload\" alt=\"Personas reunidas en un evento financiero con pantallas grandes que muestran el logo de COX en un edificio elegante\" title=\"Personas reunidas en un evento financiero con pantallas grandes que muestran el logo de COX en un edificio elegante\"><\/picture>\n<div>\n<span class=\"img_footer\">La alianza con Cox <\/span>| <span class=\"img_author\">La Derecha Diario<\/span>\n<\/div>\n<\/div>\n<p>Enrique Riquelme, presidente de Cox, elogi\u00f3 el liderazgo de Noboa y su equipo por facilitar un entorno que atrae <strong>inversi\u00f3n tecnol\u00f3gica<\/strong> y fomenta la colaboraci\u00f3n p\u00fablico-privada. La ministra de Energ\u00eda, In\u00e9s Manzano, resalt\u00f3 que \u201cla confianza en Cox aporta capital y conocimiento que colocan al pa\u00eds a la vanguardia de la regi\u00f3n\u201d, destacando tambi\u00e9n que el modelo adoptado podr\u00eda replicarse en otras iniciativas energ\u00e9ticas.<\/p>\n<p>Con esta iniciativa, <strong>Ecuador refuerza su rol como referente regional en transici\u00f3n energ\u00e9tica<\/strong>, gracias a una gesti\u00f3n ejecutiva que promueve inversi\u00f3n extranjera, empleo y <a href=\"https:\/\/derechadiario.com.ar\/ecuador\/politica\/union-europea-descarto-fraude-elecciones-y-desmintio-luisa-gonzalez\" title=\"La Uni\u00f3n Europea descart\u00f3 fraude en elecciones y desminti\u00f3 a Luisa Gonz\u00e1lez\">desarrollo sostenible<\/a>. El liderazgo de Noboa ha sido clave para abrir un nuevo cap\u00edtulo en la infraestructura verde del pa\u00eds, posicion\u00e1ndolo como un actor comprometido con los objetivos clim\u00e1ticos internacionales.<\/p>\n<p>El acuerdo con Cox representa no solo una inversi\u00f3n econ\u00f3mica, sino una apuesta estrat\u00e9gica por un <strong>futuro m\u00e1s resiliente, competitivo y ambientalmente responsable<\/strong>.<\/p>\n","protected":false},"excerpt":{"rendered":"<p>El presidente Daniel Noboa consolid\u00f3 una alianza estrat\u00e9gica con la empresa Cox, que invertir\u00e1 m\u00e1s de 700 millones de d\u00f3lares en ocho concesiones solares en Ecuador. Este acuerdo fue firmado durante la Conferencia de la ONU sobre Financiaci\u00f3n para el Desarrollo en Sevilla, un evento clave donde se discutieron los retos globales en materia de [&hellip;]<\/p>\n","protected":false},"author":2,"featured_media":9453,"comment_status":"open","ping_status":"open","sticky":false,"template":"","format":"standard","meta":{"_et_pb_use_builder":"","_et_pb_old_content":"","_et_gb_content_width":"","footnotes":""},"categories":[84],"tags":[],"class_list":["post-9452","post","type-post","status-publish","format-standard","has-post-thumbnail","hentry","category-ultimomomento"],"_links":{"self":[{"href":"https:\/\/verdadincomodadiario.ar\/index.php?rest_route=\/wp\/v2\/posts\/9452","targetHints":{"allow":["GET"]}}],"collection":[{"href":"https:\/\/verdadincomodadiario.ar\/index.php?rest_route=\/wp\/v2\/posts"}],"about":[{"href":"https:\/\/verdadincomodadiario.ar\/index.php?rest_route=\/wp\/v2\/types\/post"}],"author":[{"embeddable":true,"href":"https:\/\/verdadincomodadiario.ar\/index.php?rest_route=\/wp\/v2\/users\/2"}],"replies":[{"embeddable":true,"href":"https:\/\/verdadincomodadiario.ar\/index.php?rest_route=%2Fwp%2Fv2%2Fcomments&post=9452"}],"version-history":[{"count":0,"href":"https:\/\/verdadincomodadiario.ar\/index.php?rest_route=\/wp\/v2\/posts\/9452\/revisions"}],"wp:featuredmedia":[{"embeddable":true,"href":"https:\/\/verdadincomodadiario.ar\/index.php?rest_route=\/wp\/v2\/media\/9453"}],"wp:attachment":[{"href":"https:\/\/verdadincomodadiario.ar\/index.php?rest_route=%2Fwp%2Fv2%2Fmedia&parent=9452"}],"wp:term":[{"taxonomy":"category","embeddable":true,"href":"https:\/\/verdadincomodadiario.ar\/index.php?rest_route=%2Fwp%2Fv2%2Fcategories&post=9452"},{"taxonomy":"post_tag","embeddable":true,"href":"https:\/\/verdadincomodadiario.ar\/index.php?rest_route=%2Fwp%2Fv2%2Ftags&post=9452"}],"curies":[{"name":"wp","href":"https:\/\/api.w.org\/{rel}","templated":true}]}}