{"id":9450,"date":"2025-07-01T00:32:17","date_gmt":"2025-07-01T00:32:17","guid":{"rendered":"https:\/\/verdadincomodadiario.ar\/?p=9450"},"modified":"2025-07-01T00:32:17","modified_gmt":"2025-07-01T00:32:17","slug":"el-gobierno-nego-rumores-de-negociacion-con-fito-tras-su-captura-en-manabi","status":"publish","type":"post","link":"https:\/\/verdadincomodadiario.ar\/?p=9450","title":{"rendered":"El Gobierno neg\u00f3 rumores de negociaci\u00f3n con &#8216;Fito&#8217; tras su captura en Manab\u00ed"},"content":{"rendered":"<p>La vocera del Ejecutivo, Carolina Jaramillo, <strong>rechaz\u00f3 categ\u00f3ricamente<\/strong> los rumores difundidos por un medio colombiano sobre una supuesta negociaci\u00f3n con alias \u2018Fito\u2019. Durante una rueda de prensa este 30 de junio de 2025, declar\u00f3 que <strong>\u201ceste Gobierno no negocia con delincuentes, los persigue y los atrapa\u201d<\/strong>.<\/p>\n<p>La captura de Jos\u00e9 Adolfo Mac\u00edas en Manta el pasado 25 de junio <a href=\"https:\/\/derechadiario.com.ar\/ecuador\/politica\/consejo-evalua-patrimonios-para-blindar-eleccion-del-nuevo-fiscal\" title=\"El Consejo eval\u00faa patrimonios para blindar la elecci\u00f3n del nuevo fiscal\"><strong>represent\u00f3 un duro golpe<\/strong><\/a> al crimen organizado. Su traslado a Guayaquil marc\u00f3 el \u00e9xito del Operativo Centinela, que ha permitido la aprehensi\u00f3n de 9 de los 19 criminales m\u00e1s buscados en el pa\u00eds.<\/p>\n<p>Consultada por los medios, Jaramillo evit\u00f3 extenderse sobre el tema, se\u00f1alando que <strong>no es adecuado perder tiempo en rumores infundados<\/strong>. Recalc\u00f3 que tales afirmaciones carecen de fundamento y que ya han sido desmentidas tambi\u00e9n por el ministro del Interior, John Reimberg.<\/p>\n<div class=\"inter_image image_horizontal\">\n<picture><source class=\"img-responsive\" type=\"image\/webp\" data-srcset=\"https:\/\/filesedc.com\/uploads\/image\/post\/2025\/06\/screenshot-2025-06-30-at-16-36-58-este-gobierno-no-negocia-con-delincuentes-los-persigue-y-los-atrapa-dice-la-vocera-del-ejecutivo-sobre-fito_300_200.webp 300w, https:\/\/filesedc.com\/uploads\/image\/post\/2025\/06\/screenshot-2025-06-30-at-16-36-58-este-gobierno-no-negocia-con-delincuentes-los-persigue-y-los-atrapa-dice-la-vocera-del-ejecutivo-sobre-fito_630_420.webp 630w, https:\/\/filesedc.com\/uploads\/image\/post\/2025\/06\/screenshot-2025-06-30-at-16-36-58-este-gobierno-no-negocia-con-delincuentes-los-persigue-y-los-atrapa-dice-la-vocera-del-ejecutivo-sobre-fito_760_507.webp 760w, https:\/\/filesedc.com\/uploads\/image\/post\/2025\/06\/screenshot-2025-06-30-at-16-36-58-este-gobierno-no-negocia-con-delincuentes-los-persigue-y-los-atrapa-dice-la-vocera-del-ejecutivo-sobre-fito_1200_800.webp 1200w, https:\/\/filesedc.com\/uploads\/image\/post\/2025\/06\/screenshot-2025-06-30-at-16-36-58-este-gobierno-no-negocia-con-delincuentes-los-persigue-y-los-atrapa-dice-la-vocera-del-ejecutivo-sobre-fito_1600_1067.webp 1600w, \"><img decoding=\"async\" src=\"https:\/\/derechadiario.com.ar\/filesedc\/uploads\/image\/post\/2025\/06\/screenshot-2025-06-30-at-16-36-58-este-gobierno-no-negocia-con-delincuentes-los-persigue-y-los-atrapa-dice-la-vocera-del-ejecutivo-sobre-fito_1200_800.webp\" class=\"img-responsive lazyload\" alt=\"Un grupo de agentes escolta a un hombre esposado en la pista de un aeropuerto frente a un avi\u00f3n\" title=\"Un grupo de agentes escolta a un hombre esposado en la pista de un aeropuerto frente a un avi\u00f3n\"><\/picture>\n<div>\n<span class=\"img_footer\">Fito <\/span>| <span class=\"img_author\">La Derecha Diario<\/span>\n<\/div>\n<\/div>\n<p>La vocera indic\u00f3 que el siguiente paso ser\u00e1 concretar la <strong>extradici\u00f3n de alias \u2018Fito\u2019 a Estados Unidos<\/strong>. Aunque no se detall\u00f3 una fecha precisa, esta acci\u00f3n reflejar\u00e1 la determinaci\u00f3n de la actual administraci\u00f3n en colaborar internacionalmente contra el crimen transnacional.<\/p>\n<p><strong>La estrategia de seguridad liderada por la actual administraci\u00f3n ha devuelto la confianza a la ciudadan\u00eda<\/strong>. A trav\u00e9s de inteligencia, an\u00e1lisis financiero y despliegue conjunto de fuerzas, Ecuador ha comenzado a debilitar estructuras criminales antes intocables.<\/p>\n<p>Con operativos como Centinela y un mensaje firme desde el Ejecutivo, se evidencia un cambio de rumbo en la gesti\u00f3n del orden p\u00fablico. <strong>La transparencia y la acci\u00f3n frontal marcan <a href=\"https:\/\/derechadiario.com.ar\/ecuador\/politica\/union-europea-descarto-fraude-elecciones-y-desmintio-luisa-gonzalez\" title=\"La Uni\u00f3n Europea descart\u00f3 fraude en elecciones y desminti\u00f3 a Luisa Gonz\u00e1lez\">la diferencia respecto a gestiones<\/a> anteriores que fueron criticadas por su permisividad<\/strong>.<\/p>\n<p>La contundente respuesta del Gobierno ante los rumores confirma su <strong>compromiso con la verdad, la justicia y la seguridad nacional<\/strong>. Alias \u2018Fito\u2019 no solo ha sido capturado, sino que su proceso de extradici\u00f3n ya est\u00e1 en marcha, demostrando que <strong>la lucha contra el crimen en Ecuador avanza con decisi\u00f3n<\/strong>.<\/p>\n","protected":false},"excerpt":{"rendered":"<p>La vocera del Ejecutivo, Carolina Jaramillo, rechaz\u00f3 categ\u00f3ricamente los rumores difundidos por un medio colombiano sobre una supuesta negociaci\u00f3n con alias \u2018Fito\u2019. Durante una rueda de prensa este 30 de junio de 2025, declar\u00f3 que \u201ceste Gobierno no negocia con delincuentes, los persigue y los atrapa\u201d. La captura de Jos\u00e9 Adolfo Mac\u00edas en Manta el [&hellip;]<\/p>\n","protected":false},"author":2,"featured_media":9451,"comment_status":"open","ping_status":"open","sticky":false,"template":"","format":"standard","meta":{"_et_pb_use_builder":"","_et_pb_old_content":"","_et_gb_content_width":"","footnotes":""},"categories":[84],"tags":[],"class_list":["post-9450","post","type-post","status-publish","format-standard","has-post-thumbnail","hentry","category-ultimomomento"],"_links":{"self":[{"href":"https:\/\/verdadincomodadiario.ar\/index.php?rest_route=\/wp\/v2\/posts\/9450","targetHints":{"allow":["GET"]}}],"collection":[{"href":"https:\/\/verdadincomodadiario.ar\/index.php?rest_route=\/wp\/v2\/posts"}],"about":[{"href":"https:\/\/verdadincomodadiario.ar\/index.php?rest_route=\/wp\/v2\/types\/post"}],"author":[{"embeddable":true,"href":"https:\/\/verdadincomodadiario.ar\/index.php?rest_route=\/wp\/v2\/users\/2"}],"replies":[{"embeddable":true,"href":"https:\/\/verdadincomodadiario.ar\/index.php?rest_route=%2Fwp%2Fv2%2Fcomments&post=9450"}],"version-history":[{"count":0,"href":"https:\/\/verdadincomodadiario.ar\/index.php?rest_route=\/wp\/v2\/posts\/9450\/revisions"}],"wp:featuredmedia":[{"embeddable":true,"href":"https:\/\/verdadincomodadiario.ar\/index.php?rest_route=\/wp\/v2\/media\/9451"}],"wp:attachment":[{"href":"https:\/\/verdadincomodadiario.ar\/index.php?rest_route=%2Fwp%2Fv2%2Fmedia&parent=9450"}],"wp:term":[{"taxonomy":"category","embeddable":true,"href":"https:\/\/verdadincomodadiario.ar\/index.php?rest_route=%2Fwp%2Fv2%2Fcategories&post=9450"},{"taxonomy":"post_tag","embeddable":true,"href":"https:\/\/verdadincomodadiario.ar\/index.php?rest_route=%2Fwp%2Fv2%2Ftags&post=9450"}],"curies":[{"name":"wp","href":"https:\/\/api.w.org\/{rel}","templated":true}]}}