{"id":9446,"date":"2025-07-01T00:32:19","date_gmt":"2025-07-01T00:32:19","guid":{"rendered":"https:\/\/verdadincomodadiario.ar\/?p=9446"},"modified":"2025-07-01T00:32:19","modified_gmt":"2025-07-01T00:32:19","slug":"ofreceran-reparaciones-a-docentes-que-violaron-la-laicidad-amparandose-en-la-libertad","status":"publish","type":"post","link":"https:\/\/verdadincomodadiario.ar\/?p=9446","title":{"rendered":"Ofrecer\u00e1n reparaciones a docentes que violaron la laicidad ampar\u00e1ndose en la libertad"},"content":{"rendered":"<h1>Libertad sindical, laicidad y seguridad en Uruguay<\/h1>\n<p>En julio de 2023, el Comit\u00e9 de Libertad Sindical de la Organizaci\u00f3n Internacional del Trabajo (OIT) dictamin\u00f3 que se vulner\u00f3 la libertad sindical de docentes del Liceo N.\u00ba\u202f1 de San Jos\u00e9. El organismo internacional puntualiz\u00f3 que <strong>la libertad sindical implica tambi\u00e9n el derecho a expresarse sobre asuntos econ\u00f3micos y sociales, incluso dentro del entorno laboral<\/strong>.<\/p>\n<p>En abril y mayo de 2025, la Justicia emiti\u00f3 dos sentencias que condenaron a la Administraci\u00f3n Nacional de Educaci\u00f3n P\u00fablica (ANEP) por <strong>&#8220;accionar abusivo&#8221;<\/strong> contra dos profesoras sindicalistas, debiendo pagar indemnizaciones de 18.000 d\u00f3lares a una docente y 7.000 d\u00f3lares a otra. En total, ocho docentes iniciaron juicios contra la ANEP.<\/p>\n<p>Hoy, lunes 30 de junio a las 16:00 horas, en la Casa del Maestro de San Jos\u00e9 se realizar\u00e1 una asamblea en donde, parad\u00f3jicamente, se ofrecer\u00e1n reparaciones a docentes que fueron sancionados por haber militado dentro de un liceo contra el plebiscito Vivir sin Miedo de 2019.<\/p>\n<p>La actividad, bajo la consigna <strong>&#8220;Es momento de levantar las sanciones a nuestros compa\u00f1eros perseguidos&#8221;<\/strong>, fue convocada por la Federaci\u00f3n Nacional de Profesores de Educaci\u00f3n Secundaria (Fenapes), la Asociaci\u00f3n de Profesores de San Jos\u00e9 (APSJ), la Coordinadora de Sindicatos de la Ense\u00f1anza del Uruguay (CSEU) y el PIT-CNT.<\/p>\n<div class=\"inter_image image_horizontal\">\n<picture><source class=\"img-responsive\" type=\"image\/webp\" data-srcset=\"https:\/\/filesedc.com\/uploads\/image\/post\/2025\/07\/img-20250630-wa0036_300_200.webp 300w, https:\/\/filesedc.com\/uploads\/image\/post\/2025\/07\/img-20250630-wa0036_630_420.webp 630w, https:\/\/filesedc.com\/uploads\/image\/post\/2025\/07\/img-20250630-wa0036_760_507.webp 760w, https:\/\/filesedc.com\/uploads\/image\/post\/2025\/07\/img-20250630-wa0036_1200_800.webp 1200w, https:\/\/filesedc.com\/uploads\/image\/post\/2025\/07\/img-20250630-wa0036_1600_1067.webp 1600w, \"><img decoding=\"async\" src=\"https:\/\/derechadiario.com.ar\/filesedc\/uploads\/image\/post\/2025\/07\/img-20250630-wa0036_1200_800.webp\" class=\"img-responsive lazyload\" alt=\"Persona sosteniendo un cartel en una manifestaci\u00f3n que dice no a la persecuci\u00f3n sindical no a la caza de brujas rodeada de otras personas con barbijos\" title=\"Persona sosteniendo un cartel en una manifestaci\u00f3n que dice no a la persecuci\u00f3n sindical no a la caza de brujas rodeada de otras personas con barbijos\"><\/picture>\n<div>\n<span class=\"img_footer\">Marcha sindical. <\/span>| <span class=\"img_author\">Redacci\u00f3n<\/span>\n<\/div>\n<\/div>\n<p><strong>Cuando el derecho a expresarse se convierte en v\u00eda libre para el proselitismo en la educaci\u00f3n p\u00fablica<\/strong><\/p>\n<p>Quiz\u00e1s tambi\u00e9n te interese <a href=\"https:\/\/derechadiario.com.ar\/uruguay\/politica\/mujica-delato-sus-companeros-y-colaboro-con-los-militares-1972\">esta cr\u00f3nica sobre un episodio hist\u00f3rico relacionado con figuras controvertidas<\/a>.<\/p>\n<p>La Organizaci\u00f3n Internacional del Trabajo solicit\u00f3 al Estado uruguayo garantizar el equilibrio entre la neutralidad pol\u00edtica y el derecho a la libertad sindical.<\/p>\n<p><strong>Sin embargo, como se trata de uno de los m\u00faltiples tent\u00e1culos de la nueva izquierda global<\/strong>, una vez m\u00e1s, la balanza se ha inclinado hacia la izquierda, favoreciendo a aquellos que primero son militantes pol\u00edticos y despu\u00e9s, docentes.<\/p>\n<p>La laicidad en Uruguay intenta garantizar la neutralidad del Estado en asuntos religiosos, ideol\u00f3gicos y pol\u00edticos, especialmente en la esfera p\u00fablica, como la educaci\u00f3n.<\/p>\n<figure><img decoding=\"async\" src=\"https:\/\/derechadiario.com.ar\/filesedc\/uploads\/image\/post\/2025\/07\/img-20250630-wa0032_1200_800.webp\" class=\"img-responsive lazyload\" alt=\"Varias personas sentadas alrededor de una mesa de madera en una reuni\u00f3n en una oficina del Ministerio de Trabajo y Seguridad Social\" title=\"Varias personas sentadas alrededor de una mesa de madera en una reuni\u00f3n en una oficina del Ministerio de Trabajo y Seguridad Social\"><\/figure>\n<p>El art\u00edculo 58 de la Constituci\u00f3n establece que <strong>\u201clos funcionarios est\u00e1n al servicio de la Naci\u00f3n y no de una fracci\u00f3n pol\u00edtica\u201d<\/strong>. Asimismo, <strong>\u201cen los lugares y las horas de trabajo, queda prohibida toda actividad ajena a la funci\u00f3n\u201d<\/strong> y, luego agrega, <strong>\u201creput\u00e1ndose il\u00edcita la dirigida a fines de proselitismo de cualquier especie\u201d<\/strong>.<\/p>\n<p>No son docentes, son militantes.<\/p>\n<p>Quiz\u00e1s tambi\u00e9n te interese <a href=\"https:\/\/derechadiario.com.ar\/uruguay\/opinion\/asi-luce-socialdemocracia\">este an\u00e1lisis sobre dise\u00f1o urbano en contextos europeos<\/a>.<\/p>\n<p>Los 15 docentes y el auxiliar del Liceo N.\u00ba 1 de San Jos\u00e9 violaron la laicidad en 2021. Se tomaron fotograf\u00edas con carteles contra la reforma dentro y fuera del liceo, lo cual constituy\u00f3 un claro caso de proselitismo. La administraci\u00f3n del CES, bajo el gobierno pasado, interpret\u00f3 acertadamente que estas acciones fueron una grave infracci\u00f3n al principio de laicidad.<\/p>\n","protected":false},"excerpt":{"rendered":"<p>Libertad sindical, laicidad y seguridad en Uruguay En julio de 2023, el Comit\u00e9 de Libertad Sindical de la Organizaci\u00f3n Internacional del Trabajo (OIT) dictamin\u00f3 que se vulner\u00f3 la libertad sindical de docentes del Liceo N.\u00ba\u202f1 de San Jos\u00e9. El organismo internacional puntualiz\u00f3 que la libertad sindical implica tambi\u00e9n el derecho a expresarse sobre asuntos econ\u00f3micos [&hellip;]<\/p>\n","protected":false},"author":2,"featured_media":9447,"comment_status":"open","ping_status":"open","sticky":false,"template":"","format":"standard","meta":{"_et_pb_use_builder":"","_et_pb_old_content":"","_et_gb_content_width":"","footnotes":""},"categories":[84],"tags":[],"class_list":["post-9446","post","type-post","status-publish","format-standard","has-post-thumbnail","hentry","category-ultimomomento"],"_links":{"self":[{"href":"https:\/\/verdadincomodadiario.ar\/index.php?rest_route=\/wp\/v2\/posts\/9446","targetHints":{"allow":["GET"]}}],"collection":[{"href":"https:\/\/verdadincomodadiario.ar\/index.php?rest_route=\/wp\/v2\/posts"}],"about":[{"href":"https:\/\/verdadincomodadiario.ar\/index.php?rest_route=\/wp\/v2\/types\/post"}],"author":[{"embeddable":true,"href":"https:\/\/verdadincomodadiario.ar\/index.php?rest_route=\/wp\/v2\/users\/2"}],"replies":[{"embeddable":true,"href":"https:\/\/verdadincomodadiario.ar\/index.php?rest_route=%2Fwp%2Fv2%2Fcomments&post=9446"}],"version-history":[{"count":0,"href":"https:\/\/verdadincomodadiario.ar\/index.php?rest_route=\/wp\/v2\/posts\/9446\/revisions"}],"wp:featuredmedia":[{"embeddable":true,"href":"https:\/\/verdadincomodadiario.ar\/index.php?rest_route=\/wp\/v2\/media\/9447"}],"wp:attachment":[{"href":"https:\/\/verdadincomodadiario.ar\/index.php?rest_route=%2Fwp%2Fv2%2Fmedia&parent=9446"}],"wp:term":[{"taxonomy":"category","embeddable":true,"href":"https:\/\/verdadincomodadiario.ar\/index.php?rest_route=%2Fwp%2Fv2%2Fcategories&post=9446"},{"taxonomy":"post_tag","embeddable":true,"href":"https:\/\/verdadincomodadiario.ar\/index.php?rest_route=%2Fwp%2Fv2%2Ftags&post=9446"}],"curies":[{"name":"wp","href":"https:\/\/api.w.org\/{rel}","templated":true}]}}