{"id":9428,"date":"2025-06-30T22:31:57","date_gmt":"2025-06-30T22:31:57","guid":{"rendered":"https:\/\/verdadincomodadiario.ar\/?p=9428"},"modified":"2025-06-30T22:31:57","modified_gmt":"2025-06-30T22:31:57","slug":"cordoba-sentencia-para-banda-acusada-de-estafar-con-tarjetas-y-documentos-falsos","status":"publish","type":"post","link":"https:\/\/verdadincomodadiario.ar\/?p=9428","title":{"rendered":"C\u00f3rdoba: sentencia para banda acusada de estafar con tarjetas y documentos falsos"},"content":{"rendered":"<p>El pr\u00f3ximo mi\u00e9rcoles 2 de julio\u00a0se conocer\u00e1 el veredicto en un <strong>caso de estafas que sacudi\u00f3 al \u00e1mbito financiero cordob\u00e9s<\/strong>. La investigaci\u00f3n apunta a una <strong>organizaci\u00f3n que habr\u00eda generado consumos fraudulentos con tarjetas obtenidas de forma irregular.<\/strong> El monto total del perjuicio econ\u00f3mico denunciado supera los 33 millones de pesos.<\/p>\n<p><strong>La causa involucra a 22 acusados<\/strong>\u00a0 que habr\u00edan actuado como parte de una asociaci\u00f3n il\u00edcita estructurada para cometer estafas sistem\u00e1ticas. El expediente describe maniobras como la <strong>emisi\u00f3n de tarjetas con datos falsos y compras en locales sin actividad real.<\/strong> Entre los afectados se encuentran particulares y figuras p\u00fablicas, como el intendente <a href=\"https:\/\/derechadiario.com.ar\/politica\/passerini-quiere-achicar-ciudad-cordoba-con-nuevo-codigo-urbanistico\" title=\"Passerini quiere limitar la ciudad de C\u00f3rdoba con un nuevo c\u00f3digo urban\u00edstico\">Daniel Passerini<\/a>.<\/p>\n<p><strong>En 2021, <a href=\"https:\/\/derechadiario.com.ar\/politica\/passerini-quiere-achicar-ciudad-cordoba-con-nuevo-codigo-urbanistico\" title=\"Passerini quiere limitar la ciudad de C\u00f3rdoba con un nuevo c\u00f3digo urban\u00edstico\">Passerini<\/a> denunci\u00f3 haber sido v\u00edctima tras recibir una intimaci\u00f3n por una deuda de una tarjeta que jam\u00e1s hab\u00eda solicitado ni utilizado<\/strong>. Seg\u00fan indic\u00f3, el documento presentaba su nombre y DNI, pero no coincid\u00eda ni la direcci\u00f3n ni la fotograf\u00eda del supuesto titular. \u201cLo que menos quer\u00eda era figurar como moroso por una deuda que no contraje\u201d, declar\u00f3.<\/p>\n<div class=\"inter_image image_horizontal\">\n<picture><source class=\"img-responsive\" type=\"image\/webp\" data-srcset=\"https:\/\/filesedc.com\/uploads\/image\/post\/2025\/06\/captura-de-pantalla-2025-06-30-163730_300_200.webp 300w, https:\/\/filesedc.com\/uploads\/image\/post\/2025\/06\/captura-de-pantalla-2025-06-30-163730_630_420.webp 630w, https:\/\/filesedc.com\/uploads\/image\/post\/2025\/06\/captura-de-pantalla-2025-06-30-163730_760_507.webp 760w, https:\/\/filesedc.com\/uploads\/image\/post\/2025\/06\/captura-de-pantalla-2025-06-30-163730_1200_800.webp 1200w, https:\/\/filesedc.com\/uploads\/image\/post\/2025\/06\/captura-de-pantalla-2025-06-30-163730_1600_1067.webp 1600w, \"><img decoding=\"async\" src=\"https:\/\/derechadiario.com.ar\/filesedc\/uploads\/image\/post\/2025\/06\/captura-de-pantalla-2025-06-30-163730_1200_800.webp\" class=\"img-responsive lazyload\" alt=\"Hombre de cabello canoso y corto vistiendo saco azul y camisa clara mirando hacia un lado en un entorno de estudio o set de televisi\u00f3n\" title=\"Hombre de cabello canoso y corto vistiendo saco azul y camisa clara mirando hacia un lado en un entorno de estudio o set de televisi\u00f3n\"><\/picture>\n<div>\n<span class=\"img_footer\">Daniel Passerini, intendente de C\u00f3rdoba y estafado por la banda acusada  <\/span>| <span class=\"img_author\">La Derecha Diario<\/span>\n<\/div>\n<\/div>\n<h2>Red de v\u00ednculos y tareas compartidas<\/h2>\n<p><strong>Entre los imputados aparecen empleados<\/strong> que habr\u00edan actuado desde dentro de la empresa emisora para facilitar datos y acceso a tarjetas. Se les atribuye haber aportado claves, fotos y domicilios falsos para que terceros generaran consumos en locales simulados. <strong>Tambi\u00e9n est\u00e1 acusado un cartero que habr\u00eda entregado tarjetas a personas no autorizadas.<\/strong><\/p>\n<aside class=\"are-you-interested-container-photo\"><\/aside>\n<p><strong>La n\u00f3mina de involucrados incluye a personas vinculadas por lazos familiares, laborales o afectivos con los principales organizadores<\/strong>. Entre ellos figuran exempleados de la firma afectada, parejas, hermanos y conocidos que habr\u00edan colaborado en distintas instancias de la maniobra. En algunos casos, incluso aportaron domicilios o cuentas para desviar los fondos.<\/p>\n<p><strong>Los tres principales acusados fueron identificados como jefes de la banda y enfrentan cargos por asociaci\u00f3n il\u00edcita y uso de tarjetas fraudulentas.<\/strong> Adem\u00e1s, se les imputa la falsificaci\u00f3n reiterada de documentos equiparables a moneda, lo que agrava su situaci\u00f3n procesal. Uno de ellos no acept\u00f3 acuerdo y ser\u00e1 el \u00fanico que enfrentar\u00e1 sentencia plena sin abreviado.<\/p>\n<figure><img decoding=\"async\" src=\"https:\/\/derechadiario.com.ar\/filesedc\/uploads\/image\/post\/2025\/06\/captura-de-pantalla-2025-06-30-164015_1200_800.webp\" class=\"img-responsive lazyload\" alt=\"Hombre calvo con barba corta vistiendo traje azul y corbata, posando en un entorno profesional desenfocado.\" title=\"Hombre calvo con barba corta vistiendo traje azul y corbata, posando en un entorno profesional desenfocado.\"><\/figure>\n<h2>Acuerdos, pagos y penas propuestas<\/h2>\n<p>Durante el proceso, el fiscal de c\u00e1mara <strong>Gustavo Arocena<\/strong> gestion\u00f3 acuerdos abreviados con la mayor\u00eda de los imputados. Varios ofrecieron \u00a0<strong>resarcimientos millonarios como parte del entendimiento<\/strong>, incluyendo pagos de 1,5 y hasta 12 millones de pesos. Solo dos personas, entre ellas uno de los jefes, no accedieron a esa v\u00eda procesal.<\/p>\n<p><strong>Las penas solicitadas oscilan entre los tres y los ocho a\u00f1os y medio de prisi\u00f3n<\/strong>, seg\u00fan el grado de participaci\u00f3n de cada imputado. <strong>A los principales organizadores se les pidieron condenas de entre cinco y ocho a\u00f1os<\/strong>, adem\u00e1s de multas econ\u00f3micas y decomiso de bienes. <strong>El resto enfrenta penas menores<\/strong>, algunas de cumplimiento efectivo y otras en suspenso.<\/p>\n<aside class=\"whatsappChannelText\"><a href=\"https:\/\/whatsapp.com\/channel\/0029VagEjILGE56eKjedWF2U\" rel=\"nofollow\" title=\"WhatsApp Link\"><img alt=\"Logo de WhatsApp\" class=\"lazyload\" data-src=\"https:\/\/derechadiario.com.ar\/filesedc\/uploads\/other\/whatsapp_icon_mid_article.png\" width=\"32\" height=\"32\"><\/a> <a href=\"https:\/\/whatsapp.com\/channel\/0029VagEjILGE56eKjedWF2U\" rel=\"nofollow\" title=\"WhatsApp Link\"><strong>NO SE PIERDAN NINGUNA NOTICIA<\/strong>: Click aqu\u00ed para sumarte <strong>GRATIS<\/strong> al canal de noticias de <strong>La Derecha Diario en WhatsApp.<\/strong><\/a><\/aside>\n<p>El pr\u00f3ximo mi\u00e9rcoles, el vocal Mario Centeno tendr\u00e1 a su cargo la lectura del fallo en la C\u00e1mara 10\u00aa del Crimen de C\u00f3rdoba. <strong>Ese d\u00eda tambi\u00e9n se escuchar\u00e1 la \u00faltima palabra de los imputados que no accedieron a acuerdos de juicio abreviado<\/strong>. Se prev\u00e9 que el veredicto cierre un expediente complejo y extenso, tramitado desde hace varios a\u00f1os.<\/p>\n","protected":false},"excerpt":{"rendered":"<p>El pr\u00f3ximo mi\u00e9rcoles 2 de julio\u00a0se conocer\u00e1 el veredicto en un caso de estafas que sacudi\u00f3 al \u00e1mbito financiero cordob\u00e9s. La investigaci\u00f3n apunta a una organizaci\u00f3n que habr\u00eda generado consumos fraudulentos con tarjetas obtenidas de forma irregular. El monto total del perjuicio econ\u00f3mico denunciado supera los 33 millones de pesos. La causa involucra a 22 [&hellip;]<\/p>\n","protected":false},"author":2,"featured_media":9429,"comment_status":"open","ping_status":"open","sticky":false,"template":"","format":"standard","meta":{"_et_pb_use_builder":"","_et_pb_old_content":"","_et_gb_content_width":"","footnotes":""},"categories":[84],"tags":[],"class_list":["post-9428","post","type-post","status-publish","format-standard","has-post-thumbnail","hentry","category-ultimomomento"],"_links":{"self":[{"href":"https:\/\/verdadincomodadiario.ar\/index.php?rest_route=\/wp\/v2\/posts\/9428","targetHints":{"allow":["GET"]}}],"collection":[{"href":"https:\/\/verdadincomodadiario.ar\/index.php?rest_route=\/wp\/v2\/posts"}],"about":[{"href":"https:\/\/verdadincomodadiario.ar\/index.php?rest_route=\/wp\/v2\/types\/post"}],"author":[{"embeddable":true,"href":"https:\/\/verdadincomodadiario.ar\/index.php?rest_route=\/wp\/v2\/users\/2"}],"replies":[{"embeddable":true,"href":"https:\/\/verdadincomodadiario.ar\/index.php?rest_route=%2Fwp%2Fv2%2Fcomments&post=9428"}],"version-history":[{"count":0,"href":"https:\/\/verdadincomodadiario.ar\/index.php?rest_route=\/wp\/v2\/posts\/9428\/revisions"}],"wp:featuredmedia":[{"embeddable":true,"href":"https:\/\/verdadincomodadiario.ar\/index.php?rest_route=\/wp\/v2\/media\/9429"}],"wp:attachment":[{"href":"https:\/\/verdadincomodadiario.ar\/index.php?rest_route=%2Fwp%2Fv2%2Fmedia&parent=9428"}],"wp:term":[{"taxonomy":"category","embeddable":true,"href":"https:\/\/verdadincomodadiario.ar\/index.php?rest_route=%2Fwp%2Fv2%2Fcategories&post=9428"},{"taxonomy":"post_tag","embeddable":true,"href":"https:\/\/verdadincomodadiario.ar\/index.php?rest_route=%2Fwp%2Fv2%2Ftags&post=9428"}],"curies":[{"name":"wp","href":"https:\/\/api.w.org\/{rel}","templated":true}]}}